{"id":8053,"date":"2020-01-02T17:26:34","date_gmt":"2020-01-02T16:26:34","guid":{"rendered":"https:\/\/www.eventi-fiere.it\/blog\/?p=8053"},"modified":"2019-12-12T16:15:47","modified_gmt":"2019-12-12T15:15:47","slug":"taste","status":"publish","type":"post","link":"https:\/\/www.eventi-fiere.it\/blog\/taste\/","title":{"rendered":"TASTE 2020: sapori al Pitti"},"content":{"rendered":"\n<p>Torna l&#8217;<a href=\"https:\/\/www.pittimmagine.com\/en\/corporate\/fairs\/taste.html\" target=\"_blank\" rel=\"noreferrer noopener\" aria-label=\"evento di Pitti (si apre in una nuova scheda)\">evento di Pitti<\/a> Immagine dedicato alle <strong>eccellenze del gusto e alla food culture<\/strong> contemporanea: Taste 2020.<\/p>\n\n\n\n<p>Atterrer\u00e0 presso la Stazione Leopolda di Firenze la 15^ edizione del festival Taste 2020, un calendario ricco di eventi che si terr\u00e0 nei giorni 7-8-9 Marzo 2020.<\/p>\n\n\n\n<h2><span class=\"ez-toc-section\" id=\"Cose_Taste\"><\/span>Cos&#8217;\u00e8 Taste?<span class=\"ez-toc-section-end\"><\/span><\/h2><div id=\"ez-toc-container\" class=\"ez-toc-v2_0_27 ez-toc-wrap-right counter-hierarchy\">\n<div class=\"ez-toc-title-container\">\n<p class=\"ez-toc-title\">Contenuti<\/p>\n<span class=\"ez-toc-title-toggle\"><\/span><\/div>\n<nav><ul class=\"ez-toc-list ez-toc-list-level-1\"><li class=\"ez-toc-page-1 ez-toc-heading-level-2\"><a class=\"ez-toc-link ez-toc-heading-1\" href=\"https:\/\/www.eventi-fiere.it\/blog\/taste\/#Cose_Taste\" title=\"Cos&#8217;\u00e8 Taste?\">Cos&#8217;\u00e8 Taste?<\/a><\/li><li class=\"ez-toc-page-1 ez-toc-heading-level-2\"><a class=\"ez-toc-link ez-toc-heading-2\" href=\"https:\/\/www.eventi-fiere.it\/blog\/taste\/#Percorsi_di_intrattenimento_a_Taste_2020\" title=\"Percorsi di intrattenimento a Taste 2020\">Percorsi di intrattenimento a Taste 2020<\/a><\/li><li class=\"ez-toc-page-1 ez-toc-heading-level-2\"><a class=\"ez-toc-link ez-toc-heading-3\" href=\"https:\/\/www.eventi-fiere.it\/blog\/taste\/#Vale_la_pena_partecipare\" title=\"Vale la pena partecipare?\">Vale la pena partecipare?<\/a><\/li><li class=\"ez-toc-page-1 ez-toc-heading-level-2\"><a class=\"ez-toc-link ez-toc-heading-4\" href=\"https:\/\/www.eventi-fiere.it\/blog\/taste\/#Tutto_quello_di_cui_hai_bisogno%E2%80%A6\" title=\"Tutto quello di cui hai bisogno&#8230;\">Tutto quello di cui hai bisogno&#8230;<\/a><\/li><li class=\"ez-toc-page-1 ez-toc-heading-level-2\"><a class=\"ez-toc-link ez-toc-heading-5\" href=\"https:\/\/www.eventi-fiere.it\/blog\/taste\/#Informazioni_Utili\" title=\"Informazioni Utili \">Informazioni Utili <\/a><\/li><\/ul><\/nav><\/div>\n\n\n\n\n<p><strong><a rel=\"noreferrer noopener\" aria-label=\"Taste 2020 (si apre in una nuova scheda)\" href=\"https:\/\/www.eventi-fiere.it\/fiere\/taste\/\" target=\"_blank\">La fiera<\/a><\/strong> Taste 2020 \u00e8 un viaggio di sapori, assaggi e degustazioni dei prodotti presentati da circa 400 aziende in corridoi predisposti metodicamente in un giusto mix tra esperti senior e <em>ultimi atterrati<\/em>. Capta l&#8217;ispirazione momentanea ed intercetta le tendenze future in fatto di <strong>cibo e design<\/strong>.<\/p>\n\n\n\n<p><strong>La formula di Taste 2020 \u00e8 sempre la stessa, ma si rinnova negli espositori<\/strong>, <strong>nel tema portante e nello stile<\/strong>: la destinazione di Taste 2020 \u00e8 il <em>Pianeta Pane,<\/em> alimento&nbsp;principe sulle nostre tavole diffuso in tutto il mondo e in Italia, che diventa sempre pi\u00f9 gustoso e innovativo grazie all&#8217;utilizzo di un mix di ingredienti che lasciano ampio spazio alla fantasia.<\/p>\n\n\n\n<p>Ma non c\u2019\u00e8 solo la Leopolda: Pitti Immagine organizza FuoriDiTaste, un insieme di eventi ed esperienze che tra cibo, arte, design e moda che conquisteranno l\u2019intero capoluogo toscano.<br><\/p>\n\n\n\n<h2><span class=\"ez-toc-section\" id=\"Percorsi_di_intrattenimento_a_Taste_2020\"><\/span>Percorsi di intrattenimento a Taste 2020<span class=\"ez-toc-section-end\"><\/span><\/h2>\n\n\n\n<p>Nel tuo viaggio all&#8217;interno di  <strong>Taste 2020<\/strong> vedrai che sar\u00e0 possibile fare diverse esperienze tra <em>Taste Tour<\/em> che offre un percorso di degustazione di tutti i prodotti proposti dalle aziende che parteciperanno con i loro espositori, ci sar\u00e0 una parte dedicata allo shopping, nei <em>Taste Shop<\/em>, che avranno sede in Piazza Gae Aulenti, in cui potrai comprare tutti i prodotti che ti hanno colpito e che ti sono piaciuti di pi\u00f9. Ma non finisce qui, perch\u00e8 Taste 2020 ti offre l&#8217;opportunit\u00e0 di fare dei confronti e aprire dibattiti legati ai temi del cibo, tutto nella sezione del <em>Taste Ring.<\/em><\/p>\n\n\n\n<h2><span class=\"ez-toc-section\" id=\"Vale_la_pena_partecipare\"><\/span>Vale la pena partecipare?<span class=\"ez-toc-section-end\"><\/span><\/h2>\n\n\n\n<p><strong>Assolutamente si!<\/strong> Partecipare a Taste 2020 non ha solo una valenza commerciale; chiariamo: non sei l\u00ec per vendere o per diventare ricco! <\/p>\n\n\n\n<p>Questa fiera ti servir\u00e0 per cercare dei buyer, per <strong>consolidare il rapporto con i clienti<\/strong> gi\u00e0 affiliati o per accrescere la distribuzione del tuo prodotto all&#8217;estero o in Italia. Inoltre, partecipare \u00e8 <strong>un\u2019ottima opportunit\u00e0 per farti conoscere<\/strong> dai media, entrare in relazione con giornalisti e blogger davvero <em>influencer<\/em> nel food.<\/p>\n\n\n\n<p><strong>Non \u00e8 per\u00f2 tutto cos\u00ec semplice<\/strong>: prendere parte a eventi come Taste 2020, comporta un investimento dal punto di vista economico, delle risorse umane con personale preparato e appassionato al prodotto e di una pianificazione che possa risultare efficace.<\/p>\n\n\n\n<p>Ad un evento non puoi arrivare e appoggiare il prodotto sul banco in modo maldestro sperando che qualcuno, casualmente, possa notarlo. Tutto potrebbe essere pi\u00f9 semplice chiedendo sostegno a professionisti del settore.<\/p>\n\n\n\n<h2><span class=\"ez-toc-section\" id=\"Tutto_quello_di_cui_hai_bisogno%E2%80%A6\"><\/span>Tutto quello di cui hai bisogno&#8230;<span class=\"ez-toc-section-end\"><\/span><\/h2>\n\n\n\n<p>Quali servizi potrebbero essermi utili per organizzare il mio spazio all&#8217;interno della fiera Taste 2020? <\/p>\n\n\n\n<p>Innanzitutto per organizzare il tuo spazio \u00e8 utile un <a rel=\"noreferrer noopener\" aria-label=\" (si apre in una nuova scheda)\" href=\"https:\/\/www.eventi-fiere.it\/servizi\/allestimenti-per-fiera\/firenze\/\" target=\"_blank\">allestimento&nbsp;per&nbsp;fiera<\/a> con i migliori e moderni <a rel=\"noreferrer noopener\" aria-label=\" (si apre in una nuova scheda)\" href=\"https:\/\/www.eventi-fiere.it\/servizi\/arredamenti-per-fiere\/firenze\/\" target=\"_blank\">arredamenti per fiere<\/a> per creare un ambiente accogliente e interessante. Magari supportato da <a rel=\"noreferrer noopener\" aria-label=\" (si apre in una nuova scheda)\" href=\"https:\/\/www.eventi-fiere.it\/macro-servizi\/personale-per-eventi\/firenze\/\" target=\"_blank\">personale per eventi<\/a> qualificato e dinamico. Per comunicare nel migliori dei modi ma soprattutto in modo efficace e direttamente al tuo pubblico, \u00e8 utile avere un <a href=\"https:\/\/www.eventi-fiere.it\/servizi\/ufficio-stampa\/firenze\/\" target=\"_blank\" rel=\"noreferrer noopener\" aria-label=\" (si apre in una nuova scheda)\">ufficio stampa<\/a> dedicato e preparato. <\/p>\n\n\n\n<p>Per quanto riguarda la promozione della tua azienda, e quindi la promozione del tuo Brand e dei tuoi prodotti \u00e8 importante rivolgersi ai migliori fornitori sul territorio di <a rel=\"noreferrer noopener\" aria-label=\" (si apre in una nuova scheda)\" href=\"https:\/\/www.eventi-fiere.it\/servizi\/grafica-stampa-e-gadget\/firenze\/\" target=\"_blank\">grafica, stampa e gadget<\/a> e avere una rete di personale per la <a rel=\"noreferrer noopener\" aria-label=\" (si apre in una nuova scheda)\" href=\"https:\/\/www.eventi-fiere.it\/servizi\/distribuzione-di-volantini\/firenze\/\" target=\"_blank\">distribuzione di volantini<\/a>. Se poi troviamo i giusti <a href=\"https:\/\/www.eventi-fiere.it\/servizi\/blogger\/firenze\/\" target=\"_blank\" rel=\"noreferrer noopener\" aria-label=\" (si apre in una nuova scheda)\">blogger<\/a> che abbiano le potenzialit\u00e0 di arrivare direttamente ai nostri potenziali clienti sarebbe perfetto!<\/p>\n\n\n\n<p>Dopo tanto lavoro \u00e8 pure giusto un momento di meritato riposo. Trova i migliori servizi di <a rel=\"noreferrer noopener\" aria-label=\" (si apre in una nuova scheda)\" href=\"https:\/\/www.eventi-fiere.it\/macro-servizi\/accomodation\/firenze\/\" target=\"_blank\">accomodation<\/a> per soddisfare tutte le tue esigenze!<\/p>\n\n\n\n<h2><span class=\"ez-toc-section\" id=\"Informazioni_Utili\"><\/span>Informazioni Utili <span class=\"ez-toc-section-end\"><\/span><\/h2>\n\n\n\n<p>Vuoi conoscere gli orari di apertura? <\/p>\n\n\n\n<p>Sar\u00f2 possibile visitare la grande manifestazione Taste 2020 dal 7 al 9 marzo 2020: il 7 e l&#8217;8 marzo dalle 9.30 alle 19.30, solamente l&#8217;ultimo giorno: dalle 9.30 alle 16.30<br><br>Orario fissato<strong> per l&#8217;INGRESSO RISERVATO agli operatori del settore <\/strong><br>Sabato: dalle 9.30 alle 14.30. <br>Domenica: dalle 9.30 alle 14.30. <br>Luned\u00ec: dalle 9.30 alle 16.30.<br><br>Orario fissato<strong> per il Pubblico Generico:<\/strong><br>Sabato: dalle 14.30 alle 19.30<br>Domenica: dalle 14:30 alle 19:30<br>Luned\u00ec: dalle 9:30 alle 16:30<br><\/p>\n\n\n\n<p>Fai sapere ai tuoi amici dell&#8217;importanza di Taste 2020. Condividi l&#8217;articolo!<\/p>\n\n\n\n<p><strong>Un trampolino di lancio per te e per la tua azienda!<\/strong><\/p>\n","protected":false},"excerpt":{"rendered":"<p>Torna l&#8217;evento di Pitti Immagine dedicato alle eccellenze del gusto e alla food culture contemporanea: Taste 2020. Atterrer\u00e0 presso la Stazione Leopolda di Firenze la 15^ edizione del festival Taste<\/p>\n","protected":false},"author":52,"featured_media":8177,"comment_status":"closed","ping_status":"closed","sticky":false,"template":"","format":"standard","meta":[],"categories":[129,13,33,84],"tags":[13581,5357],"yst_prominent_words":[8173,12973,17448,17447,719,251,283,17489,17488,10705,17459,598,17453,2836,1315,318,912,633,8944,17445],"_links":{"self":[{"href":"https:\/\/www.eventi-fiere.it\/blog\/wp-json\/wp\/v2\/posts\/8053"}],"collection":[{"href":"https:\/\/www.eventi-fiere.it\/blog\/wp-json\/wp\/v2\/posts"}],"about":[{"href":"https:\/\/www.eventi-fiere.it\/blog\/wp-json\/wp\/v2\/types\/post"}],"author":[{"embeddable":true,"href":"https:\/\/www.eventi-fiere.it\/blog\/wp-json\/wp\/v2\/users\/52"}],"replies":[{"embeddable":true,"href":"https:\/\/www.eventi-fiere.it\/blog\/wp-json\/wp\/v2\/comments?post=8053"}],"version-history":[{"count":16,"href":"https:\/\/www.eventi-fiere.it\/blog\/wp-json\/wp\/v2\/posts\/8053\/revisions"}],"predecessor-version":[{"id":15992,"href":"https:\/\/www.eventi-fiere.it\/blog\/wp-json\/wp\/v2\/posts\/8053\/revisions\/15992"}],"wp:featuredmedia":[{"embeddable":true,"href":"https:\/\/www.eventi-fiere.it\/blog\/wp-json\/wp\/v2\/media\/8177"}],"wp:attachment":[{"href":"https:\/\/www.eventi-fiere.it\/blog\/wp-json\/wp\/v2\/media?parent=8053"}],"wp:term":[{"taxonomy":"category","embeddable":true,"href":"https:\/\/www.eventi-fiere.it\/blog\/wp-json\/wp\/v2\/categories?post=8053"},{"taxonomy":"post_tag","embeddable":true,"href":"https:\/\/www.eventi-fiere.it\/blog\/wp-json\/wp\/v2\/tags?post=8053"},{"taxonomy":"yst_prominent_words","embeddable":true,"href":"https:\/\/www.eventi-fiere.it\/blog\/wp-json\/wp\/v2\/yst_prominent_words?post=8053"}],"curies":[{"name":"wp","href":"https:\/\/api.w.org\/{rel}","templated":true}]}}