{"id":7519,"date":"2019-11-28T18:07:21","date_gmt":"2019-11-28T17:07:21","guid":{"rendered":"https:\/\/www.eventi-fiere.it\/blog\/?p=7519"},"modified":"2019-11-28T17:29:22","modified_gmt":"2019-11-28T16:29:22","slug":"mido-2020","status":"publish","type":"post","link":"https:\/\/www.eventi-fiere.it\/blog\/mido-2020\/","title":{"rendered":"MIDO 2020: tutte le novit\u00e0"},"content":{"rendered":"\n<p>Se pensavi che <strong>Ottica, Optometria e Oftalmologia<\/strong> fossero parole quasi incomprensibili, usate solo da specialisti in un settore ristretto.. Questo \u00e8 il momento di ricrederti!<br><strong>MIDO 2020<\/strong>, la Mostra Internazionale di Ottica, Optometria e Oftalmologia, ha attratto nel 2019 oltre <strong>58mila visitatori da tutto il mondo<\/strong>.<\/p>\n\n\n\n<h2><span class=\"ez-toc-section\" id=\"Che_cose_MIDO\"><\/span><strong>Che cos&#8217;\u00e8 MIDO?<\/strong><span class=\"ez-toc-section-end\"><\/span><\/h2><div id=\"ez-toc-container\" class=\"ez-toc-v2_0_27 ez-toc-wrap-right counter-hierarchy\">\n<div class=\"ez-toc-title-container\">\n<p class=\"ez-toc-title\">Contenuti<\/p>\n<span class=\"ez-toc-title-toggle\"><\/span><\/div>\n<nav><ul class=\"ez-toc-list ez-toc-list-level-1\"><li class=\"ez-toc-page-1 ez-toc-heading-level-2\"><a class=\"ez-toc-link ez-toc-heading-1\" href=\"https:\/\/www.eventi-fiere.it\/blog\/mido-2020\/#Che_cose_MIDO\" title=\"Che cos&#8217;\u00e8 MIDO?\">Che cos&#8217;\u00e8 MIDO?<\/a><\/li><li class=\"ez-toc-page-1 ez-toc-heading-level-2\"><a class=\"ez-toc-link ez-toc-heading-2\" href=\"https:\/\/www.eventi-fiere.it\/blog\/mido-2020\/#Perche_visitare_MIDO\" title=\"Perch\u00e9 visitare MIDO\">Perch\u00e9 visitare MIDO<\/a><\/li><li class=\"ez-toc-page-1 ez-toc-heading-level-2\"><a class=\"ez-toc-link ez-toc-heading-3\" href=\"https:\/\/www.eventi-fiere.it\/blog\/mido-2020\/#Come_organizzata_MIDO\" title=\"Com&#8217;\u00e8 organizzata MIDO\">Com&#8217;\u00e8 organizzata MIDO<\/a><\/li><li class=\"ez-toc-page-1 ez-toc-heading-level-2\"><a class=\"ez-toc-link ez-toc-heading-4\" href=\"https:\/\/www.eventi-fiere.it\/blog\/mido-2020\/#Novita_MIDO_2020\" title=\"Novit\u00e0 MIDO 2020\">Novit\u00e0 MIDO 2020<\/a><\/li><\/ul><\/nav><\/div>\n\n\n\n\n<p><a rel=\"noreferrer noopener\" aria-label=\"MIDO (si apre in una nuova scheda)\" href=\"https:\/\/www.eventi-fiere.it\/fiere\/mido\/\" target=\"_blank\">MIDO<\/a>, che si tiene a Milano, \u00e8 la <strong>fiera leader mondiale dell&#8217;ottica e occhialeria<\/strong>, nasce negli anni &#8217;70 grazie all&#8217;iniziativa di un gruppo di imprenditori italiani del settore, che decidono di creare un <strong>evento fieristico espressamente dedicato all&#8217;universo occhiale<\/strong>. Con gli anni, il campo si allarga fino a coinvolgere anche i mondi paralleli di moda e design. <br><\/p>\n\n\n\n<h2><span class=\"ez-toc-section\" id=\"Perche_visitare_MIDO\"><\/span><strong>Perch\u00e9 visitare MIDO<\/strong><span class=\"ez-toc-section-end\"><\/span><\/h2>\n\n\n\n<p>Se sei un appassionato dell&#8217;eyewear, o se questo mondo ti incuriosisce, non temere: MIDO 2020 \u00e8 pensata anche per i non esperti! <br>Se vuoi <strong>immergerti nel design innovativo<\/strong> e <strong>ammirare le nuove collezioni di occhiali,<\/strong> ma non sai come organizzarti per visitare MIDO, noi di Eventi e Fiere siamo qui per questo! Visita la pagina per avere maggiori informazioni.<br><br>Se sei il fondatore di una giovane start-up e stai cercando il modo di entrare nel panorama internazionale, MIDO potrebbe essere la tua occasione: il <strong>Lab Academy<\/strong> \u00e8 lo spazio riservato alle nuove idee, all&#8217;originalit\u00e0 e ai designer emergenti, gestito da una particolare commissione di esperti.<br><br>Se hai un&#8217;azienda nel settore o ti occupi di ottica e occhialeria, MIDO \u00e8 un&#8217;<strong>opportunit\u00e0 unica<\/strong> per conoscere le nuove tendenze, i nuovi brevetti, le nuove tecnologie: minuterie, macchinari per l\u2019occhialeria, finiture e componentistica. Non lasciare che la tua azienda rimanga indietro: prenota lo spazio per il tuo stand, o il pass per entrare in fiera! <br>Se sei interessato, nel resto dell&#8217;articolo troverai informazioni utili sull&#8217;organizzazione della fiera e degli stand.<br><\/p>\n\n\n\n<h2><span class=\"ez-toc-section\" id=\"Come_organizzata_MIDO\"><\/span><strong>Com&#8217;\u00e8 organizzata MIDO<\/strong><span class=\"ez-toc-section-end\"><\/span><\/h2>\n\n\n\n<p>Per dare il <strong>maggior risalto possibile alla tuo stand<\/strong> \u00e8 importante che tu conosca la disposizione dei padiglioni, in modo da centrare l&#8217;area che per te \u00e8 di maggior interesse.<br>MIDO 2020, infatti, \u00e8 formata da <strong>varie aree espositive<\/strong>:<br><\/p>\n\n\n\n<ul><li><strong>Fashion District<\/strong>: \u00e8 il luogo in cui i marchi della moda mostrano le nuove collezioni di occhiali, e dove le aziende prendono ispirazione sulle nuove tendenze.<\/li><li><strong>Lenses<\/strong>: \u00e8 lo spazio espositivo dedicato alle lenti otfalmiche, in cui i principali produttori internazionali presentano agli addetti ai lavori le tecnologie pi\u00f9 innovative. Nello stesso padiglione si trova <strong>OttiClub<\/strong>, un&#8217;area destinata a congressi, seminari e presentazioni.<\/li><li><strong>Design Lab<\/strong>: \u00e8 uno spazio creativo e fuori dagli schemi, in cui espongono le <strong>aziende pi\u00f9 all&#8217;avanguardia del settore<\/strong>; \u00e8 considerato una vetrina dell&#8217;innovazione internazionale.<\/li><li><strong>Lab Academy<\/strong>: come gi\u00e0 accennato, il Lab \u00e8 dedicato alle realt\u00e0 emergenti, perch\u00e9 consente loro di entrare in contatto con esperti.<\/li><li><strong>Fair East Pavillon<\/strong>: \u00e8 l&#8217;area espositiva riservata alle <strong>novit\u00e0 provenienti dal mondo orientale<\/strong> e dalle realt\u00e0 imprenditoriali asiatiche; rappresenta un&#8217;unione tra passato e futuro.<\/li><li><strong>Tech<\/strong>: \u00e8 il settore destinato alle materie prime, le macchine e le strumentazioni. MIDO vanta la <strong>pi\u00f9 grande area espositiva mondiale sulle tecnologie del settore<\/strong>. <\/li><li><strong>Press Village<\/strong>: \u00e8 il luogo di incontro di tutte le principali riviste del settore, provenienti da tutto il mondo. <\/li><\/ul>\n\n\n\n<h2><span class=\"ez-toc-section\" id=\"Novita_MIDO_2020\"><\/span><strong>Novit\u00e0 MIDO 2020<\/strong><span class=\"ez-toc-section-end\"><\/span><\/h2>\n\n\n\n<p>A MIDO \u00e8 stato creato per la prima volta nel 2016, lo spazio <strong>MORE!<\/strong> E&#8217; anche per il 2020 un luogo di progettualit\u00e0, innovazione, creativit\u00e0.<br>L&#8217;edizione del 2020, che mira alla continuit\u00e0 con gli anni precedenti, confermer\u00e0 la sua <strong>vocazione sempre pi\u00f9 digitale con una NUOVA APP,<\/strong> con cui si potr\u00e0 richiedere il pass d&#8217;ingresso, consultare il catalogo, seguire gli eventi. <br>Tra le altre novit\u00e0 ci sono: <strong>spazi espositivi sold out<\/strong> da mesi, <strong>record di mq venduti<\/strong>, <strong>crescita del Lab Academy<\/strong> e del padiglione 6.<\/p>\n\n\n\n<p>Ma la vera novit\u00e0 di MIDO 2020 \u00e8 il PREMIO<strong> <a rel=\"noreferrer noopener\" aria-label=\"STAND UP FOR GREEN (si apre in una nuova scheda)\" href=\"https:\/\/www.mido.com\/stand-up-for-green\" target=\"_blank\">STAND UP FOR GREEN<\/a>: <\/strong>Il tuo stand si distingue per l\u2019attenzione all\u2019ambiente?<\/p>\n\n\n\n<p>Se la risposta \u00e8 s\u00ec, invia la tua candidatura e partecipa alla prima edizione di&nbsp;<em>Stand up for green<\/em>! Se ad esempio usufruisci di moduli riutilizzabili, di materiali riciclati o materie prime a basso impatto ambientale, scarica la scheda di partecipazione e il regolamento. Potresti essere proprio tu a ricevere il premio come migliore stand sostenibile di MIDO 2020, in occasione dei festeggiamenti del 50\u00b0 anniversario.<\/p>\n\n\n\n<p>Inoltre, per l&#8217;edizione 2020, MIDO conferma l&#8217;eccezionale offerta di un <strong>servizio di trasporto ferroviario<\/strong> <strong>gratuito<\/strong> dedicato agli ottici che partono per la fiera da diverse citt\u00e0 italiane.<\/p>\n\n\n\n<p style=\"font-size:28px\"><strong>Informazioni utili<\/strong><\/p>\n\n\n\n<p>MIDO 2020 si svolge dal 29 febbraio al 02 marzo 2020 a Milano Rho Fiera. E&#8217; aperta dalle 9.00 alle 19.00 il 29 febbraio e il 1 marzo, e dalle 9.00 alle 18.00 il 2 marzo. <\/p>\n\n\n\n<p><a rel=\"noreferrer noopener\" aria-label=\"Eventi e Fiere (si apre in una nuova scheda)\" href=\"https:\/\/www.eventi-fiere.it\" target=\"_blank\">Eventi e Fiere<\/a> ti permette l&#8217;<a rel=\"noreferrer noopener\" aria-label=\"organizzare il tuo evento (si apre in una nuova scheda)\" href=\"https:\/\/www.eventi-fiere.it\/macro-servizi\/organizzazione-eventi\/milano\/\" target=\"_blank\">organizzazione di eventi<\/a> perfetto e la possibilit\u00e0 di usufruire di tanti servizi. Se sei un espositore e partecipi alla fiera potresti aver bisogno di <a rel=\"noreferrer noopener\" aria-label=\" (si apre in una nuova scheda)\" href=\"https:\/\/www.eventi-fiere.it\/servizi\/allestimenti\/milano\/\" target=\"_blank\">allestimenti per fiere<\/a> e <a rel=\"noreferrer noopener\" aria-label=\" (si apre in una nuova scheda)\" href=\"https:\/\/www.eventi-fiere.it\/servizi\/stand-per-fiera\/milano\/\" target=\"_blank\">stand per fiere<\/a> per organizzare il tuo spazio. I servizi di <a rel=\"noreferrer noopener\" aria-label=\" (si apre in una nuova scheda)\" href=\"https:\/\/www.eventi-fiere.it\/servizi\/logistica\/milano\/\" target=\"_blank\">logistica<\/a> per gli spostamenti e l&#8217;organizzazione, la possibilit\u00e0 di avere a disposizione <a rel=\"noreferrer noopener\" aria-label=\" (si apre in una nuova scheda)\" href=\"https:\/\/www.eventi-fiere.it\/macro-servizi\/personale-per-eventi\/milano\/\" target=\"_blank\">personale per eventi<\/a> qualificato e la <a rel=\"noreferrer noopener\" aria-label=\" (si apre in una nuova scheda)\" href=\"https:\/\/www.eventi-fiere.it\/servizi\/distribuzione-di-volantini\/milano\/\" target=\"_blank\">distribuzione di volantini<\/a> se necessario.<\/p>\n\n\n\n<p>Se poi hai bisogno di elaborare una strategia efficace per la tua azienda puoi rivolgerti alle <a rel=\"noreferrer noopener\" aria-label=\" (si apre in una nuova scheda)\" href=\"https:\/\/www.eventi-fiere.it\/servizi\/agenzie-di-web-marketing\/milano\/\" target=\"_blank\">agenzie di Web Marketing<\/a> pi\u00f9 qualificate vicino a te. <\/p>\n\n\n\n<p>Guardiamoci meglio. Partecipiamo a MIDO.<br><br><\/p>\n","protected":false},"excerpt":{"rendered":"<p>Se pensavi che Ottica, Optometria e Oftalmologia fossero parole quasi incomprensibili, usate solo da specialisti in un settore ristretto.. Questo \u00e8 il momento di ricrederti!MIDO 2020, la Mostra Internazionale di<\/p>\n","protected":false},"author":49,"featured_media":7636,"comment_status":"closed","ping_status":"closed","sticky":false,"template":"","format":"standard","meta":[],"categories":[129,128,13,33],"tags":[5357,13659],"yst_prominent_words":[8173,16912,11041,1025,16919,5249,11109,10842,16913,11040,10857,10853,10856,1000,16915,16914,16917,16916,16918,11323],"_links":{"self":[{"href":"https:\/\/www.eventi-fiere.it\/blog\/wp-json\/wp\/v2\/posts\/7519"}],"collection":[{"href":"https:\/\/www.eventi-fiere.it\/blog\/wp-json\/wp\/v2\/posts"}],"about":[{"href":"https:\/\/www.eventi-fiere.it\/blog\/wp-json\/wp\/v2\/types\/post"}],"author":[{"embeddable":true,"href":"https:\/\/www.eventi-fiere.it\/blog\/wp-json\/wp\/v2\/users\/49"}],"replies":[{"embeddable":true,"href":"https:\/\/www.eventi-fiere.it\/blog\/wp-json\/wp\/v2\/comments?post=7519"}],"version-history":[{"count":8,"href":"https:\/\/www.eventi-fiere.it\/blog\/wp-json\/wp\/v2\/posts\/7519\/revisions"}],"predecessor-version":[{"id":14050,"href":"https:\/\/www.eventi-fiere.it\/blog\/wp-json\/wp\/v2\/posts\/7519\/revisions\/14050"}],"wp:featuredmedia":[{"embeddable":true,"href":"https:\/\/www.eventi-fiere.it\/blog\/wp-json\/wp\/v2\/media\/7636"}],"wp:attachment":[{"href":"https:\/\/www.eventi-fiere.it\/blog\/wp-json\/wp\/v2\/media?parent=7519"}],"wp:term":[{"taxonomy":"category","embeddable":true,"href":"https:\/\/www.eventi-fiere.it\/blog\/wp-json\/wp\/v2\/categories?post=7519"},{"taxonomy":"post_tag","embeddable":true,"href":"https:\/\/www.eventi-fiere.it\/blog\/wp-json\/wp\/v2\/tags?post=7519"},{"taxonomy":"yst_prominent_words","embeddable":true,"href":"https:\/\/www.eventi-fiere.it\/blog\/wp-json\/wp\/v2\/yst_prominent_words?post=7519"}],"curies":[{"name":"wp","href":"https:\/\/api.w.org\/{rel}","templated":true}]}}