{"id":7000,"date":"2019-01-22T17:33:16","date_gmt":"2019-01-22T16:33:16","guid":{"rendered":"https:\/\/www.eventi-fiere.it\/blog\/?p=7000"},"modified":"2019-02-04T16:53:33","modified_gmt":"2019-02-04T15:53:33","slug":"fiere-italia-dal-18-02-2019-al-24-02-2019-2","status":"publish","type":"post","link":"https:\/\/www.eventi-fiere.it\/blog\/fiere-italia-dal-18-02-2019-al-24-02-2019-2\/","title":{"rendered":"Calendario Fiere in Italia dal 18\/02\/2019 al 24\/02\/2019: orari e prezzi dei biglietti"},"content":{"rendered":"<p>Mettetevi comodi e prendete la vostra agenda: pronti per segnarvi le date delle <strong>fiere che si svolgeranno in Italia dal 18\/02\/2019 al 24\/02\/2019<\/strong>? Di seguito troverete tutte le informazioni necessarie per non perderne neanche una.<\/p>\n<h2><span class=\"ez-toc-section\" id=\"MAIN_EVENTS\"><\/span>MAIN EVENTS<span class=\"ez-toc-section-end\"><\/span><\/h2><div id=\"ez-toc-container\" class=\"ez-toc-v2_0_27 ez-toc-wrap-right counter-hierarchy\">\n<div class=\"ez-toc-title-container\">\n<p class=\"ez-toc-title\">Contenuti<\/p>\n<span class=\"ez-toc-title-toggle\"><\/span><\/div>\n<nav><ul class=\"ez-toc-list ez-toc-list-level-1\"><li class=\"ez-toc-page-1 ez-toc-heading-level-2\"><a class=\"ez-toc-link ez-toc-heading-1\" href=\"https:\/\/www.eventi-fiere.it\/blog\/fiere-italia-dal-18-02-2019-al-24-02-2019-2\/#MAIN_EVENTS\" title=\"MAIN EVENTS\">MAIN EVENTS<\/a><ul class=\"ez-toc-list-level-3\"><li class=\"ez-toc-heading-level-3\"><a class=\"ez-toc-link ez-toc-heading-2\" href=\"https:\/\/www.eventi-fiere.it\/blog\/fiere-italia-dal-18-02-2019-al-24-02-2019-2\/#LineaPelle\" title=\"LineaPelle\">LineaPelle<\/a><\/li><li class=\"ez-toc-page-1 ez-toc-heading-level-3\"><a class=\"ez-toc-link ez-toc-heading-3\" href=\"https:\/\/www.eventi-fiere.it\/blog\/fiere-italia-dal-18-02-2019-al-24-02-2019-2\/#Simac_Tanning_Tech\" title=\"Simac Tanning Tech\">Simac Tanning Tech<\/a><\/li><li class=\"ez-toc-page-1 ez-toc-heading-level-3\"><a class=\"ez-toc-link ez-toc-heading-4\" href=\"https:\/\/www.eventi-fiere.it\/blog\/fiere-italia-dal-18-02-2019-al-24-02-2019-2\/#MIDO\" title=\"MIDO\">MIDO<\/a><\/li><li class=\"ez-toc-page-1 ez-toc-heading-level-3\"><a class=\"ez-toc-link ez-toc-heading-5\" href=\"https:\/\/www.eventi-fiere.it\/blog\/fiere-italia-dal-18-02-2019-al-24-02-2019-2\/#The_One_Milano\" title=\"The One Milano\">The One Milano<\/a><\/li><li class=\"ez-toc-page-1 ez-toc-heading-level-3\"><a class=\"ez-toc-link ez-toc-heading-6\" href=\"https:\/\/www.eventi-fiere.it\/blog\/fiere-italia-dal-18-02-2019-al-24-02-2019-2\/#Transpotec_Logitec\" title=\"Transpotec Logitec\">Transpotec Logitec<\/a><\/li><\/ul><\/li><li class=\"ez-toc-page-1 ez-toc-heading-level-2\"><a class=\"ez-toc-link ez-toc-heading-7\" href=\"https:\/\/www.eventi-fiere.it\/blog\/fiere-italia-dal-18-02-2019-al-24-02-2019-2\/#LE_ALTRE_FIERE\" title=\"LE ALTRE FIERE\">LE ALTRE FIERE<\/a><ul class=\"ez-toc-list-level-3\"><li class=\"ez-toc-heading-level-3\"><a class=\"ez-toc-link ez-toc-heading-8\" href=\"https:\/\/www.eventi-fiere.it\/blog\/fiere-italia-dal-18-02-2019-al-24-02-2019-2\/#Myplant_Garden\" title=\"Myplant &amp; Garden\">Myplant &amp; Garden<\/a><\/li><li class=\"ez-toc-page-1 ez-toc-heading-level-3\"><a class=\"ez-toc-link ez-toc-heading-9\" href=\"https:\/\/www.eventi-fiere.it\/blog\/fiere-italia-dal-18-02-2019-al-24-02-2019-2\/#Pescare_Show\" title=\"Pescare Show\">Pescare Show<\/a><\/li><li class=\"ez-toc-page-1 ez-toc-heading-level-3\"><a class=\"ez-toc-link ez-toc-heading-10\" href=\"https:\/\/www.eventi-fiere.it\/blog\/fiere-italia-dal-18-02-2019-al-24-02-2019-2\/#Liberamente\" title=\"Liberamente\">Liberamente<\/a><\/li><li class=\"ez-toc-page-1 ez-toc-heading-level-3\"><a class=\"ez-toc-link ez-toc-heading-11\" href=\"https:\/\/www.eventi-fiere.it\/blog\/fiere-italia-dal-18-02-2019-al-24-02-2019-2\/#Golositalia\" title=\"Golositalia\">Golositalia<\/a><\/li><li class=\"ez-toc-page-1 ez-toc-heading-level-3\"><a class=\"ez-toc-link ez-toc-heading-12\" href=\"https:\/\/www.eventi-fiere.it\/blog\/fiere-italia-dal-18-02-2019-al-24-02-2019-2\/#Balnearia\" title=\"Balnearia\">Balnearia<\/a><\/li><li class=\"ez-toc-page-1 ez-toc-heading-level-3\"><a class=\"ez-toc-link ez-toc-heading-13\" href=\"https:\/\/www.eventi-fiere.it\/blog\/fiere-italia-dal-18-02-2019-al-24-02-2019-2\/#Tirreno_CT\" title=\"Tirreno C.T.\">Tirreno C.T.<\/a><\/li><\/ul><\/li><\/ul><\/nav><\/div>\n\n<p>Questa settimana rifatevi gli occhi (e gli occhiali) con <strong>MIDO<\/strong>. Milano \u00e8 all&#8217;insegna della moda con <strong>LineaPelle<\/strong> e <strong>The One Milano<\/strong>. Carrara si occupa invece del divertimento e delle attivit\u00e0 all&#8217;aria aperta con <strong>Liberamente<\/strong> e <strong>Balnearia<\/strong>.<\/p>\n<h3><span class=\"ez-toc-section\" id=\"LineaPelle\"><\/span>LineaPelle<span class=\"ez-toc-section-end\"><\/span><\/h3>\n<ul>\n<li><strong>Quando: <\/strong>dal 20-02 al 22-02 2019<\/li>\n<li><strong>Dove: <\/strong>Fiera Milano Rho<\/li>\n<li><strong>Orario: <\/strong>il 20-21 dalle 9.00-18.30; il 22 dalle 9.00-17.00<\/li>\n<li><strong>Prezzo:<\/strong>\u00a0ingresso gratuito<\/li>\n<li><strong>Sito Internet:\u00a0<\/strong><a href=\"https:\/\/www.lineapelle-fair.it\/it\" target=\"_blank\" rel=\"noopener\">https:\/\/www.lineapelle-fair.it\/it<\/a><\/li>\n<\/ul>\n<div id=\"INFO\" class=\"vc_row wpb_row vc_row-fluid vc_custom_1507200572789\">\n<div class=\"wpb_column vc_column_container vc_col-sm-8\">\n<div class=\"vc_column-inner\">\n<div class=\"wpb_wrapper\">\n<p>LineaPelle \u00e8 la fiera internazionale di <strong>pelli, accessori, componenti, tessuti, sintetici e modelli. <\/strong>L&#8217;ingresso \u00e8 solo per gli operanti nel settore.<\/p>\n<h3><span class=\"ez-toc-section\" id=\"Simac_Tanning_Tech\"><\/span>Simac Tanning Tech<span class=\"ez-toc-section-end\"><\/span><\/h3>\n<ul>\n<li><strong>Quando: <\/strong>dal 20-02 al 22-02 2019<\/li>\n<li><strong>Dove: <\/strong>Fiera Milano Rho<\/li>\n<li><strong><strong>Orario: <\/strong><\/strong>per i visitatori il 20-21 dalle 9.00-18.30; per gli espositori il 20-21 dalle 8.00-19.00 e il 22 dalle 8.30-17.30<\/li>\n<li><strong>Prezzo:<\/strong>\u00a0ingresso gratuito<\/li>\n<li><strong>Sito Internet:\u00a0<\/strong><a href=\"http:\/\/www.simactanningtech.it\" target=\"_blank\" rel=\"noopener\">http:\/\/www.simactanningtech.it<\/a><\/li>\n<\/ul>\n<p>Simac Tanning Tech \u00e8 la fiera in concomitanza con LineaPelle dedicata <strong>ai macchinari e alle tecnologie per le industrie calzaturiera, pellettiera e conciaria.\u00a0<\/strong>L&#8217;ingresso \u00e8 solo per gli operanti nel settore.<\/p>\n<h3><span class=\"ez-toc-section\" id=\"MIDO\"><\/span>MIDO<span class=\"ez-toc-section-end\"><\/span><\/h3>\n<ul>\n<li><strong>Quando: <\/strong>dal 23-02 al 25-02 2019<\/li>\n<li><strong>Dove: <\/strong>Fiera Milano Rho<\/li>\n<li><strong>Orario:<\/strong> il 23-24 dalle 9.00-19.00 e il 25 dalle 9.00-18.00<\/li>\n<li><strong>Prezzo:<\/strong> ingresso gratuito<\/li>\n<li><strong>Sito Internet:\u00a0<\/strong><a href=\"http:\/\/www.mido.com\/\" target=\"_blank\" rel=\"noopener\">http:\/\/www.mido.com\/<\/a><\/li>\n<\/ul>\n<p>MIDO \u00e8 la <strong>fiera internazionale\u00a0del settore ottica e occhialeria.<\/strong><\/p>\n<h3><span class=\"ez-toc-section\" id=\"The_One_Milano\"><\/span>The One Milano<span class=\"ez-toc-section-end\"><\/span><\/h3>\n<ul>\n<li><strong>Quando: <\/strong>dal 22-02 al 25-02 2019<\/li>\n<li><strong>Dove: <\/strong>Fiera Milano Rho<\/li>\n<li><strong>Orario:<\/strong>\u00a0il 22-23-24 dalle 9.30-18.30; il 25 dalle 9.30-17.30<\/li>\n<li><strong>Prezzo: <\/strong>ingresso gratuito<\/li>\n<li><strong>Sito Internet:\u00a0<\/strong><a href=\"http:\/\/www.theonemilano.com\/\" target=\"_blank\" rel=\"noopener\">http:\/\/www.theonemilano.com\/<\/a><\/li>\n<\/ul>\n<p>The One Milano \u00e8 la fiera dedicata al <strong>pr\u00eat \u00e0 porter femminile d\u2019alta gamma e\u00a0agli accessori<\/strong>.<\/p>\n<\/div>\n<\/div>\n<h3><span class=\"ez-toc-section\" id=\"Transpotec_Logitec\"><\/span>Transpotec Logitec<span class=\"ez-toc-section-end\"><\/span><\/h3>\n<ul>\n<li><strong>Quando: <\/strong>dal 21-02 al 24-02 2019<\/li>\n<li><strong>Dove: <\/strong>VeronaFiere<\/li>\n<li><strong>Orario:\u00a0<\/strong>per gli espositori 8.30-19.00; per i visitatori 9.30-18.00<\/li>\n<li><strong>Prezzo: <\/strong>online 8 \u20ac, in loco 15\u00a0\u20ac<\/li>\n<li><strong>Sito Internet:\u00a0<\/strong><a href=\"http:\/\/www.transpotec.com\/\" target=\"_blank\" rel=\"noopener\">http:\/\/www.transpotec.com\/<\/a><\/li>\n<\/ul>\n<p>Transpotec Logitec \u00e8 la fiera dedicata alla <strong>logistica dei trasporti<\/strong>: mezzi, allestimenti,servizi, aftermarket, usato.<\/p>\n<div class=\"vc_column-inner\">\n<div class=\"wpb_wrapper\">\n<h2><span class=\"ez-toc-section\" id=\"LE_ALTRE_FIERE\"><\/span>LE ALTRE FIERE<span class=\"ez-toc-section-end\"><\/span><\/h2>\n<div class=\"vc_column-inner\">\n<div class=\"wpb_wrapper\">\n<h3><span class=\"ez-toc-section\" id=\"Myplant_Garden\"><\/span>Myplant &amp; Garden<span class=\"ez-toc-section-end\"><\/span><\/h3>\n<ul>\n<li><strong>Quando: <\/strong>dal 20-02 al 22-02 2019<\/li>\n<li><strong>Dove: <\/strong>Fiera Milano Rho<\/li>\n<li><strong>Orario:<\/strong>\u00a0il 20-21 dalle 09.00-18.00; il 22 dalle 9.00-17.00<\/li>\n<li><strong>Prezzo: <\/strong>-validit\u00e0 1 giorno: in loco 20 \u20ac, con pre-accredito online 18 \u20ac, online 15 \u20ac; -validit\u00e0 2 giorni:\u00a0in loco 30 \u20ac, con pre-accredito online 27 \u20ac, online 22,50 \u20ac; -validit\u00e0 3 giorni:\u00a0in loco 40 \u20ac, con pre-accredito online 36 \u20ac, online 30\u00a0\u20ac<\/li>\n<li><strong>Sito Internet:\u00a0<\/strong><a href=\"https:\/\/myplantgarden.com\/\" target=\"_blank\" rel=\"noopener\">https:\/\/myplantgarden.com\/<\/a><\/li>\n<\/ul>\n<\/div>\n<\/div>\n<p>Myplant &amp; Garden \u00e8 la fiera <strong>dell&#8217;orto-florovivaismo, del paesaggio e del garden.\u00a0<\/strong><\/p>\n<h3><span class=\"ez-toc-section\" id=\"Pescare_Show\"><\/span>Pescare Show<span class=\"ez-toc-section-end\"><\/span><\/h3>\n<ul>\n<li><strong>Quando: <\/strong>dal 23-02 al 25-02 2019<\/li>\n<li><strong>Dove: <\/strong>Fiera di Vicenza<\/li>\n<li><strong>Orario:<\/strong> il 23-24 dalle 9.00-19.00 e il 25 dalle 9.00-16.00<\/li>\n<li><strong>Prezzo:<\/strong>\u00a017 \u20ac intero, 13 \u20ac ridotto<\/li>\n<li><strong>Sito Internet:\u00a0<\/strong><a href=\"https:\/\/www.pescareshow.it\/\" target=\"_blank\" rel=\"noopener\">https:\/\/www.pescareshow.it\/<\/a><\/li>\n<\/ul>\n<p>Pescare Show \u00e8 la fiera dedicata <strong>all&#8217;ambito della pesca: sia quella tradizionale, sia la pesca a mosca e lo spinning in acqua dolce e in mare.\u00a0\u00a0<\/strong><\/p>\n<h3><span class=\"ez-toc-section\" id=\"Liberamente\"><\/span>Liberamente<span class=\"ez-toc-section-end\"><\/span><\/h3>\n<ul>\n<li><strong>Quando: <\/strong>dal 23-02 al 24-02 2019<\/li>\n<li><strong>Dove: <\/strong>Fiera di Ferrara<\/li>\n<li><strong>Orario:\u00a0<\/strong>9.00-19.00<\/li>\n<li><strong>Prezzo: <\/strong>intero\u00a08 \u20ac, ridotto 6 \u20ac, sabato 23 fino alle ore 13.00 3\u00a0\u20ac per le donne<\/li>\n<li><strong>Sito Internet:\u00a0<\/strong><a href=\"http:\/\/www.liberamentefiera.it\/\" target=\"_blank\" rel=\"noopener\">http:\/\/www.liberamentefiera.it\/<\/a><\/li>\n<\/ul>\n<div class=\"vc_column-inner\">\n<div class=\"wpb_wrapper\">\n<p>Liberamente \u00e8 la fiera dedicata\u00a0<strong>al tempo libero, al divertimento e alla vita all&#8217;aria aperta<\/strong>: turismo, campeggi, enogastronomia, attivit\u00e0 da pollice verde.<\/p>\n<h3><span class=\"ez-toc-section\" id=\"Golositalia\"><\/span>Golositalia<span class=\"ez-toc-section-end\"><\/span><\/h3>\n<ul>\n<li><strong>Quando: <\/strong>dal 23-02 al 26-02 2019<\/li>\n<li><strong>Dove: <\/strong>Centro Fiere del Garda<\/li>\n<li><strong>Orario:<\/strong>\u00a09.30-19.30<\/li>\n<li><strong>Prezzo: <\/strong>in loco 8 \u20ac, online 7\u00a0\u20ac<\/li>\n<li><strong>Sito Internet:\u00a0<\/strong><a href=\"https:\/\/www.golositalia.it\/\" target=\"_blank\" rel=\"noopener\">https:\/\/www.golositalia.it\/<\/a><\/li>\n<\/ul>\n<p class=\"default\">Golositalia \u00e8 la fiera dedicata al settore alimentare: <strong>prodotti e tecniche nell&#8217;ambito food &amp; beverage<\/strong>.<\/p>\n<h3><span class=\"ez-toc-section\" id=\"Balnearia\"><\/span>Balnearia<span class=\"ez-toc-section-end\"><\/span><\/h3>\n<ul>\n<li><strong>Quando: <\/strong>dal 24-02 al 27-02 2019<\/li>\n<li><strong>Dove: <\/strong>Fiera di Ferrara<\/li>\n<li><strong>Orario: <\/strong>10.00-19.00<\/li>\n<li><strong>Prezzo: <\/strong>intero\u00a015 \u20ac, con invito riduzione 3 \u20ac<\/li>\n<li><strong>Sito Internet:<\/strong><strong style=\"font-size: 1.0625rem\">\u00a0<\/strong><a style=\"font-size: 1.0625rem\" href=\"http:\/\/www.balnearia.it\/\" target=\"_blank\" rel=\"noopener\">http:\/\/www.balnearia.it\/<\/a><\/li>\n<\/ul>\n<p>Balneria \u00e8 la fiera dedicata <strong>alle attrezzature balneari, all&#8217;outdoor design e al benessere.<\/strong><\/p>\n<h3><span class=\"ez-toc-section\" id=\"Tirreno_CT\"><\/span>Tirreno C.T.<span class=\"ez-toc-section-end\"><\/span><\/h3>\n<ul>\n<li><strong>Quando: <\/strong>dal 24-02 al 27-02 2019<\/li>\n<li><strong>Dove: <\/strong>Fiera di Ferrara<\/li>\n<li><strong>Orario: <\/strong>10.00-19.00<\/li>\n<li><strong>Prezzo: <\/strong>intero\u00a015 \u20ac, con invito riduzione 3 \u20ac<\/li>\n<li><strong>Sito Internet:\u00a0<\/strong><a href=\"http:\/\/www.tirrenoct.it\/\" target=\"_blank\" rel=\"noopener\">http:\/\/www.tirrenoct.it\/<\/a><\/li>\n<\/ul>\n<p>Tirreno C.T. \u00e8 la fiera dedicata al <strong>settore dell&#8217;ospitalit\u00e0 del centro Italia: i<\/strong>nnovazioni turistiche, commerciali ed alberghiere.<\/p>\n<\/div>\n<\/div>\n<\/div>\n<\/div>\n<\/div>\n<\/div>\n","protected":false},"excerpt":{"rendered":"<p>Mettetevi comodi e prendete la vostra agenda: pronti per segnarvi le date delle fiere che si svolgeranno in Italia dal 18\/02\/2019 al 24\/02\/2019? Di seguito troverete tutte le informazioni necessarie<\/p>\n","protected":false},"author":40,"featured_media":1352,"comment_status":"closed","ping_status":"closed","sticky":false,"template":"","format":"standard","meta":[],"categories":[129,33],"tags":[235,1065,6901],"yst_prominent_words":[9689,9688,9712,9757,9713,366,772,9758,465,749,6870,9760,757,9711,9490,9456,9759,9686,9457,9703],"_links":{"self":[{"href":"https:\/\/www.eventi-fiere.it\/blog\/wp-json\/wp\/v2\/posts\/7000"}],"collection":[{"href":"https:\/\/www.eventi-fiere.it\/blog\/wp-json\/wp\/v2\/posts"}],"about":[{"href":"https:\/\/www.eventi-fiere.it\/blog\/wp-json\/wp\/v2\/types\/post"}],"author":[{"embeddable":true,"href":"https:\/\/www.eventi-fiere.it\/blog\/wp-json\/wp\/v2\/users\/40"}],"replies":[{"embeddable":true,"href":"https:\/\/www.eventi-fiere.it\/blog\/wp-json\/wp\/v2\/comments?post=7000"}],"version-history":[{"count":2,"href":"https:\/\/www.eventi-fiere.it\/blog\/wp-json\/wp\/v2\/posts\/7000\/revisions"}],"predecessor-version":[{"id":7702,"href":"https:\/\/www.eventi-fiere.it\/blog\/wp-json\/wp\/v2\/posts\/7000\/revisions\/7702"}],"wp:featuredmedia":[{"embeddable":true,"href":"https:\/\/www.eventi-fiere.it\/blog\/wp-json\/wp\/v2\/media\/1352"}],"wp:attachment":[{"href":"https:\/\/www.eventi-fiere.it\/blog\/wp-json\/wp\/v2\/media?parent=7000"}],"wp:term":[{"taxonomy":"category","embeddable":true,"href":"https:\/\/www.eventi-fiere.it\/blog\/wp-json\/wp\/v2\/categories?post=7000"},{"taxonomy":"post_tag","embeddable":true,"href":"https:\/\/www.eventi-fiere.it\/blog\/wp-json\/wp\/v2\/tags?post=7000"},{"taxonomy":"yst_prominent_words","embeddable":true,"href":"https:\/\/www.eventi-fiere.it\/blog\/wp-json\/wp\/v2\/yst_prominent_words?post=7000"}],"curies":[{"name":"wp","href":"https:\/\/api.w.org\/{rel}","templated":true}]}}