{"id":674,"date":"2018-02-20T17:00:22","date_gmt":"2018-02-20T16:00:22","guid":{"rendered":"http:\/\/www.eventi-fiere.it\/blog\/?p=674"},"modified":"2019-02-07T15:58:51","modified_gmt":"2019-02-07T14:58:51","slug":"arredamento-per-esterni-matrimonio","status":"publish","type":"post","link":"https:\/\/www.eventi-fiere.it\/blog\/arredamento-per-esterni-matrimonio\/","title":{"rendered":"L&#8217;arredamento per esterni per il tuo matrimonio da sogno"},"content":{"rendered":"<p>Bentornati! Continuiamo con la serie degli articoli sul <a href=\"https:\/\/www.eventi-fiere.it\/eventi\/matrimoni\/\" target=\"blank\">matrimonio<\/a> parlandovi oggi dell&#8217;<strong>arredamento per esterni.<\/strong><\/p>\n<p>La stagione dei matrimoni \u00e8 sempre calda, bella e <strong>soleggiata.<\/strong> Stare all&#8217;aperto \u00e8 piacevole e sia gli sposi che gli invitati apprezzano sempre molto svolgere parte del ricevimento fuori dalla sala.<\/p>\n<p>Quasi tutte le location, ovunque voi vi troviate, dispongono infatti di giardini curati in cui sbizzarrirvi con gli allestimenti che sposano (scusate il gioco di parole!) maggiormente il vostro <strong>stile.&nbsp;<\/strong><\/p>\n<p>Proprio per ricreare lo stile desiderato, \u00e8 importante curare l&#8217;arredamento per esterni in <strong>ogni minimo particolare.<\/strong><\/p>\n<p>In questo articolo, noi di eventi e fiere vogliamo suggerirvi gli <strong>step principali per ricreare un&#8217;atmosfera<\/strong> da sogno il giorno del vostro matrimonio.<\/p>\n<h2><span class=\"ez-toc-section\" id=\"Arredamento_per_esterni_accortezze_per_il_giorno_del_vostro_matrimonio\"><\/span>Arredamento per esterni: accortezze per il giorno del vostro matrimonio<span class=\"ez-toc-section-end\"><\/span><\/h2><div id=\"ez-toc-container\" class=\"ez-toc-v2_0_27 ez-toc-wrap-right counter-hierarchy\">\n<div class=\"ez-toc-title-container\">\n<p class=\"ez-toc-title\">Contenuti<\/p>\n<span class=\"ez-toc-title-toggle\"><\/span><\/div>\n<nav><ul class=\"ez-toc-list ez-toc-list-level-1\"><li class=\"ez-toc-page-1 ez-toc-heading-level-2\"><a class=\"ez-toc-link ez-toc-heading-1\" href=\"https:\/\/www.eventi-fiere.it\/blog\/arredamento-per-esterni-matrimonio\/#Arredamento_per_esterni_accortezze_per_il_giorno_del_vostro_matrimonio\" title=\"Arredamento per esterni: accortezze per il giorno del vostro matrimonio\">Arredamento per esterni: accortezze per il giorno del vostro matrimonio<\/a><ul class=\"ez-toc-list-level-3\"><li class=\"ez-toc-heading-level-3\"><a class=\"ez-toc-link ez-toc-heading-2\" href=\"https:\/\/www.eventi-fiere.it\/blog\/arredamento-per-esterni-matrimonio\/#1_Riparatevi_dal_sole\" title=\"1) Riparatevi dal sole!\">1) Riparatevi dal sole!<\/a><\/li><li class=\"ez-toc-page-1 ez-toc-heading-level-3\"><a class=\"ez-toc-link ez-toc-heading-3\" href=\"https:\/\/www.eventi-fiere.it\/blog\/arredamento-per-esterni-matrimonio\/#2_Siate_coerenti\" title=\"2) Siate coerenti!\">2) Siate coerenti!<\/a><\/li><li class=\"ez-toc-page-1 ez-toc-heading-level-3\"><a class=\"ez-toc-link ez-toc-heading-4\" href=\"https:\/\/www.eventi-fiere.it\/blog\/arredamento-per-esterni-matrimonio\/#3_Occhio_ai_tavoli\" title=\"3) Occhio ai tavoli!\">3) Occhio ai tavoli!<\/a><\/li><li class=\"ez-toc-page-1 ez-toc-heading-level-3\"><a class=\"ez-toc-link ez-toc-heading-5\" href=\"https:\/\/www.eventi-fiere.it\/blog\/arredamento-per-esterni-matrimonio\/#4_Una_posizione_per_il_taglio_della_torta\" title=\"4) Una posizione per il taglio della torta\">4) Una posizione per il taglio della torta<\/a><\/li><\/ul><\/li><\/ul><\/nav><\/div>\n\n<h3><span class=\"ez-toc-section\" id=\"1_Riparatevi_dal_sole\"><\/span>1) Riparatevi dal sole!<span class=\"ez-toc-section-end\"><\/span><\/h3>\n<p>Ve lo dico per esperienza personale: non importa nemmeno se il ricevimento si terr\u00e0 dal tardo pomeriggio fino a notte fonda, in primavera e in estate <strong>il sole picchia anche a quell&#8217;ora.<\/strong> Per questo motivo, il nostro consiglio \u00e8 di disporre nel giardino pi\u00f9 <strong>gazebi<\/strong>: sotto uno di questi fate predisporre il <strong>buffet per l&#8217;aperitivo di benvenuto,<\/strong> sotto gli altri organizzate dei <strong>tavolini<\/strong> dove i vostri invitati possano comodamente sedersi a spizzicare gli antipasti.<\/p>\n<p>Questo tipo di arredamento per esterni non \u00e8 solo utile, ma permette di creare un allestimento elegante e romantico per il giorno pi\u00f9 importante della vostra vita. Possono essere decorati come meglio credete e non risulteranno mai pacchiani. I miei preferiti sono assolutamente quelli in <strong>ferro battuto:<\/strong> romanticissimi!<\/p>\n<h3><span class=\"ez-toc-section\" id=\"2_Siate_coerenti\"><\/span>2) Siate coerenti!<span class=\"ez-toc-section-end\"><\/span><\/h3>\n<p>Fondamentale nel momento in cui dovrete pensare all&#8217;arredamento per esterni sar\u00e0 cercare di essere il pi\u00f9 coerenti possibile. Questa in realt\u00e0 \u00e8 la regola base per degli <strong>allestimenti spettacolari<\/strong> il giorno del vostro matrimonio, ma ci tengo a specificarlo anche questa volta.<\/p>\n<p>Se doveste scegliere un gazebo in ferro battuto, \u00e8 consigliabile utilizzare delle sedie coordinate. S\u00ec, lo so che sono scomode, specialmente quando il clima \u00e8 caldo e i vestiti di tessuti leggeri. Ma \u00e8 proprio qua che viene il bello, potrete allestirli con <strong>soffici cuscini<\/strong> che sapranno unire l&#8217;utile all&#8217;elemento decorativo che aggiunger\u00e0 valore a tutto l&#8217;allestimento.<\/p>\n<h3><span class=\"ez-toc-section\" id=\"3_Occhio_ai_tavoli\"><\/span>3) Occhio ai tavoli!<span class=\"ez-toc-section-end\"><\/span><\/h3>\n<p>I <strong>tavoli<\/strong> che farete disporre all&#8217;esterno \u00e8 bene che, sar\u00f2 poco tecnica ma voglio essere chiara, <em>sappiano di giardino.<\/em><\/p>\n<p>Sono da evitare tavoli massicci, sono pi\u00f9 belli quelli che ricreano un&#8217;atmosfera famigliare come quel tavolino vecchio e mezzo arrugginito che potreste aver visto a casa di qualche parente da piccoli.<\/p>\n<p>In questo modo riuscirete a ricreare un&#8217;atmosfera curata e famigliare, che i vostri invitati non potranno che apprezzare.<\/p>\n<h3><span class=\"ez-toc-section\" id=\"4_Una_posizione_per_il_taglio_della_torta\"><\/span>4) Una posizione per il taglio della torta<span class=\"ez-toc-section-end\"><\/span><\/h3>\n<p>Pensando all&#8217;arredamento per esterni, il giorno del vostro matrimonio dovrete pensare di allestire una postazione apposita per il <strong>taglio della torta.<\/strong><\/p>\n<p>Potete usare il supporto che pi\u00f9 vi piace, anche qualcosa di assolutamente non convenzionale o che originariamente aveva un&#8217;altra funzione. Questo potrebbe proprio essere l&#8217;elemento <em>un po&#8217; fuori dal coro&nbsp;<\/em>e che conferisca particolarit\u00e0 a tutta l&#8217;atmosfera.<\/p>\n<p>&nbsp;<\/p>\n<p>Questi per ora sono i nostri consigli principali, a presto con tanti altri articoli.<\/p>\n<p>Ma, prima di andare, <strong>condividete subito questo!<\/strong><\/p>\n<p>Buona organizzazione a tutti!<\/p>\n","protected":false},"excerpt":{"rendered":"<p>Bentornati! Continuiamo con la serie degli articoli sul matrimonio parlandovi oggi dell&#8217;arredamento per esterni. La stagione dei matrimoni \u00e8 sempre calda, bella e soleggiata. Stare all&#8217;aperto \u00e8 piacevole e sia<\/p>\n","protected":false},"author":5,"featured_media":7893,"comment_status":"closed","ping_status":"closed","sticky":false,"template":"","format":"standard","meta":[],"categories":[1,13,102,89],"tags":[32,56,51],"yst_prominent_words":[11785,2031,1957,1958,2344,671,1959,11788,425,1039,1474,2316,415,11789,11787,843,844,11786,3044,6452],"_links":{"self":[{"href":"https:\/\/www.eventi-fiere.it\/blog\/wp-json\/wp\/v2\/posts\/674"}],"collection":[{"href":"https:\/\/www.eventi-fiere.it\/blog\/wp-json\/wp\/v2\/posts"}],"about":[{"href":"https:\/\/www.eventi-fiere.it\/blog\/wp-json\/wp\/v2\/types\/post"}],"author":[{"embeddable":true,"href":"https:\/\/www.eventi-fiere.it\/blog\/wp-json\/wp\/v2\/users\/5"}],"replies":[{"embeddable":true,"href":"https:\/\/www.eventi-fiere.it\/blog\/wp-json\/wp\/v2\/comments?post=674"}],"version-history":[{"count":5,"href":"https:\/\/www.eventi-fiere.it\/blog\/wp-json\/wp\/v2\/posts\/674\/revisions"}],"predecessor-version":[{"id":7894,"href":"https:\/\/www.eventi-fiere.it\/blog\/wp-json\/wp\/v2\/posts\/674\/revisions\/7894"}],"wp:featuredmedia":[{"embeddable":true,"href":"https:\/\/www.eventi-fiere.it\/blog\/wp-json\/wp\/v2\/media\/7893"}],"wp:attachment":[{"href":"https:\/\/www.eventi-fiere.it\/blog\/wp-json\/wp\/v2\/media?parent=674"}],"wp:term":[{"taxonomy":"category","embeddable":true,"href":"https:\/\/www.eventi-fiere.it\/blog\/wp-json\/wp\/v2\/categories?post=674"},{"taxonomy":"post_tag","embeddable":true,"href":"https:\/\/www.eventi-fiere.it\/blog\/wp-json\/wp\/v2\/tags?post=674"},{"taxonomy":"yst_prominent_words","embeddable":true,"href":"https:\/\/www.eventi-fiere.it\/blog\/wp-json\/wp\/v2\/yst_prominent_words?post=674"}],"curies":[{"name":"wp","href":"https:\/\/api.w.org\/{rel}","templated":true}]}}