{"id":6441,"date":"2019-03-04T17:45:29","date_gmt":"2019-03-04T16:45:29","guid":{"rendered":"https:\/\/www.eventi-fiere.it\/blog\/?p=6441"},"modified":"2019-04-04T17:51:59","modified_gmt":"2019-04-04T15:51:59","slug":"come-organizzare-le-attivita-di-workshop","status":"publish","type":"post","link":"https:\/\/www.eventi-fiere.it\/blog\/come-organizzare-le-attivita-di-workshop\/","title":{"rendered":"Come organizzare le attivit\u00e0 di workshop"},"content":{"rendered":"<p>Stai organizzando il tuo primo workshop e vuoi progettare tutto al meglio? Se sei saltato su questo articolo immagino tu abbia bisogno di una mano per l&#8217;organizzazione delle attivit\u00e0 di workshop.<\/p>\n<p>Partendo dal presupposto che i workshop sono centrati sulla discussione di un determinato tema e sullo sviluppo di idee innovative seguendo i metodi didattici, sarebbe utile riuscire a progettare una <strong>scaletta dettagliata del da farsi<\/strong>. In questo modo potrai spalmare in maniera bilanciata le attivit\u00e0 nell&#8217;arco della giornata o nel corso di pi\u00f9 giornate, avendo una visione ben chiara del tuo workshop.<\/p>\n<p>Se sei interessato a sapere esattamente <a href=\"https:\/\/www.eventi-fiere.it\/blog\/che-cose-un-workshop\/\" target=\"_blank\" rel=\"noopener noreferrer\">che cos&#8217;\u00e8 un workshop<\/a>, ti consiglio di leggere l&#8217;articolo sul nostro sito!<\/p>\n<p>Ma torniamo a noi. Se sarai tu ad organizzare e condurre il workshop, come prima attivit\u00e0 ti consiglio di inserire una <strong>presentazione di te stesso, del progetto di lavoro e dei tuoi partecipanti<\/strong>. In questo modo riuscirai a <strong>rompere il ghiaccio<\/strong> e a mettere le basi di interazione all&#8217;interno del gruppo. Inoltre, questo tipo di attivit\u00e0 ti permetter\u00e0 di farti un&#8217;idea generale sui tuoi partecipanti e di individuare quelli pi\u00f9 esigenti e quelli pi\u00f9 deboli.<\/p>\n<p>Prima di procedere con la calendarizzazione delle attivit\u00e0 di workshop, ricorda di <strong>stabilire i tuoi obiettivi e raggiungerli gradualmente<\/strong>. Non avere fretta di concludere e lascia che i partecipanti diano il loro contributo. Spesso i risultati non sono quelli attesi, poich\u00e9 le azioni e le idee dei partecipanti sono imprevedibili, per questo dovrai tenere ben chiari i tuoi obiettivi.<\/p>\n<h2><span class=\"ez-toc-section\" id=\"Dalla_teoria%E2%80%A6\"><\/span>Dalla teoria&#8230;<span class=\"ez-toc-section-end\"><\/span><\/h2><div id=\"ez-toc-container\" class=\"ez-toc-v2_0_27 ez-toc-wrap-right counter-hierarchy\">\n<div class=\"ez-toc-title-container\">\n<p class=\"ez-toc-title\">Contenuti<\/p>\n<span class=\"ez-toc-title-toggle\"><\/span><\/div>\n<nav><ul class=\"ez-toc-list ez-toc-list-level-1\"><li class=\"ez-toc-page-1 ez-toc-heading-level-2\"><a class=\"ez-toc-link ez-toc-heading-1\" href=\"https:\/\/www.eventi-fiere.it\/blog\/come-organizzare-le-attivita-di-workshop\/#Dalla_teoria%E2%80%A6\" title=\"Dalla teoria&#8230;\">Dalla teoria&#8230;<\/a><\/li><li class=\"ez-toc-page-1 ez-toc-heading-level-2\"><a class=\"ez-toc-link ez-toc-heading-2\" href=\"https:\/\/www.eventi-fiere.it\/blog\/come-organizzare-le-attivita-di-workshop\/#%E2%80%A6alla_pratica\" title=\"&#8230;alla pratica\">&#8230;alla pratica<\/a><\/li><li class=\"ez-toc-page-1 ez-toc-heading-level-2\"><a class=\"ez-toc-link ez-toc-heading-3\" href=\"https:\/\/www.eventi-fiere.it\/blog\/come-organizzare-le-attivita-di-workshop\/#Condividi\" title=\"Condividi!\">Condividi!<\/a><\/li><\/ul><\/nav><\/div>\n\n<p>Prepara tutto il materiale informativo, le schede di valutazione, i supporti informatici. Inserisci le <strong>attivit\u00e0 teoriche e impegnative all&#8217;inizio della giornata<\/strong>, in modo tale da sfruttare l&#8217;attenzione dei partecipanti quando \u00e8 molto alta. Cerca sempre di fare delle domande e chiedere il pi\u00f9 possibile il contributo della classe. In questo caso potresti inserire degli <strong>esercizi intermedi<\/strong> per stimolare la memorizzazione e l&#8217;interesse.<\/p>\n<p>Se il tuo workshop accoglier\u00e0 diversi ospiti, ti consiglio di inserirne massimo due nell&#8217;arco di una sola giornata. Questo perch\u00e9 non puoi prevedere quanto tempo si prender\u00e0 ogni ospite, o se il dibattito sar\u00e0 pi\u00f9 lungo del previsto. <strong>Non comprimere i tempi<\/strong>, anzi cerca di lasciare dello spazio libero tra un&#8217;attivit\u00e0 di workshop e l&#8217;altra, ma considera anche <strong>attivit\u00e0 &#8220;di scorta&#8221;<\/strong> per riempire gli spazi vuoti in caso di imprevisti.<\/p>\n<p>Ogni due ore sarebbe opportuno includere un <strong>coffee break<\/strong> per recuperare l&#8217;attenzione e le energie perdute.<\/p>\n<p>Dopo aver affrontato le attivit\u00e0 pi\u00f9 teoriche e aver trasmesso le tue conoscenze, prosegui con le riflessioni e le sensazioni in merito alla teoria. Insomma, lascia che ci sia uno <strong>spazio di dibattito<\/strong> in cui i partecipanti possano discutere tra di loro ed esprimere i loro dubbi, perplessit\u00e0, critiche ed esperienze di vissuto.<\/p>\n<h2><span class=\"ez-toc-section\" id=\"%E2%80%A6alla_pratica\"><\/span>&#8230;alla pratica<span class=\"ez-toc-section-end\"><\/span><\/h2>\n<p>Successivamente, inserisci nella tua scaletta le <strong>attivit\u00e0 di workshop di stampo pratico<\/strong>. Questa fase \u00e8 decisiva poich\u00e9 la palla passa nelle mani dei partecipanti, i quali saranno liberi di dare spazio alla creativit\u00e0. Qui saranno chiamati ad elaborare le loro idee e sviluppare un contenuto, tangibile o intangibile, in base a ci\u00f2 che hanno appreso.<\/p>\n<p>Non sarebbe sbagliato <strong>suddividere la classe in coppie o in gruppi<\/strong> per stimolare maggiormente il coinvolgimento dei partecipanti nel progetto. Si tratta della fase pi\u00f9 esperienziale del workshop, poich\u00e9 oltre a verificare le tue prestazioni da docente, i partecipanti sono chiamati ad interagire tra di loro e a contribuire alla <strong>realizzazione di un&#8217;idea originale<\/strong>.<\/p>\n<p>Come ultima attivit\u00e0 conclusiva, considera il <strong>feedback dei partecipanti<\/strong>. La valutazione del gruppo \u00e8 necessaria al fine di misurare i risultati raggiunti, di capire gli aspetti positivi e soprattutto quelli negativi da migliorare in futuro. Inoltre, questa attivit\u00e0 ti permette di individuare i possibili soggetti disposti a essere ricontattati nel prossimo workshop.<\/p>\n<h2><span class=\"ez-toc-section\" id=\"Condividi\"><\/span>Condividi!<span class=\"ez-toc-section-end\"><\/span><\/h2>\n<p>Se ti \u00e8 piaciuto questo articolo su come organizzare le attivit\u00e0 di workshop, non aspettare a condividerlo&#8230; e buon lavoro!<\/p>\n","protected":false},"excerpt":{"rendered":"<p>Stai organizzando il tuo primo workshop e vuoi progettare tutto al meglio? Se sei saltato su questo articolo immagino tu abbia bisogno di una mano per l&#8217;organizzazione delle attivit\u00e0 di<\/p>\n","protected":false},"author":37,"featured_media":6457,"comment_status":"closed","ping_status":"closed","sticky":false,"template":"","format":"standard","meta":[],"categories":[13,155],"tags":[59,163],"yst_prominent_words":[482,551,8459,635,8463,963,929,2873,8465,486,8464,684,497,892,631,1004,8468,633,2716,597],"_links":{"self":[{"href":"https:\/\/www.eventi-fiere.it\/blog\/wp-json\/wp\/v2\/posts\/6441"}],"collection":[{"href":"https:\/\/www.eventi-fiere.it\/blog\/wp-json\/wp\/v2\/posts"}],"about":[{"href":"https:\/\/www.eventi-fiere.it\/blog\/wp-json\/wp\/v2\/types\/post"}],"author":[{"embeddable":true,"href":"https:\/\/www.eventi-fiere.it\/blog\/wp-json\/wp\/v2\/users\/37"}],"replies":[{"embeddable":true,"href":"https:\/\/www.eventi-fiere.it\/blog\/wp-json\/wp\/v2\/comments?post=6441"}],"version-history":[{"count":8,"href":"https:\/\/www.eventi-fiere.it\/blog\/wp-json\/wp\/v2\/posts\/6441\/revisions"}],"predecessor-version":[{"id":11714,"href":"https:\/\/www.eventi-fiere.it\/blog\/wp-json\/wp\/v2\/posts\/6441\/revisions\/11714"}],"wp:featuredmedia":[{"embeddable":true,"href":"https:\/\/www.eventi-fiere.it\/blog\/wp-json\/wp\/v2\/media\/6457"}],"wp:attachment":[{"href":"https:\/\/www.eventi-fiere.it\/blog\/wp-json\/wp\/v2\/media?parent=6441"}],"wp:term":[{"taxonomy":"category","embeddable":true,"href":"https:\/\/www.eventi-fiere.it\/blog\/wp-json\/wp\/v2\/categories?post=6441"},{"taxonomy":"post_tag","embeddable":true,"href":"https:\/\/www.eventi-fiere.it\/blog\/wp-json\/wp\/v2\/tags?post=6441"},{"taxonomy":"yst_prominent_words","embeddable":true,"href":"https:\/\/www.eventi-fiere.it\/blog\/wp-json\/wp\/v2\/yst_prominent_words?post=6441"}],"curies":[{"name":"wp","href":"https:\/\/api.w.org\/{rel}","templated":true}]}}