{"id":6264,"date":"2018-12-24T17:20:20","date_gmt":"2018-12-24T16:20:20","guid":{"rendered":"https:\/\/www.eventi-fiere.it\/blog\/?p=6264"},"modified":"2018-11-29T10:10:26","modified_gmt":"2018-11-29T09:10:26","slug":"la-mia-cena-aziendale-un-natale-anni-70","status":"publish","type":"post","link":"https:\/\/www.eventi-fiere.it\/blog\/la-mia-cena-aziendale-un-natale-anni-70\/","title":{"rendered":"La mia cena aziendale: un Natale anni &#8217;70"},"content":{"rendered":"<p>Perch\u00e9 organizzare una cena aziendale? Soprattutto a Natale? Leggendo questo articolo vi convincerete che pu\u00f2 trasformarsi in qualcosa di inaspettatamente divertente.<\/p>\n<p><strong>20 Novembre: ore 13:00.\u00a0<\/strong>Pausa-pranzo, dalla finestra vedo l&#8217;edificio di fronte con i soliti odiosi babbi natale che si arrampicano appesi sul muro. \u00c8 incredibile come delle decorazioni natalizie possano rappresentare il male assoluto. Ma ecco che&#8230; Ho un&#8217;idea! Voglio organizzare una fantastica cena di Natale aziendale!\u00a0Lo dico ai miei colleghi. Sono tutti entusiasti, o almeno lo sembrano.\u00a0Devo pensare prima di tutto alla location e alla data. Consulto qualche check list su internet: il primo consiglio che trovo \u00e8 di scegliere un posto che sia il pi\u00f9 lontano possibile dal posto di lavoro. Ok: decido per la nostra sede. Abbiamo ampi locali in cui una cena aziendale riuscirebbe alla perfezione. Non sono ironico: voglio andare controcorrente. Credo che divertirsi e rilassarsi nel proprio ambiente lavorativo possa aiutare a\u00a0disinnescare quella formalit\u00e0 e quel distacco che si forma all&#8217;interno dell&#8217;ufficio.<\/p>\n<p><strong>21 Novembre: ore 11:00<\/strong>. La cena sar\u00e0 il 14 dicembre: non mi resta che comunicarlo. Devo inviare un&#8217;email di invito ad ogni collega. Forse dovrei optare per un un linguaggio informale. Ci penso un attimo e inizio a scrivere. La compongo e la invio: &#8220;Gentilissimi,\u00a0la signoria vostra \u00e8 inviata a presiedere la Cena di Natale della ditta&#8230; bla bla bla&#8221;. Non c&#8217;\u00e8 nulla di informale in tutto questo, lo so, ma amo sentirmi un aristocratico del 1800.<\/p>\n<p><strong>30 Novembre: ore 18:15.\u00a0<\/strong>Ok la location, ok la data: manca il men\u00f9! Abbiamo un tirocinante che non fa altro che vantarsi dei piatti che cucina, manco fosse Carlo Cracco. Potrebbe essere un&#8217;occasione per metterlo alla prova. Poi ci penso bene: forse non \u00e8 una buona idea utilizzare noi come cavie. Allora la scelta ricade su un catering.<\/p>\n<p><strong>4 Dicembre: ore 13:30<\/strong>. Ho pensato a tutto e a 10 giorni dall&#8217;evento sento che manca qualcosa. Ecco! La cena deve essere a tema! Anche questa volta mi affido al web e cerco qualche idea. Mi vengono suggerite da tutte le parti queste &#8220;cene con delitto&#8221;. Sembrano divertenti, ma richiedono una preparazione meticolosa: troppo impegnative! Allora la scelta mi porta negli anni &#8217;70. Che goduria costringere ogni collega ad indossare abiti tipici dei fantasmagorici anni della disco dance.<\/p>\n<p><strong>14 Dicembre: ore 18:00.\u00a0<\/strong>Tra un&#8217;ora e mezza si apriranno le danze, recluto un paio di colleghi e inizio ad addobbare l&#8217;ambiente. Sono assolutamente incapace di allestire una location con classe, per questo confido in Bea e Ross. E qui termina il mio lavoro di designer di interni.<\/p>\n<p><strong>14 Dicembre: ore 19:30<\/strong>. Dopo una doccia torno in azienda e spacco il secondo con la mia puntualit\u00e0. Non c&#8217;\u00e8 nessuno. Sono abituato ad aspettare gli altri: forse qualche volta dovrei ritardare anche io.<\/p>\n<p><strong>14 Dicembre: ore 19:45<\/strong>. Ecco, inizia ad arrivare gente. I costumi sono spettacolari. Soprattutto quello di Salvo, che si presenta con un vestito psichedelico: perfetto compromesso di visioni hippie e disco dance. Una lunga chioma di capelli biondi sono abbinati ad un baffone foltissimo. \u00c8 il re della festa.<\/p>\n<p><strong>14 Dicembre: ore 20:15<\/strong>. Ci sediamo a tavola e subito noto la <em>mise en place\u00a0<\/em>che hanno composto Beatrice e Rossella. Tutti sono entusiasti e sento dire &#8220;ma che brave, che bella composizione!&#8221;. Ho un&#8217;epifania! Non posso che ripensare a come mio nonno era solito dilettarsi con composizioni architettoniche con i tovaglioli nei cenoni di capodanno. Forte della sua esperienza di ristorazione si sentiva un maestro del tovagliolo. Quelle di Ross e Bea che cercano di imitare alberi di natale non sono poi cos\u00ec diverse: antiquate, ma amorevolmente nostalgiche.<\/p>\n<p><strong>14 Dicembre: ore 20:30<\/strong><strong>.\u00a0<\/strong>Si spenge il semaforo rosso! Finalmente si mangia! Arriva l&#8217;antipasto: un tagliere di salumi. Parte subito la discussione sui prodotti tipici delle varie regioni. Io da buon marchigiano non posso che sostenere che esiste un unico e incontrastato re dei salumi: il ciauscolo. Oltre che parlare, ovviamente mangiamo in modo ingordo e in 10 minuti termina tutto.<\/p>\n<p><strong>14 Dicembre: ore 21:00<\/strong>. Il momento del primo: lasagne ipercariche di besciamella e carne. Spettacolari! Ma continuo a preferire i miei vincisgrassi. Nel frattempo la playlist anni &#8217;70 si trasforma in una sequenza di capolavori della musica italiana: Orietta Berti, Nino D&#8217;Angelo, Gigi d&#8217;Alessio, Iva Zanicchi, Pupo e tanti altri mostri sacri.<\/p>\n<p><strong>14 Dicembre: ore 22:00<\/strong>. Dopo il secondo, \u00e8 tempo di panettoni e pandori. Almeno stasera speravo di non sentirmi dire la solita storia dell&#8217;uvetta che fa schifo e che \u00e8 meglio il pandoro ecc. Invece si anima una discussione di circa 15 minuti su come l&#8217;uvetta seppur sia immangiabile abbia comunque molte propriet\u00e0 salutari, addirittura poi su come viene prodotta.<\/p>\n<p><strong>14 Dicembre: ore 22:30<\/strong>. Finito il seminario sulla &#8220;cultura uvettifera&#8221;, si accende una discussione animata. Beppe costruisce una serie di argomentazioni su come Star Wars sia in realt\u00e0 un film western e non fantascientifico: il vino sta facendo effetto e i discorsi ovviamente perdono di significato.<\/p>\n<p><strong>14 Dicembre: ore 23:00. <\/strong>La festa sembra ammosciarsi, serve qualcosa che ravvivi la serata e cosa c&#8217;\u00e8 di meglio di un karaoke? Michael si scatena e apre le danze. Propone la sua hit intramontabile: &#8220;Tardes negras&#8221;, cio\u00e8 Sere nere di Tiziano Ferro in spagnolo. Il suo accento mi sembra perfetto, mi ricorda Enrique Iglesias, forse perch\u00e9 il vino e l&#8217;amaro hanno distorto parecchio la mia percezione della realt\u00e0.<\/p>\n<p><strong>14 Dicembre: ore 01:00.\u00a0<\/strong>Dopo grandi performance e duetti stellari degni dei migliori Albano e Romina, la serata sta per chiudersi. Immersi nella magia del Natale e nei residui dell&#8217;alcol ci salutiamo, dandoci appuntamento a luned\u00ec, per l&#8217;ultima settimana prima delle ferie, dove realmente si percepir\u00e0 la vera magia del Natale: quella del riposo.<\/p>\n","protected":false},"excerpt":{"rendered":"<p>Perch\u00e9 organizzare una cena aziendale? Soprattutto a Natale? Leggendo questo articolo vi convincerete che pu\u00f2 trasformarsi in qualcosa di inaspettatamente divertente. 20 Novembre: ore 13:00.\u00a0Pausa-pranzo, dalla finestra vedo l&#8217;edificio di<\/p>\n","protected":false},"author":38,"featured_media":6293,"comment_status":"closed","ping_status":"closed","sticky":false,"template":"","format":"standard","meta":[],"categories":[73],"tags":[],"yst_prominent_words":[2249,8187,8186,8185,613,2060,2059,525,1164,6482,8182,1565,6895,8192,3150,494,8190,2254,3741,497],"_links":{"self":[{"href":"https:\/\/www.eventi-fiere.it\/blog\/wp-json\/wp\/v2\/posts\/6264"}],"collection":[{"href":"https:\/\/www.eventi-fiere.it\/blog\/wp-json\/wp\/v2\/posts"}],"about":[{"href":"https:\/\/www.eventi-fiere.it\/blog\/wp-json\/wp\/v2\/types\/post"}],"author":[{"embeddable":true,"href":"https:\/\/www.eventi-fiere.it\/blog\/wp-json\/wp\/v2\/users\/38"}],"replies":[{"embeddable":true,"href":"https:\/\/www.eventi-fiere.it\/blog\/wp-json\/wp\/v2\/comments?post=6264"}],"version-history":[{"count":13,"href":"https:\/\/www.eventi-fiere.it\/blog\/wp-json\/wp\/v2\/posts\/6264\/revisions"}],"predecessor-version":[{"id":6878,"href":"https:\/\/www.eventi-fiere.it\/blog\/wp-json\/wp\/v2\/posts\/6264\/revisions\/6878"}],"wp:featuredmedia":[{"embeddable":true,"href":"https:\/\/www.eventi-fiere.it\/blog\/wp-json\/wp\/v2\/media\/6293"}],"wp:attachment":[{"href":"https:\/\/www.eventi-fiere.it\/blog\/wp-json\/wp\/v2\/media?parent=6264"}],"wp:term":[{"taxonomy":"category","embeddable":true,"href":"https:\/\/www.eventi-fiere.it\/blog\/wp-json\/wp\/v2\/categories?post=6264"},{"taxonomy":"post_tag","embeddable":true,"href":"https:\/\/www.eventi-fiere.it\/blog\/wp-json\/wp\/v2\/tags?post=6264"},{"taxonomy":"yst_prominent_words","embeddable":true,"href":"https:\/\/www.eventi-fiere.it\/blog\/wp-json\/wp\/v2\/yst_prominent_words?post=6264"}],"curies":[{"name":"wp","href":"https:\/\/api.w.org\/{rel}","templated":true}]}}