{"id":5462,"date":"2018-10-23T17:20:28","date_gmt":"2018-10-23T15:20:28","guid":{"rendered":"https:\/\/www.eventi-fiere.it\/blog\/?p=5462"},"modified":"2018-10-23T13:00:49","modified_gmt":"2018-10-23T11:00:49","slug":"calendario-fiere-in-italia-dal-19-11-2018-al-25-11-2018-orari-e-prezzi-dei-biglietti","status":"publish","type":"post","link":"https:\/\/www.eventi-fiere.it\/blog\/calendario-fiere-in-italia-dal-19-11-2018-al-25-11-2018-orari-e-prezzi-dei-biglietti\/","title":{"rendered":"Calendario Fiere in Italia dal 19\/11\/2018 al 25\/11\/2018: orari e prezzi dei biglietti"},"content":{"rendered":"<p>Eccoci all&#8217;appuntamento con il <strong>calendario delle<\/strong> <strong>fiere in Italia dal 19\/11\/2018 al 25\/11\/2018<\/strong>. Qui troverete tutte le informazioni fondamentali per le <a href=\"https:\/\/www.eventi-fiere.it\/fiere\/\" target=\"_blank\" rel=\"noopener\"><strong>Fiere Italiane<\/strong><\/a>.<\/p>\n<h2><span class=\"ez-toc-section\" id=\"MAIN_EVENTS\"><\/span>MAIN EVENTS<span class=\"ez-toc-section-end\"><\/span><\/h2><div id=\"ez-toc-container\" class=\"ez-toc-v2_0_27 ez-toc-wrap-right counter-hierarchy\">\n<div class=\"ez-toc-title-container\">\n<p class=\"ez-toc-title\">Contenuti<\/p>\n<span class=\"ez-toc-title-toggle\"><\/span><\/div>\n<nav><ul class=\"ez-toc-list ez-toc-list-level-1\"><li class=\"ez-toc-page-1 ez-toc-heading-level-2\"><a class=\"ez-toc-link ez-toc-heading-1\" href=\"https:\/\/www.eventi-fiere.it\/blog\/calendario-fiere-in-italia-dal-19-11-2018-al-25-11-2018-orari-e-prezzi-dei-biglietti\/#MAIN_EVENTS\" title=\"MAIN EVENTS\">MAIN EVENTS<\/a><\/li><li class=\"ez-toc-page-1 ez-toc-heading-level-2\"><a class=\"ez-toc-link ez-toc-heading-2\" href=\"https:\/\/www.eventi-fiere.it\/blog\/calendario-fiere-in-italia-dal-19-11-2018-al-25-11-2018-orari-e-prezzi-dei-biglietti\/#Pharmexo\" title=\"Pharmexo\">Pharmexo<\/a><\/li><li class=\"ez-toc-page-1 ez-toc-heading-level-2\"><a class=\"ez-toc-link ez-toc-heading-3\" href=\"https:\/\/www.eventi-fiere.it\/blog\/calendario-fiere-in-italia-dal-19-11-2018-al-25-11-2018-orari-e-prezzi-dei-biglietti\/#Mercato_Mediterraneo\" title=\"Mercato Mediterraneo\">Mercato Mediterraneo<\/a><\/li><li class=\"ez-toc-page-1 ez-toc-heading-level-2\"><a class=\"ez-toc-link ez-toc-heading-4\" href=\"https:\/\/www.eventi-fiere.it\/blog\/calendario-fiere-in-italia-dal-19-11-2018-al-25-11-2018-orari-e-prezzi-dei-biglietti\/#Fiera_dAutunno\" title=\"Fiera d&#8217;Autunno\">Fiera d&#8217;Autunno<\/a><\/li><li class=\"ez-toc-page-1 ez-toc-heading-level-2\"><a class=\"ez-toc-link ez-toc-heading-5\" href=\"https:\/\/www.eventi-fiere.it\/blog\/calendario-fiere-in-italia-dal-19-11-2018-al-25-11-2018-orari-e-prezzi-dei-biglietti\/#Geo_Shop\" title=\"Geo Shop\">Geo Shop<\/a><\/li><li class=\"ez-toc-page-1 ez-toc-heading-level-2\"><a class=\"ez-toc-link ez-toc-heading-6\" href=\"https:\/\/www.eventi-fiere.it\/blog\/calendario-fiere-in-italia-dal-19-11-2018-al-25-11-2018-orari-e-prezzi-dei-biglietti\/#Esposizione_Ornitologica_Internazionale\" title=\"Esposizione Ornitologica Internazionale\">Esposizione Ornitologica Internazionale<\/a><\/li><\/ul><\/nav><\/div>\n\n<h2><span class=\"ez-toc-section\" id=\"Pharmexo\"><\/span>Pharmexo<span class=\"ez-toc-section-end\"><\/span><\/h2>\n<p>\u2022 <strong>Quando<\/strong>: dal 23 al 25 novembre<br \/>\n\u2022 <strong>Dove<\/strong>: Napoli<br \/>\n\u2022 <strong>Tipologia<\/strong>: B2B<br \/>\n\u2022 <strong>Frequenza<\/strong>: annuale<br \/>\n\u2022 <strong>Prezzi<\/strong>: ingresso gratuito riservato agli operatori del settore. Per ulteriori informazioni clicca\u00a0<a href=\"http:\/\/www.pharmexpo.it\/visitatori.php\">qui <\/a><br \/>\n\u2022 <strong>Orari<\/strong>: Venerd\u00ec dalle 10:00 alle 18:30 &#8211; Sabato dalle 09:00 alle 18,30 &#8211; Domenica dalle 09,00 alle 15,00<br \/>\n\u2022 <a style=\"font-size: 1.0625rem\" href=\"http:\/\/www.pharmexpo.it\/\" target=\"_blank\" rel=\"noopener\">Sito web<\/a><span style=\"font-size: 1.0625rem\">\u00a0<\/span><\/p>\n<p><strong>Pharmexpo<\/strong> \u00e8 l&#8217;unica fiera dedicata all&#8217;industria farmaceutica dell&#8217;Italia centro-meridionale, che mette in contatto tra loro <strong>farmacisti<\/strong>, <strong>medici<\/strong> ed <strong>operatori<\/strong> con le aziende del settore.<\/p>\n<h2><span class=\"ez-toc-section\" id=\"Mercato_Mediterraneo\"><\/span>Mercato Mediterraneo<span class=\"ez-toc-section-end\"><\/span><\/h2>\n<p>\u2022 <strong>Quando<\/strong>: dal 23 al 26 novembre<br \/>\n\u2022 <strong>Dove<\/strong>: Roma<br \/>\n\u2022 <strong>Tipologia<\/strong>: B2B<br \/>\n\u2022 <strong>Frequenza<\/strong>: annuale<br \/>\n\u2022 <strong>Prezzi<\/strong>: ingresso gratuito riservato agli operatori<br \/>\n\u2022 <a href=\"http:\/\/www.mercatomediterraneo.it\/\" target=\"_blank\" rel=\"noopener\">Sito web<\/a><\/p>\n<p><strong>Mercato Mediterraneo<\/strong> \u00e8 una grande manifestazione all&#8217;interno del settore\u00a0<strong>agroalimentare.<\/strong> Sar\u00e0 occasione di incontro tra\u00a0<strong>affari<\/strong> e <strong>cultura<\/strong>, <strong>scambi<\/strong> e <strong>storie<\/strong>; sar\u00e0 poi possibile acquistare, degustare, conoscere prodotti tipici, oltre che confrontare esperienze e incontrare operatori amanti del settore.<\/p>\n<h2><span class=\"ez-toc-section\" id=\"Fiera_dAutunno\"><\/span>Fiera d&#8217;Autunno<span class=\"ez-toc-section-end\"><\/span><\/h2>\n<ul>\n<li><strong>Quando<\/strong>: dal 23 al 26 novembre<\/li>\n<li><strong>Dove<\/strong>: Bolzano<\/li>\n<li><strong>Tipologia<\/strong>: B2C<\/li>\n<li><strong>Frequenza<\/strong>: annuale<\/li>\n<li><strong>Prezzi<\/strong>: troverai tutti i prezzi <a href=\"http:\/\/www.fierabolzano.it\/fieraautunno\/orari-biglietti.htm\" target=\"_blank\" rel=\"noopener\">qui\u00a0<\/a><\/li>\n<li><strong>Orari<\/strong>: tutti i giorni dalle ore 9.30 alle ore 18.30<\/li>\n<li><a href=\"http:\/\/www.fierabolzano.it\/fieraautunno\/\" target=\"_blank\" rel=\"noopener\">Sito web<\/a><\/li>\n<\/ul>\n<p>Da oltre 70 anni\u00a0<strong style=\"font-size: 1.0625rem\">Fiera d&#8217;Autunno<\/strong><span style=\"font-size: 1.0625rem\">\u00a0\u00e8 diventata una presenza costante nella\u00a0<\/span><strong style=\"font-size: 1.0625rem\">Fiera di Bolzano, <\/strong>offrendo<span style=\"font-size: 1.0625rem\">\u00a0una piattaforma per l&#8217;economia di tutta la regione e oltre. La <\/span><strong style=\"font-size: 1.0625rem\">variet\u00e0 della sua offerta<\/strong> la rende indubbiamente<span style=\"font-size: 1.0625rem\">\u00a0un&#8217;attrazione annuale per oltre 40.000 visitatori. Si Articola in tre settori: <\/span><strong style=\"font-size: 1.0625rem\">Arredo<\/strong><span style=\"font-size: 1.0625rem\">, <\/span><strong style=\"font-size: 1.0625rem\">VitaPlus<\/strong><span style=\"font-size: 1.0625rem\"> e <\/span><strong style=\"font-size: 1.0625rem\">Sani&amp;Vital<\/strong><span style=\"font-size: 1.0625rem\">.<\/span><\/p>\n<h2><span class=\"ez-toc-section\" id=\"Geo_Shop\"><\/span>Geo Shop<span class=\"ez-toc-section-end\"><\/span><\/h2>\n<p>\u2022 <strong>Quando<\/strong>: dal 23 al 25 novembre<br \/>\n\u2022 <strong>Dove<\/strong>: Verona<br \/>\n\u2022 <strong>Tipologia<\/strong>: B2C<br \/>\n\u2022 <strong>Frequenza<\/strong>: annuale<br \/>\n\u2022 <strong>Prezzi<\/strong>: troverai tutti i prezzi <a href=\"https:\/\/www.veronamineralshow.com\/it\/biglietti-e-convenzioni\/\" target=\"_blank\" rel=\"noopener\">qui<\/a><br \/>\n\u2022 <strong>Orari<\/strong>: Tutti i giorni dalle ore 9.30 alle ore 19.00<br \/>\n\u2022 <a href=\"https:\/\/www.veronamineralshow.com\/it\/geo-shop\/\">Sito web<\/a><\/p>\n<p><strong>Geo Shop<\/strong>\u00a0\u00e8 la pi\u00f9 importante fiera italiana e la quarta a livello europeo dedicata ai <strong>minerali<\/strong> ed ai suoi derivati e lavorati, <strong>fossili<\/strong> e <strong>preziosi<\/strong>.<\/p>\n<h2><span class=\"ez-toc-section\" id=\"Esposizione_Ornitologica_Internazionale\"><\/span>Esposizione Ornitologica Internazionale<span class=\"ez-toc-section-end\"><\/span><\/h2>\n<p>\u2022 <strong>Quando<\/strong>: dal 23 al 25 novembre<br \/>\n\u2022 <strong>Dove<\/strong>: Reggio Emilia<br \/>\n\u2022 <strong>Tipologia<\/strong>: B2C<br \/>\n\u2022 <strong>Frequenza<\/strong>: annuale<br \/>\n\u2022 <strong>Prezzi<\/strong>: troverai tutti i prezzi <a href=\"http:\/\/reggioemiliafiere.it\/biglietteria-online-2\/\" target=\"_blank\" rel=\"noopener\">qui<\/a><br \/>\n\u2022 <strong>Orari<\/strong>: Venerd\u00ec 23 novembre dalle 08,00 alle 19,00<br \/>\nSabato 24 novembre dalle 08,00 alle 19,00 (inaugurazione alle ore 11,00)<br \/>\nDomenica 25 novembre dalle 08,00 alle 15,00 (con sgabbio alle ore 16.00)<br \/>\n\u2022 <a href=\"http:\/\/reggioemiliafiere.it\/event\/79-fiera-ornitologica-internazionale\/\" target=\"_blank\" rel=\"noopener\">Sito web<\/a><\/p>\n<p><strong>Esposizione Ornitologica Internazionale<\/strong>\u00a0\u00e8 giunta alla sua 79esima edizione. Sar\u00e0 una occasione per festeggiare gli 80 anni della Societ\u00e0 Ornitologica Reggiana (1938-2018). Tante novit\u00e0 sono in arrivo per gli amanti dell&#8217;ornitologia. Si tratta della <strong>manifestazione ornitologica<\/strong> pi\u00f9 longeva al mondo, e di gran lunga la pi\u00f9 importante d\u2019Europa. Ha permesso cos\u00ec di portare a <strong>Reggio Emilia<\/strong> il meglio dell\u2019<strong>ornitologia mondiale<\/strong>.<\/p>\n","protected":false},"excerpt":{"rendered":"<p>Eccoci all&#8217;appuntamento con il calendario delle fiere in Italia dal 19\/11\/2018 al 25\/11\/2018. Qui troverete tutte le informazioni fondamentali per le Fiere Italiane. MAIN EVENTS Pharmexo \u2022 Quando: dal 23<\/p>\n","protected":false},"author":36,"featured_media":1352,"comment_status":"closed","ping_status":"closed","sticky":false,"template":"","format":"standard","meta":[],"categories":[129,1,33],"tags":[1068,235,1066,1065,1067],"yst_prominent_words":[6835,6834,6842,6838,6836,6853,310,3667,3672,3662,6839,6837,3671,3663,6852,6850,3676,411,364,6851],"_links":{"self":[{"href":"https:\/\/www.eventi-fiere.it\/blog\/wp-json\/wp\/v2\/posts\/5462"}],"collection":[{"href":"https:\/\/www.eventi-fiere.it\/blog\/wp-json\/wp\/v2\/posts"}],"about":[{"href":"https:\/\/www.eventi-fiere.it\/blog\/wp-json\/wp\/v2\/types\/post"}],"author":[{"embeddable":true,"href":"https:\/\/www.eventi-fiere.it\/blog\/wp-json\/wp\/v2\/users\/36"}],"replies":[{"embeddable":true,"href":"https:\/\/www.eventi-fiere.it\/blog\/wp-json\/wp\/v2\/comments?post=5462"}],"version-history":[{"count":11,"href":"https:\/\/www.eventi-fiere.it\/blog\/wp-json\/wp\/v2\/posts\/5462\/revisions"}],"predecessor-version":[{"id":5683,"href":"https:\/\/www.eventi-fiere.it\/blog\/wp-json\/wp\/v2\/posts\/5462\/revisions\/5683"}],"wp:featuredmedia":[{"embeddable":true,"href":"https:\/\/www.eventi-fiere.it\/blog\/wp-json\/wp\/v2\/media\/1352"}],"wp:attachment":[{"href":"https:\/\/www.eventi-fiere.it\/blog\/wp-json\/wp\/v2\/media?parent=5462"}],"wp:term":[{"taxonomy":"category","embeddable":true,"href":"https:\/\/www.eventi-fiere.it\/blog\/wp-json\/wp\/v2\/categories?post=5462"},{"taxonomy":"post_tag","embeddable":true,"href":"https:\/\/www.eventi-fiere.it\/blog\/wp-json\/wp\/v2\/tags?post=5462"},{"taxonomy":"yst_prominent_words","embeddable":true,"href":"https:\/\/www.eventi-fiere.it\/blog\/wp-json\/wp\/v2\/yst_prominent_words?post=5462"}],"curies":[{"name":"wp","href":"https:\/\/api.w.org\/{rel}","templated":true}]}}