{"id":4058,"date":"2018-07-11T17:20:10","date_gmt":"2018-07-11T15:20:10","guid":{"rendered":"https:\/\/www.eventi-fiere.it\/blog\/?p=4058"},"modified":"2018-07-13T09:33:56","modified_gmt":"2018-07-13T07:33:56","slug":"perche-organizzare-eventi-aziendali","status":"publish","type":"post","link":"https:\/\/www.eventi-fiere.it\/blog\/perche-organizzare-eventi-aziendali\/","title":{"rendered":"Perch\u00e9 organizzare eventi aziendali?"},"content":{"rendered":"<h2>L&#8217;importanza di organizzare eventi aziendali per incrementare il benessere dei dipendenti in ufficio e accrescere la loro stima nei confronti dell&#8217;azienda.<\/h2>\n<p>Organizzare eventi \u00e8 sempre <strong>conveniente<\/strong>?<br \/>\nIl periodo di crisi economica che stiamo vivendo porta senza dubbio a contenere i costi delle nostre aziende e a fare delle manovre sul budget, spesso con grossi tagli a settori che si ritengono poco o nulla fruttuosi. L\u2019area <strong>marketing e comunicazione<\/strong> \u00e8 senza dubbio quella che risente pi\u00f9 di tutte delle riorganizzazioni dell\u2019economia di un\u2019azienda. Ma ha davvero senso eliminare gli eventi aziendali? Organizzare eventi \u00e8 il metodo migliore e pi\u00f9 diretto di <strong>comunicare con il vostro target<\/strong>, con il vostro pubblico intero e con tutti i possibili interessati.<\/p>\n<h2><strong>Ma perch\u00e9 organizzare eventi?<\/strong><\/h2>\n<ul>\n<li>F<strong>arsi conoscere<\/strong>: non c&#8217;\u00e8 nulla di pi\u00f9 efficace degli eventi aziendali per raggiungere in una volta sola pi\u00f9 persone possibili, il nostro target e i possibili altri soggetti interessati. E&#8217; un&#8217;ottima occasione per fare <strong>pubbliche relazioni<\/strong>.<\/li>\n<li><strong>Porta pubblico<\/strong> e <strong>crea ricordo<\/strong> dell&#8217;azienda: se l&#8217;evento \u00e8 bello, gli ospiti si divertono, si sentono parte di un momento unico di condivisione, si ricorderanno di voi e del vostro brand.<\/li>\n<li><strong>Momenti ludici <\/strong>e di <strong>svago<\/strong>: si possono<strong> allargare le conoscenze<\/strong> e <strong>raccogliere pi\u00f9 consensi possibili.<\/strong><br \/>\nPerch\u00e9 organizzare eventi \u00e8 divertente, piace e anche parteciparvi crea \u201cgiro\u201d e \u201cfama\u201d.<\/li>\n<\/ul>\n<p>Ovviamente organizzare eventi non \u00e8 facilissimo, le cose a cui prestare attenzione sono tante e dovrete <strong>essere preparati su tutti gli argomenti<\/strong>. Inoltre vale il detto \u201cad ognuno il suo mestiere\u201d. Esistono professionisti preparati che vi possono aiutare a <strong>centrare tutti gli obiettivi portando successo alla vostra azienda.<\/strong><\/p>\n<p>Iniziate a dare un&#8217;occhiata <a href=\"https:\/\/www.eventi-fiere.it\/blog\/organizzare-eventi-regole\/\" target=\"_blank\" rel=\"noopener\">qui<\/a> per capire le basi per organizzare eventi, ma ricordatevi poi di rivolgervi a un professionista!<\/p>\n<p>Grazie per l&#8217;attenzione, se avete trovato i miei consigli interessanti<strong> non dimenticatevi di condividere questo articolo!<\/strong><\/p>\n","protected":false},"excerpt":{"rendered":"<p>L&#8217;importanza di organizzare eventi aziendali per incrementare il benessere dei dipendenti in ufficio e accrescere la loro stima nei confronti dell&#8217;azienda. Organizzare eventi \u00e8 sempre conveniente? Il periodo di crisi<\/p>\n","protected":false},"author":24,"featured_media":4131,"comment_status":"closed","ping_status":"closed","sticky":false,"template":"","format":"standard","meta":[],"categories":[1,13],"tags":[185,1693],"yst_prominent_words":[1134,1062,919,1060,1629,1061,497,493,1059,1063,612,556],"_links":{"self":[{"href":"https:\/\/www.eventi-fiere.it\/blog\/wp-json\/wp\/v2\/posts\/4058"}],"collection":[{"href":"https:\/\/www.eventi-fiere.it\/blog\/wp-json\/wp\/v2\/posts"}],"about":[{"href":"https:\/\/www.eventi-fiere.it\/blog\/wp-json\/wp\/v2\/types\/post"}],"author":[{"embeddable":true,"href":"https:\/\/www.eventi-fiere.it\/blog\/wp-json\/wp\/v2\/users\/24"}],"replies":[{"embeddable":true,"href":"https:\/\/www.eventi-fiere.it\/blog\/wp-json\/wp\/v2\/comments?post=4058"}],"version-history":[{"count":6,"href":"https:\/\/www.eventi-fiere.it\/blog\/wp-json\/wp\/v2\/posts\/4058\/revisions"}],"predecessor-version":[{"id":4775,"href":"https:\/\/www.eventi-fiere.it\/blog\/wp-json\/wp\/v2\/posts\/4058\/revisions\/4775"}],"wp:featuredmedia":[{"embeddable":true,"href":"https:\/\/www.eventi-fiere.it\/blog\/wp-json\/wp\/v2\/media\/4131"}],"wp:attachment":[{"href":"https:\/\/www.eventi-fiere.it\/blog\/wp-json\/wp\/v2\/media?parent=4058"}],"wp:term":[{"taxonomy":"category","embeddable":true,"href":"https:\/\/www.eventi-fiere.it\/blog\/wp-json\/wp\/v2\/categories?post=4058"},{"taxonomy":"post_tag","embeddable":true,"href":"https:\/\/www.eventi-fiere.it\/blog\/wp-json\/wp\/v2\/tags?post=4058"},{"taxonomy":"yst_prominent_words","embeddable":true,"href":"https:\/\/www.eventi-fiere.it\/blog\/wp-json\/wp\/v2\/yst_prominent_words?post=4058"}],"curies":[{"name":"wp","href":"https:\/\/api.w.org\/{rel}","templated":true}]}}