{"id":4015,"date":"2019-01-07T17:20:46","date_gmt":"2019-01-07T16:20:46","guid":{"rendered":"https:\/\/www.eventi-fiere.it\/blog\/?p=4015"},"modified":"2018-11-20T09:18:08","modified_gmt":"2018-11-20T08:18:08","slug":"comunicazione-eventi-culturali","status":"publish","type":"post","link":"https:\/\/www.eventi-fiere.it\/blog\/comunicazione-eventi-culturali\/","title":{"rendered":"Eventi culturali: la campagna di comunicazione"},"content":{"rendered":"<p>La <strong>comunicazione degli eventi culturali<\/strong> \u00e8 uno step che va affrontato con estrema professionalit\u00e0 e conoscenza del settore.<br \/>\nIn altri ambiti infatti, le classiche campagne di comunicazione si basano sul presupposto della creazione di bisogni, sono orientate a gusti e tendenze e sottoscrivono le pi\u00f9 diverse opportunit\u00e0.<br \/>\nPer quanto riguarda questi eventi invece, la protagonista \u00e8 la realt\u00e0. Se il contenuto non rispecchia gli interessi e le motivazioni del pubblico al quale \u00e8 rivolto, non sar\u00e0 efficace, in quanto la comunicazione non riuscir\u00e0 a far prendere alle persone la decisione di parteciparvi.<\/p>\n<p>Ecco le linee guida per una corretta gestione della comunicazione di un evento culturale.<\/p>\n<h3>Eventi culturali: la campagna di comunicazione &#8216;step by step&#8217;<\/h3>\n<ol>\n<li><strong>Analisi preliminare generale:<\/strong> come in ogni campagna di comunicazione, la prima fase \u00e8 quella di analisi. \u00c8 importante individuare contenuti, obiettivi, tempistiche, budget e aspettative del committente dell\u2019evento.<\/li>\n<li><strong>Piano di comunicazione:<\/strong> il piano di comunicazione \u00e8 il passo successivo l\u2019analisi preliminare, riordina le idee e definisce quali siano le linee da seguire<\/li>\n<li><strong>Analisi del pubblico e\u00a0del contesto comunicativo:\u00a0<\/strong>conoscere approfonditamente il proprio pubblico di riferimento e sapere con che linguaggio comunicare e come approcciarsi per attirare l\u2019attenzione del pubblico destinatario. Utilizzare\u00a0messaggi semplici, chiari e concisi.<\/li>\n<li><strong>Selezionare i canali di comunicazione e le informazioni da trasmettere.<\/strong>\u00a0Le informazioni sull\u2019evento vanno distribuite in modo ponderato e con i mezzi pi\u00f9 indicati a seconda della tematica dell\u2019evento. Individuare\u00a0i contenuti chiave e gli elementi che saranno i principali nel corso dell\u2019evento.<\/li>\n<li><strong>Pianificazione delle attivit\u00e0 di comunicazione:<\/strong> \u00e8 necessario integrare le conoscenze sul proprio pubblico e sul proprio contenuto per sviluppare una strategia adeguata.<\/li>\n<li><strong>Definizione dell\u2019immagine coordinata:<\/strong> per mantenere una continuit\u00e0 tra il promotore e l\u2019evento \u00e8 fondamentale concentrarsi sulla selezione di elementi grafici e di design adeguati.<\/li>\n<\/ol>\n<p>Gestire la comunicazione degli eventi culturali non \u00e8 semplice, ma sopratutto richiede grande dedizione e attenzione. Rivolgiti ad un&#8217;<a href=\"https:\/\/www.eventi-fiere.it\/servizi\/agenzie-di-comunicazione\/\" target=\"_blank\" rel=\"noopener\"><strong>agenzia di comunicazione<\/strong><\/a>, ti aiuter\u00e0 a raggiungere il tuo obiettivo!<\/p>\n<p><strong>Innanzitutto per\u00f2&#8230;condividi questo articolo!<\/strong><\/p>\n","protected":false},"excerpt":{"rendered":"<p>La comunicazione degli eventi culturali \u00e8 uno step che va affrontato con estrema professionalit\u00e0 e conoscenza del settore. In altri ambiti infatti, le classiche campagne di comunicazione si basano sul<\/p>\n","protected":false},"author":16,"featured_media":4022,"comment_status":"closed","ping_status":"closed","sticky":false,"template":"","format":"standard","meta":[],"categories":[93,1],"tags":[623,1693,696],"yst_prominent_words":[1072,2132,3160,5328,5329,637,1559,2275,495,251,5311,929,554,5306,512,587,5304,5303,612,682],"_links":{"self":[{"href":"https:\/\/www.eventi-fiere.it\/blog\/wp-json\/wp\/v2\/posts\/4015"}],"collection":[{"href":"https:\/\/www.eventi-fiere.it\/blog\/wp-json\/wp\/v2\/posts"}],"about":[{"href":"https:\/\/www.eventi-fiere.it\/blog\/wp-json\/wp\/v2\/types\/post"}],"author":[{"embeddable":true,"href":"https:\/\/www.eventi-fiere.it\/blog\/wp-json\/wp\/v2\/users\/16"}],"replies":[{"embeddable":true,"href":"https:\/\/www.eventi-fiere.it\/blog\/wp-json\/wp\/v2\/comments?post=4015"}],"version-history":[{"count":5,"href":"https:\/\/www.eventi-fiere.it\/blog\/wp-json\/wp\/v2\/posts\/4015\/revisions"}],"predecessor-version":[{"id":4074,"href":"https:\/\/www.eventi-fiere.it\/blog\/wp-json\/wp\/v2\/posts\/4015\/revisions\/4074"}],"wp:featuredmedia":[{"embeddable":true,"href":"https:\/\/www.eventi-fiere.it\/blog\/wp-json\/wp\/v2\/media\/4022"}],"wp:attachment":[{"href":"https:\/\/www.eventi-fiere.it\/blog\/wp-json\/wp\/v2\/media?parent=4015"}],"wp:term":[{"taxonomy":"category","embeddable":true,"href":"https:\/\/www.eventi-fiere.it\/blog\/wp-json\/wp\/v2\/categories?post=4015"},{"taxonomy":"post_tag","embeddable":true,"href":"https:\/\/www.eventi-fiere.it\/blog\/wp-json\/wp\/v2\/tags?post=4015"},{"taxonomy":"yst_prominent_words","embeddable":true,"href":"https:\/\/www.eventi-fiere.it\/blog\/wp-json\/wp\/v2\/yst_prominent_words?post=4015"}],"curies":[{"name":"wp","href":"https:\/\/api.w.org\/{rel}","templated":true}]}}