{"id":3849,"date":"2019-01-14T17:20:19","date_gmt":"2019-01-14T16:20:19","guid":{"rendered":"https:\/\/www.eventi-fiere.it\/blog\/?p=3849"},"modified":"2018-11-20T09:19:23","modified_gmt":"2018-11-20T08:19:23","slug":"concerto-e-festival-organizzazioni","status":"publish","type":"post","link":"https:\/\/www.eventi-fiere.it\/blog\/concerto-e-festival-organizzazioni\/","title":{"rendered":"Festival e concerto: organizzazioni differenti"},"content":{"rendered":"<h2><span class=\"ez-toc-section\" id=\"Un_festival_richiede_la_stessa_organizzazione_di_un_concerto\"><\/span>Un festival richiede la stessa organizzazione di un concerto?<span class=\"ez-toc-section-end\"><\/span><\/h2><div id=\"ez-toc-container\" class=\"ez-toc-v2_0_27 ez-toc-wrap-right counter-hierarchy\">\n<div class=\"ez-toc-title-container\">\n<p class=\"ez-toc-title\">Contenuti<\/p>\n<span class=\"ez-toc-title-toggle\"><\/span><\/div>\n<nav><ul class=\"ez-toc-list ez-toc-list-level-1\"><li class=\"ez-toc-page-1 ez-toc-heading-level-2\"><a class=\"ez-toc-link ez-toc-heading-1\" href=\"https:\/\/www.eventi-fiere.it\/blog\/concerto-e-festival-organizzazioni\/#Un_festival_richiede_la_stessa_organizzazione_di_un_concerto\" title=\"Un festival richiede la stessa organizzazione di un concerto?\">Un festival richiede la stessa organizzazione di un concerto?<\/a><ul class=\"ez-toc-list-level-3\"><li class=\"ez-toc-heading-level-3\"><a class=\"ez-toc-link ez-toc-heading-2\" href=\"https:\/\/www.eventi-fiere.it\/blog\/concerto-e-festival-organizzazioni\/#_Non_fare_di_tutta_lerba_un_fascio\" title=\"\u00a0Non fare di tutta l&#8217;erba un fascio!\">\u00a0Non fare di tutta l&#8217;erba un fascio!<\/a><\/li><li class=\"ez-toc-page-1 ez-toc-heading-level-3\"><a class=\"ez-toc-link ez-toc-heading-3\" href=\"https:\/\/www.eventi-fiere.it\/blog\/concerto-e-festival-organizzazioni\/#Festival_e_concerto_le_maggiori_differenze\" title=\"Festival e concerto: le maggiori differenze\">Festival e concerto: le maggiori differenze<\/a><\/li><\/ul><\/li><\/ul><\/nav><\/div>\n\n<p><strong>Festival o concerto? Che differenza c&#8217;\u00e8 tra le due manifestazioni musicali?<\/strong> All&#8217;apparenza nessuna.<br \/>\nL&#8217;obiettivo finale, questo s\u00ec, \u00e8 molto simile: quello di organizzare un evento che possa attirare pi\u00f9 pubblico possibile.<br \/>\nMa se andiamo ad analizzare nel dettaglio gli aspetti organizzativi vedremo che di differenze ce ne sono e come. Scopriamole insieme!<\/p>\n<h3><span class=\"ez-toc-section\" id=\"_Non_fare_di_tutta_lerba_un_fascio\"><\/span>\u00a0Non fare di tutta l&#8217;erba un fascio!<span class=\"ez-toc-section-end\"><\/span><\/h3>\n<p>Il festival non \u00e8 da considerare solo come un concerto pi\u00f9 grande o come una serie di concerti.<br \/>\nUn festival deve essere curato nei minimi particolari, prendendoci cura di numerose altre sfaccettature. Sicuramente la <strong>strategia di marketing<\/strong> e promozione dell\u2019evento deve essere potenziata in funzione del processo di targetizzazione del pubblico e quindi inevitabilmente del festival.<\/p>\n<h3><span class=\"ez-toc-section\" id=\"Festival_e_concerto_le_maggiori_differenze\"><\/span>Festival e concerto: le maggiori differenze<span class=\"ez-toc-section-end\"><\/span><\/h3>\n<p>Tra le maggiori differenze, si possono citare diversi aspetti. Vediamo nel dettaglio in cosa si differenzia <strong>l&#8217;organizzazione di un festival<\/strong> rispetto a quella dei pi\u00f9 &#8216;comuni&#8217; concerti.<\/p>\n<ul>\n<li><strong>Ampliare l\u2019offerta artistica<\/strong>, non focalizzandosi solo sull\u2019arte musicale ma anche toccando e creando altri tipi di arti.<\/li>\n<li><strong>\u00a0Gestire e creare un sistema di servizio catering<\/strong>. \u00c8 essenziale fornire un servizio di qualit\u00e0 elevata e coerente con la linea artistica della manifestazione.<\/li>\n<li>Solitamente un evento di questo tipo richiama pi\u00f9 pubblico spalmato in pi\u00f9 giorni.<strong> Allestire pi\u00f9 punti bar<\/strong> per fronteggiare alla maggior affluenza \u00e8 sicuramente un&#8217;idea ben studiata.<\/li>\n<li><strong>Curare la logistica<\/strong> affinch\u00e9 sia semplice ma efficace. Parcheggio, indicazioni, sicurezza sono indispensabili. Evitare che si vengano a creare code chilometriche in entrata e in uscita, non faranno altro che innervosire i partecipanti all&#8217;evento.<\/li>\n<li><strong>Gestire una zona camping<\/strong> o comunque offrire la possibilit\u00e0 di fermarsi per la notte se il festival \u00e8 spalmato su pi\u00f9 giorni.Tutto questo va implementato agli obiettivi e agli aspetti da creare e curare per l\u2019organizzazione di un singolo concerto.<\/li>\n<\/ul>\n<p>Per organizzare al meglio il tuo evento rivolgiti a <a href=\"https:\/\/www.eventi-fiere.it\/servizi\/organizzatori-di-eventi\/\" target=\"_blank\" rel=\"noopener\"><strong>organizzatori<\/strong> <\/a>professionisti! E se sei in difficolt\u00e0 nell&#8217;organizzazione di un concerto, dai un&#8217;occhiata a <a href=\"https:\/\/www.eventi-fiere.it\/blog\/organizzare-un-concerto\/\" target=\"_blank\" rel=\"noopener\">questo articolo<\/a>.<\/p>\n<p><strong>Condividi questo articolo!<\/strong><\/p>\n<p>&nbsp;<\/p>\n","protected":false},"excerpt":{"rendered":"<p>Un festival richiede la stessa organizzazione di un concerto? Festival o concerto? Che differenza c&#8217;\u00e8 tra le due manifestazioni musicali? All&#8217;apparenza nessuna. L&#8217;obiettivo finale, questo s\u00ec, \u00e8 molto simile: quello<\/p>\n","protected":false},"author":16,"featured_media":3884,"comment_status":"closed","ping_status":"closed","sticky":false,"template":"","format":"standard","meta":[],"categories":[115,126,1,13],"tags":[185,1693],"yst_prominent_words":[482,5051,5108,5050,505,1119,1310,3179,280,5049,260,1656,5105,5104,497,612,444,5107],"_links":{"self":[{"href":"https:\/\/www.eventi-fiere.it\/blog\/wp-json\/wp\/v2\/posts\/3849"}],"collection":[{"href":"https:\/\/www.eventi-fiere.it\/blog\/wp-json\/wp\/v2\/posts"}],"about":[{"href":"https:\/\/www.eventi-fiere.it\/blog\/wp-json\/wp\/v2\/types\/post"}],"author":[{"embeddable":true,"href":"https:\/\/www.eventi-fiere.it\/blog\/wp-json\/wp\/v2\/users\/16"}],"replies":[{"embeddable":true,"href":"https:\/\/www.eventi-fiere.it\/blog\/wp-json\/wp\/v2\/comments?post=3849"}],"version-history":[{"count":6,"href":"https:\/\/www.eventi-fiere.it\/blog\/wp-json\/wp\/v2\/posts\/3849\/revisions"}],"predecessor-version":[{"id":4064,"href":"https:\/\/www.eventi-fiere.it\/blog\/wp-json\/wp\/v2\/posts\/3849\/revisions\/4064"}],"wp:featuredmedia":[{"embeddable":true,"href":"https:\/\/www.eventi-fiere.it\/blog\/wp-json\/wp\/v2\/media\/3884"}],"wp:attachment":[{"href":"https:\/\/www.eventi-fiere.it\/blog\/wp-json\/wp\/v2\/media?parent=3849"}],"wp:term":[{"taxonomy":"category","embeddable":true,"href":"https:\/\/www.eventi-fiere.it\/blog\/wp-json\/wp\/v2\/categories?post=3849"},{"taxonomy":"post_tag","embeddable":true,"href":"https:\/\/www.eventi-fiere.it\/blog\/wp-json\/wp\/v2\/tags?post=3849"},{"taxonomy":"yst_prominent_words","embeddable":true,"href":"https:\/\/www.eventi-fiere.it\/blog\/wp-json\/wp\/v2\/yst_prominent_words?post=3849"}],"curies":[{"name":"wp","href":"https:\/\/api.w.org\/{rel}","templated":true}]}}