{"id":3848,"date":"2019-01-16T17:20:58","date_gmt":"2019-01-16T16:20:58","guid":{"rendered":"https:\/\/www.eventi-fiere.it\/blog\/?p=3848"},"modified":"2019-03-28T12:07:43","modified_gmt":"2019-03-28T11:07:43","slug":"location-eventi-e-come-allestirle","status":"publish","type":"post","link":"https:\/\/www.eventi-fiere.it\/blog\/location-eventi-e-come-allestirle\/","title":{"rendered":"Location eventi: guida all&#8217;allestimento"},"content":{"rendered":"<h2><span class=\"ez-toc-section\" id=\"Come_allestire_la_location_per_il_nostro_e_vento\"><\/span>Come allestire la location per il nostro e vento<span class=\"ez-toc-section-end\"><\/span><\/h2><div id=\"ez-toc-container\" class=\"ez-toc-v2_0_27 ez-toc-wrap-right counter-hierarchy\">\n<div class=\"ez-toc-title-container\">\n<p class=\"ez-toc-title\">Contenuti<\/p>\n<span class=\"ez-toc-title-toggle\"><\/span><\/div>\n<nav><ul class=\"ez-toc-list ez-toc-list-level-1\"><li class=\"ez-toc-page-1 ez-toc-heading-level-2\"><a class=\"ez-toc-link ez-toc-heading-1\" href=\"https:\/\/www.eventi-fiere.it\/blog\/location-eventi-e-come-allestirle\/#Come_allestire_la_location_per_il_nostro_e_vento\" title=\"Come allestire la location per il nostro e vento\">Come allestire la location per il nostro e vento<\/a><ul class=\"ez-toc-list-level-3\"><li class=\"ez-toc-heading-level-3\"><a class=\"ez-toc-link ez-toc-heading-2\" href=\"https:\/\/www.eventi-fiere.it\/blog\/location-eventi-e-come-allestirle\/#Suggerimenti_per_allestire_la_location\" title=\"Suggerimenti per allestire la location\">Suggerimenti per allestire la location<\/a><\/li><li class=\"ez-toc-page-1 ez-toc-heading-level-3\"><a class=\"ez-toc-link ez-toc-heading-3\" href=\"https:\/\/www.eventi-fiere.it\/blog\/location-eventi-e-come-allestirle\/#Fare_attenzione_ai_dettagli\" title=\"Fare attenzione ai dettagli\">Fare attenzione ai dettagli<\/a><\/li><li class=\"ez-toc-page-1 ez-toc-heading-level-3\"><a class=\"ez-toc-link ez-toc-heading-4\" href=\"https:\/\/www.eventi-fiere.it\/blog\/location-eventi-e-come-allestirle\/#Conoscere_i_trends_del_momento\" title=\"Conoscere i trends del momento\">Conoscere i trends del momento<\/a><\/li><\/ul><\/li><\/ul><\/nav><\/div>\n\n<p><strong>Location eventi<\/strong>: ne abbiamo gi\u00e0 parlato, analizzando <a href=\"https:\/\/www.eventi-fiere.it\/blog\/location-eventi-dove-per-business-lunch\/\">come renderla ideale per i colleghi fuori sede<\/a>. Ora pensiamo a come gestirla: una volta scelta dobbiamo decidere come <strong>allestire<\/strong> tutto lo spazio a disposizione.\u00a0 La location eventi sar\u00e0 ci\u00f2 che i clienti vedranno, in base ai loro gusti si faranno una prima impressione: sta a noi decidere come creare solo buone impressioni.<\/p>\n<h3><span class=\"ez-toc-section\" id=\"Suggerimenti_per_allestire_la_location\"><\/span>Suggerimenti per allestire la location<span class=\"ez-toc-section-end\"><\/span><\/h3>\n<p>Iniziando a <strong>decorare<\/strong> la nostra location eventi, dobbiamo tenere a mente lo <strong>stile e i colori del nostro brand<\/strong>, in modo da creare un ambiente facilmente ricollegabile a noi e quindi riconoscibile. Creare un luogo che \u00e8 totalmente con la filosofia della nostra azienda pu\u00f2 creare disagi nei clienti e nel capire il messaggio che vogliamo trasmettere loro.<\/p>\n<h3><span class=\"ez-toc-section\" id=\"Fare_attenzione_ai_dettagli\"><\/span>Fare attenzione ai dettagli<span class=\"ez-toc-section-end\"><\/span><\/h3>\n<p><strong>Pensare a tutto senza tralasciare nessun particolare<\/strong>. Bisogna sempre tenere a mente che il luogo dove gli ospiti arriveranno sar\u00e0 la prima cosa che vedranno e che ricorderanno. Sar\u00e0 sempre visibile in ogni scatto, soprattutto social. Inizia a farti <strong>pubblicit\u00e0 grazie ai social e alle persone che scatteranno foto e le condivideranno<\/strong>. Pi\u00f9 sar\u00e0 d&#8217;impatto la tua location eventi e pi\u00f9 condivisioni otterrai. Assicurati che tutto sia in linea con lo stile del luogo e con il tuo brand. Evita di creare accostamenti azzardati, che rischiano di diventare oggetto di lamentele o derisioni da parte dei clienti.<\/p>\n<h3><span class=\"ez-toc-section\" id=\"Conoscere_i_trends_del_momento\"><\/span>Conoscere i trends del momento<span class=\"ez-toc-section-end\"><\/span><\/h3>\n<p><strong>Lo stile con il quale allestiamo una location eventi deve tener conto della moda del momento, sia per i dettagli di stile, sia per i materiali e gli strumenti utilizzati<\/strong>.<br \/>\nEssere innovativi senza esagerare: capire fino a dove spingersi per non cadere in allestimenti fuori luogo, troppo esagerati o, al contrario, poco dettagliati.<br \/>\nCercare il particolare con la giusta dose di buon senso e buon gusto \u00e8 la chiave ideale del possibile successo di tutta la location, senza condizionare il successo del nostro evento.<\/p>\n<p>Le decorazioni, i trend del momento, il nostro brand sono cose fondamentali da implementare nelle nostre location eventi. Clicca <a href=\"https:\/\/www.eventi-fiere.it\/servizi\/allestimenti\/\">qui<\/a> per avere un&#8217;aiuto professionale sull&#8217;allestimento della tua e non dimenticare di condividere quest&#8217;articolo per aiutare possibili altre persone nella tua stessa situazione.<\/p>\n<p>Se ti ho aiutato condividi l&#8217;articolo!<\/p>\n","protected":false},"excerpt":{"rendered":"<p>Come allestire la location per il nostro e vento Location eventi: ne abbiamo gi\u00e0 parlato, analizzando come renderla ideale per i colleghi fuori sede. Ora pensiamo a come gestirla: una<\/p>\n","protected":false},"author":22,"featured_media":3879,"comment_status":"closed","ping_status":"closed","sticky":false,"template":"","format":"standard","meta":[],"categories":[108,14,83,89],"tags":[232,32],"yst_prominent_words":[1865,5416,626,535,477,505,586,2308,251,895,494,1564,1076,4306,643,1701,844,1488,5047,5069],"_links":{"self":[{"href":"https:\/\/www.eventi-fiere.it\/blog\/wp-json\/wp\/v2\/posts\/3848"}],"collection":[{"href":"https:\/\/www.eventi-fiere.it\/blog\/wp-json\/wp\/v2\/posts"}],"about":[{"href":"https:\/\/www.eventi-fiere.it\/blog\/wp-json\/wp\/v2\/types\/post"}],"author":[{"embeddable":true,"href":"https:\/\/www.eventi-fiere.it\/blog\/wp-json\/wp\/v2\/users\/22"}],"replies":[{"embeddable":true,"href":"https:\/\/www.eventi-fiere.it\/blog\/wp-json\/wp\/v2\/comments?post=3848"}],"version-history":[{"count":4,"href":"https:\/\/www.eventi-fiere.it\/blog\/wp-json\/wp\/v2\/posts\/3848\/revisions"}],"predecessor-version":[{"id":11432,"href":"https:\/\/www.eventi-fiere.it\/blog\/wp-json\/wp\/v2\/posts\/3848\/revisions\/11432"}],"wp:featuredmedia":[{"embeddable":true,"href":"https:\/\/www.eventi-fiere.it\/blog\/wp-json\/wp\/v2\/media\/3879"}],"wp:attachment":[{"href":"https:\/\/www.eventi-fiere.it\/blog\/wp-json\/wp\/v2\/media?parent=3848"}],"wp:term":[{"taxonomy":"category","embeddable":true,"href":"https:\/\/www.eventi-fiere.it\/blog\/wp-json\/wp\/v2\/categories?post=3848"},{"taxonomy":"post_tag","embeddable":true,"href":"https:\/\/www.eventi-fiere.it\/blog\/wp-json\/wp\/v2\/tags?post=3848"},{"taxonomy":"yst_prominent_words","embeddable":true,"href":"https:\/\/www.eventi-fiere.it\/blog\/wp-json\/wp\/v2\/yst_prominent_words?post=3848"}],"curies":[{"name":"wp","href":"https:\/\/api.w.org\/{rel}","templated":true}]}}