{"id":3790,"date":"2018-11-15T17:20:51","date_gmt":"2018-11-15T16:20:51","guid":{"rendered":"https:\/\/www.eventi-fiere.it\/blog\/?p=3790"},"modified":"2018-11-12T09:51:21","modified_gmt":"2018-11-12T08:51:21","slug":"organizzazione-eventi-passaggi","status":"publish","type":"post","link":"https:\/\/www.eventi-fiere.it\/blog\/organizzazione-eventi-passaggi\/","title":{"rendered":"Organizzazione eventi: i passaggi da seguire"},"content":{"rendered":"<p>L&#8217;<strong>organizzazione di eventi<\/strong> \u00e8 un lavoro per professionisti e, un evento ben organizzato, permette di avere un ritorno economico vantaggioso e continuare ad investire su questo metodo di comunicazione con sempre maggior padronanza dell\u2019argomento.<br \/>\n<strong>Quali sono i passi fondamentali per organizzare un evento? Vediamolo insieme!<\/strong><\/p>\n<h3><span class=\"ez-toc-section\" id=\"Organizzazione_eventi_stabilire_il_target\"><\/span>Organizzazione eventi: stabilire il target<span class=\"ez-toc-section-end\"><\/span><\/h3><div id=\"ez-toc-container\" class=\"ez-toc-v2_0_27 ez-toc-wrap-right counter-hierarchy\">\n<div class=\"ez-toc-title-container\">\n<p class=\"ez-toc-title\">Contenuti<\/p>\n<span class=\"ez-toc-title-toggle\"><\/span><\/div>\n<nav><ul class=\"ez-toc-list ez-toc-list-level-1\"><li class=\"ez-toc-page-1 ez-toc-heading-level-3\"><a class=\"ez-toc-link ez-toc-heading-1\" href=\"https:\/\/www.eventi-fiere.it\/blog\/organizzazione-eventi-passaggi\/#Organizzazione_eventi_stabilire_il_target\" title=\"Organizzazione eventi: stabilire il target\">Organizzazione eventi: stabilire il target<\/a><\/li><li class=\"ez-toc-page-1 ez-toc-heading-level-3\"><a class=\"ez-toc-link ez-toc-heading-2\" href=\"https:\/\/www.eventi-fiere.it\/blog\/organizzazione-eventi-passaggi\/#Organizzazione_eventi_decidere_il_tema_dellevento\" title=\"Organizzazione eventi: decidere il tema dell&#8217;evento\">Organizzazione eventi: decidere il tema dell&#8217;evento<\/a><\/li><li class=\"ez-toc-page-1 ez-toc-heading-level-3\"><a class=\"ez-toc-link ez-toc-heading-3\" href=\"https:\/\/www.eventi-fiere.it\/blog\/organizzazione-eventi-passaggi\/#Organizzazione_eventi_logistica_budget_e_intrattenimento\" title=\"Organizzazione eventi: logistica, budget e intrattenimento\">Organizzazione eventi: logistica, budget e intrattenimento<\/a><\/li><\/ul><\/nav><\/div>\n\n<p>Prima di tutto chiarire qual \u00e8 il <strong>target<\/strong> al quale ci stiamo riferendo, rispondendo quindi alla domanda \u201cchi voglio al mio evento?\u201d. Saranno sicuramente i probabili fruitori del mio prodotto, cio\u00e8 quelli che pi\u00f9 degli altri possono essere interessati ad acquistare ci\u00f2 che produco.<\/p>\n<h3><span class=\"ez-toc-section\" id=\"Organizzazione_eventi_decidere_il_tema_dellevento\"><\/span>Organizzazione eventi: decidere il tema dell&#8217;evento<span class=\"ez-toc-section-end\"><\/span><\/h3>\n<p>Stabilito il target, l\u2019<a href=\"https:\/\/www.eventi-fiere.it\/servizi\/organizzatori-di-eventi\/\" target=\"_blank\" rel=\"noopener\"><strong>organizzatore di eventi<\/strong><\/a> al quale vi siete rivolti vi aiuter\u00e0 nella parte pi\u00f9 difficile: <strong>che tipo di evento \u00e8 il pi\u00f9 adatto al target al quale mi riferisco?<\/strong> Da qui tutto diventa pi\u00f9 semplice, ma la tabella di marcia si fa molto pi\u00f9 ferrea e ci saranno tante cose a cui pensare.<\/p>\n<h3><span class=\"ez-toc-section\" id=\"Organizzazione_eventi_logistica_budget_e_intrattenimento\"><\/span>Organizzazione eventi: logistica, budget e intrattenimento<span class=\"ez-toc-section-end\"><\/span><\/h3>\n<p>L&#8217;organizzatore vi supporter\u00e0 nelle questioni<strong> logistiche, sul tipo di intrattenimento e sulla definizione del budget.<\/strong> L&#8217;arredamento della sala e l&#8217;intrattenimento degli ospiti durante la serata sono elementi fondamentali per una buona riuscita dell&#8217;evento. \u00c8 bene inoltre valutare l\u2019investimento\u00a0che si andr\u00e0 a sostenere e tenere in conto che potrebbero sempre esserci extra non previsti, che rientreranno in varie ed eventuali.<br \/>\nNulla pu\u00f2 essere lasciato al caso. Avrete un motivo conduttore di tutto l\u2019evento, che vi aiuter\u00e0 ad arrivare preparati al giorno finale, cio\u00e8 il giorno stesso dell\u2019evento.<\/p>\n<p>Ricordatevi sempre quindi che una<strong> buona pianificazione<\/strong> \u00e8 indispensabile per la buona riuscita del vostro evento e, un evento positivo, bello e con molta partecipazione, far\u00e0 sicuramente bene alle vostre finanze e ai vostri progetti futuri.<\/p>\n<p>Cosa stai aspettando? Mettiti subito al lavoro per organizzare un evento spettacolare!<br \/>\n<strong>Prima per\u00f2&#8230;condividi questo articolo!<\/strong><\/p>\n","protected":false},"excerpt":{"rendered":"<p>L&#8217;organizzazione di eventi \u00e8 un lavoro per professionisti e, un evento ben organizzato, permette di avere un ritorno economico vantaggioso e continuare ad investire su questo metodo di comunicazione con<\/p>\n","protected":false},"author":16,"featured_media":3802,"comment_status":"closed","ping_status":"closed","sticky":false,"template":"","format":"standard","meta":[],"categories":[1,104,84],"tags":[185,1693],"yst_prominent_words":[1500,506,2287,495,251,280,632,2221,486,497,2242,702,698,1735,556,928],"_links":{"self":[{"href":"https:\/\/www.eventi-fiere.it\/blog\/wp-json\/wp\/v2\/posts\/3790"}],"collection":[{"href":"https:\/\/www.eventi-fiere.it\/blog\/wp-json\/wp\/v2\/posts"}],"about":[{"href":"https:\/\/www.eventi-fiere.it\/blog\/wp-json\/wp\/v2\/types\/post"}],"author":[{"embeddable":true,"href":"https:\/\/www.eventi-fiere.it\/blog\/wp-json\/wp\/v2\/users\/16"}],"replies":[{"embeddable":true,"href":"https:\/\/www.eventi-fiere.it\/blog\/wp-json\/wp\/v2\/comments?post=3790"}],"version-history":[{"count":5,"href":"https:\/\/www.eventi-fiere.it\/blog\/wp-json\/wp\/v2\/posts\/3790\/revisions"}],"predecessor-version":[{"id":3803,"href":"https:\/\/www.eventi-fiere.it\/blog\/wp-json\/wp\/v2\/posts\/3790\/revisions\/3803"}],"wp:featuredmedia":[{"embeddable":true,"href":"https:\/\/www.eventi-fiere.it\/blog\/wp-json\/wp\/v2\/media\/3802"}],"wp:attachment":[{"href":"https:\/\/www.eventi-fiere.it\/blog\/wp-json\/wp\/v2\/media?parent=3790"}],"wp:term":[{"taxonomy":"category","embeddable":true,"href":"https:\/\/www.eventi-fiere.it\/blog\/wp-json\/wp\/v2\/categories?post=3790"},{"taxonomy":"post_tag","embeddable":true,"href":"https:\/\/www.eventi-fiere.it\/blog\/wp-json\/wp\/v2\/tags?post=3790"},{"taxonomy":"yst_prominent_words","embeddable":true,"href":"https:\/\/www.eventi-fiere.it\/blog\/wp-json\/wp\/v2\/yst_prominent_words?post=3790"}],"curies":[{"name":"wp","href":"https:\/\/api.w.org\/{rel}","templated":true}]}}