{"id":3777,"date":"2018-11-02T19:45:44","date_gmt":"2018-11-02T18:45:44","guid":{"rendered":"https:\/\/www.eventi-fiere.it\/blog\/?p=3777"},"modified":"2018-11-02T19:45:44","modified_gmt":"2018-11-02T18:45:44","slug":"noleggio-auto-e-bus-congresso","status":"publish","type":"post","link":"https:\/\/www.eventi-fiere.it\/blog\/noleggio-auto-e-bus-congresso\/","title":{"rendered":"Noleggio auto e bus: organizzare i trasporti per il congresso"},"content":{"rendered":"<p>Quando si organizza un <strong>congresso<\/strong>, tra le molteplici cose di cui occuparsi, non bisogna dimenticarsi di rivolgere le dovute <strong>attenzioni verso i partecipanti<\/strong>. Quella <em>coccola<\/em> che esprima loro la riconoscenza per aver accettato di prendere parte all\u2019evento. Del resto, cosa ne sarebbe del tuo congresso senza di loro? <strong>Una delle attenzioni pi\u00f9 gradite<\/strong> in questo senso \u00e8 quella di pianificare preventivamente i <strong>trasporti dei partecipanti<\/strong>. Come? Contattando un servizio di <strong>noleggio auto e bus<\/strong> ovviamente!<\/p>\n<p>D\u2019altro canto, quando si hanno degli <strong>ospiti<\/strong> (anche a casa propria) le regole del <em>bon ton<\/em> \u201cimpongono\u201d per prima cosa di <strong>occuparsi della loro accoglienza<\/strong>. Questa ovviamente deve essere proporzionata rispetto alle pi\u00f9 svariate circostanze e ai diversi ambiti di accadimento.<\/p>\n<p>Seguendo questa ottica, nel caso specifico del <strong>congresso<\/strong>, i cui partecipanti sono <strong>personaggi di alto profilo<\/strong> quali medici o avvocati, i mezzi di trasporto pubblici, che non sempre sono funzionali, potrebbero risultare <strong>inadeguati<\/strong>. Risulta pertanto pi\u00f9 opportuno <strong>organizzare trasporti alternativi dedicati<\/strong>, usufruendo del <strong>noleggio auto e bus<\/strong> che assicuri gli <strong>spostamenti<\/strong> dalle sedi di arrivo, a quelle di alloggio, a quelle in cui avr\u00e0 luogo il congresso.<\/p>\n<p>Ora che abbiamo messo in chiaro quanto sia fondamentale il <strong>ricevimento<\/strong> dei partecipanti, vediamo nel dettaglio cosa ha da offrirci questo tipo di servizio.<\/p>\n<h3>Noleggio auto e bus: cosa offre il servizio<\/h3>\n<p>Il <strong>noleggio auto e bus<\/strong> \u00e8 s\u00ec un servizio \u201cnavetta\u201d che trasporta i <strong>partecipanti<\/strong> di un <strong>congresso<\/strong> da una sede all\u2019altra. Ma soffermarsi solo su questo aspetto \u00e8 abbastanza riduttivo. Si tratta, infatti, di un vero e proprio <strong>supporto<\/strong> confezionato su misura a cui un <strong>organizzatore di eventi<\/strong> come te pu\u00f2 rivolgersi. Mi spiego meglio.<\/p>\n<p>Il primo passo \u00e8 mettersi in contatto con un <strong>responsabile<\/strong> di un\u2019azienda fornitrice di questo servizio. Dopodich\u00e9 si analizzano nei particolari <strong>le fasi dell\u2019evento<\/strong> che si sta organizzando. Il fine ultimo \u00e8 quello di <strong>ricercare le soluzioni di trasporto pi\u00f9 adeguate<\/strong> al caso in questione <strong>sia dal punto di vista logistico che economico<\/strong>.<\/p>\n<p>La <strong>scelta dei mezzi<\/strong> pu\u00f2 avvenire in maniera molto flessibile, <strong>proporzionalmente al numero di passeggeri<\/strong>. Si passa dal noleggio di <strong>auto<\/strong> fino ad un massimo di 7 o 9 posti (compreso il conducente), al noleggio di <strong>minibus<\/strong> o <strong>bus<\/strong> per gruppi pi\u00f9 numerosi. Inoltre qualit\u00e0 come <strong>idoneit\u00e0 dei mezzi<\/strong> e la messa a disposizione di <strong>autisti professionisti<\/strong> sono assolutamente garantiti.<\/p>\n<p>Ma tralasciamo per un attimo questi aspetti tecnici. Il <strong>vero valore aggiunto<\/strong> di cui dovresti davvero tenere conto usufruendo del servizio di <strong>noleggio auto e bus<\/strong> \u00e8 che eviterai ai partecipanti al tuo congresso molteplici <strong>situazioni di stress<\/strong>. Non vorrai negare che un relatore con la mente libera e i nervi distesi sia meglio di uno che ne ha gi\u00e0 viste abbastanza durante l\u2019arco della giornata solo per raggiungere la location del congresso!<\/p>\n<p>E ti dico di pi\u00f9. <strong>Lo stesso tempo<\/strong> necessario a percorrere il tragitto autonomamente, pu\u00f2 essere <strong>impiegato diversamente<\/strong> da parte degli ospiti se c\u2019\u00e8 qualcun altro ad <strong>occuparsi dei<\/strong> <strong>trasporti<\/strong>. Pensa che fortuna per un relatore avere modo di ripassare il programma della giornata prima di arrivare al congresso! Non ci avevi pensato, vero?<\/p>\n<h3>Noleggio auto e bus: ultime considerazioni<\/h3>\n<p>C\u2019\u00e8 ancora un aspetto che merita di essere approfondito: il <strong>budget<\/strong>. Molto spesso \u00e8 proprio il <strong>fattore economico<\/strong> che spinge a desistere dalla richiesta di <a href=\"https:\/\/www.eventi-fiere.it\/servizi\/noleggio-auto-e-bus\/\" target=\"_blank\" rel=\"noopener\"><strong>noleggio di auto e bus<\/strong><\/a>, anche se i <strong>benefici<\/strong> offerti sono notevoli. Ma se il tuo obiettivo \u00e8 un\u2019<strong>organizzazione impeccabile del congresso <\/strong>che lasci soddisfatti tutti, ti invito caldamente a ribaltare la tua visione delle cose, sulla base di tutto quanto ci siamo appena detti. Prova a chiedere qualche <strong>preventivo<\/strong> e chiss\u00e0 che magari non ne rimarrai sorpreso!<\/p>\n<p>&nbsp;<\/p>\n<p>Bene, ora ti lascio dedicare alla definizione di questi ultimi \u201cpiccoli\u201d dettagli per la buona riuscita del tuo congresso. Prima per\u00f2, se ti fa piacere, <strong>condividi questo articolo<\/strong>!<\/p>\n<p>Buon lavoro e a presto su Eventi e Fiere!<\/p>\n","protected":false},"excerpt":{"rendered":"<p>Quando si organizza un congresso, tra le molteplici cose di cui occuparsi, non bisogna dimenticarsi di rivolgere le dovute attenzioni verso i partecipanti. Quella coccola che esprima loro la riconoscenza<\/p>\n","protected":false},"author":15,"featured_media":3780,"comment_status":"closed","ping_status":"closed","sticky":false,"template":"","format":"standard","meta":[],"categories":[14,113,90],"tags":[211],"yst_prominent_words":[5002,713,934,942,445,688,5004,712,711,932,5003,5000,452,892,444,1943,1941,1870,1010,2268],"_links":{"self":[{"href":"https:\/\/www.eventi-fiere.it\/blog\/wp-json\/wp\/v2\/posts\/3777"}],"collection":[{"href":"https:\/\/www.eventi-fiere.it\/blog\/wp-json\/wp\/v2\/posts"}],"about":[{"href":"https:\/\/www.eventi-fiere.it\/blog\/wp-json\/wp\/v2\/types\/post"}],"author":[{"embeddable":true,"href":"https:\/\/www.eventi-fiere.it\/blog\/wp-json\/wp\/v2\/users\/15"}],"replies":[{"embeddable":true,"href":"https:\/\/www.eventi-fiere.it\/blog\/wp-json\/wp\/v2\/comments?post=3777"}],"version-history":[{"count":3,"href":"https:\/\/www.eventi-fiere.it\/blog\/wp-json\/wp\/v2\/posts\/3777\/revisions"}],"predecessor-version":[{"id":5797,"href":"https:\/\/www.eventi-fiere.it\/blog\/wp-json\/wp\/v2\/posts\/3777\/revisions\/5797"}],"wp:featuredmedia":[{"embeddable":true,"href":"https:\/\/www.eventi-fiere.it\/blog\/wp-json\/wp\/v2\/media\/3780"}],"wp:attachment":[{"href":"https:\/\/www.eventi-fiere.it\/blog\/wp-json\/wp\/v2\/media?parent=3777"}],"wp:term":[{"taxonomy":"category","embeddable":true,"href":"https:\/\/www.eventi-fiere.it\/blog\/wp-json\/wp\/v2\/categories?post=3777"},{"taxonomy":"post_tag","embeddable":true,"href":"https:\/\/www.eventi-fiere.it\/blog\/wp-json\/wp\/v2\/tags?post=3777"},{"taxonomy":"yst_prominent_words","embeddable":true,"href":"https:\/\/www.eventi-fiere.it\/blog\/wp-json\/wp\/v2\/yst_prominent_words?post=3777"}],"curies":[{"name":"wp","href":"https:\/\/api.w.org\/{rel}","templated":true}]}}