{"id":3407,"date":"2018-07-19T17:20:11","date_gmt":"2018-07-19T15:20:11","guid":{"rendered":"https:\/\/www.eventi-fiere.it\/blog\/?p=3407"},"modified":"2018-07-16T09:28:39","modified_gmt":"2018-07-16T07:28:39","slug":"il-video-factotum","status":"publish","type":"post","link":"https:\/\/www.eventi-fiere.it\/blog\/il-video-factotum\/","title":{"rendered":"Il video: il vostro factotum!"},"content":{"rendered":"<p><strong>Il video: <\/strong>ecco l&#8217;argomento del giorno qui su Eventi e Fiere.\u00a0Niente di nuovo sul fronte occidentale: sul nostro blog vi abbiamo spesso raccontato delle opportunit\u00e0 che un utilizzo ottimale della tecnologia pu\u00f2 offrire nell\u2019organizzazione di eventi. Oggi, nello specifico, mi impegner\u00f2 a dimostrarvi come <strong>l\u2019uso strategico e pianificato \u00a0del video possa volgere tutto a vostro vantaggio nella creazione del vostro progetto.<\/strong><\/p>\n<p>Faremo perci\u00f2 una sorta di viaggio tra le fasi organizzative di un evento, per dimostrare come gestire il video e a quali scopi.<\/p>\n<h2><span class=\"ez-toc-section\" id=\"Il_video_e_la_fase_organizzativa\"><\/span>Il video e la fase organizzativa<span class=\"ez-toc-section-end\"><\/span><\/h2><div id=\"ez-toc-container\" class=\"ez-toc-v2_0_27 ez-toc-wrap-right counter-hierarchy\">\n<div class=\"ez-toc-title-container\">\n<p class=\"ez-toc-title\">Contenuti<\/p>\n<span class=\"ez-toc-title-toggle\"><\/span><\/div>\n<nav><ul class=\"ez-toc-list ez-toc-list-level-1\"><li class=\"ez-toc-page-1 ez-toc-heading-level-2\"><a class=\"ez-toc-link ez-toc-heading-1\" href=\"https:\/\/www.eventi-fiere.it\/blog\/il-video-factotum\/#Il_video_e_la_fase_organizzativa\" title=\"Il video e la fase organizzativa\">Il video e la fase organizzativa<\/a><\/li><li class=\"ez-toc-page-1 ez-toc-heading-level-2\"><a class=\"ez-toc-link ez-toc-heading-2\" href=\"https:\/\/www.eventi-fiere.it\/blog\/il-video-factotum\/#Video_e_marketing\" title=\"Video e marketing\">Video e marketing<\/a><ul class=\"ez-toc-list-level-3\"><li class=\"ez-toc-heading-level-3\"><a class=\"ez-toc-link ez-toc-heading-3\" href=\"https:\/\/www.eventi-fiere.it\/blog\/il-video-factotum\/#Postilla\" title=\"Postilla\">Postilla<\/a><\/li><\/ul><\/li><li class=\"ez-toc-page-1 ez-toc-heading-level-2\"><a class=\"ez-toc-link ez-toc-heading-4\" href=\"https:\/\/www.eventi-fiere.it\/blog\/il-video-factotum\/#Video_durante_levento\" title=\"Video durante l\u2019evento\">Video durante l\u2019evento<\/a><\/li><\/ul><\/nav><\/div>\n\n<p>Il video pu\u00f2 essere particolarmente utile nella <strong>fase organizzativa<\/strong>. Facciamo qualche esempio:<\/p>\n<ul>\n<li>Vi avevo gi\u00e0 parlato di <a href=\"https:\/\/www.eventi-fiere.it\/blog\/wp-admin\/post.php?post=2435&amp;action=edit\" target=\"_blank\" rel=\"noopener\"><strong>video slideshow<\/strong><\/a>. Questa tecnologia pu\u00f2 essere particolarmente <strong>utile durante i meeting organizzativi nella pianificazione e calendarizzazione del vostro evento<\/strong>. Garantisce un ampio margine di <strong>personalizzazione<\/strong>: dando forma a una piccola opera personale, potrete gestire l\u2019attenzione del vostro pubblico e coinvolgerlo nella vostra visione progettuale.<\/li>\n<li>Ma il video pu\u00f2 anche essere sfruttato nell\u2019ottica di uno <a href=\"https:\/\/www.eventi-fiere.it\/blog\/streaming-opportunita\/\" target=\"_blank\" rel=\"noopener\"><strong>streaming<\/strong><\/a>. Anche di questo avevo gi\u00e0 parlato (<strong>lo so, sono un po\u2019 logorroico\u2026ma non sono un professorino, ve lo assicuro!<\/strong>), mostrandovi come attraverso un budget limitato poteste coinvolgere in live un numero molto elevato di partecipanti: <strong>le live dei social network sono l\u2019esempio lampante.<\/strong><\/li>\n<\/ul>\n<p>In questa fase organizzativa in cui state creando lo scheletro del vostro evento, lo streaming pu\u00f2 essere gestito nella<strong> modalit\u00e0 conference call<\/strong>. Come ci ha mostrato <a href=\"https:\/\/www.eventi-fiere.it\/blog\/conference-call-nuove-app-audio-videoconferenze\/\" target=\"_blank\" rel=\"noopener\">Clelia<\/a> (<strong>avete visto che non sono un so-tutto-io?<\/strong>), attraverso specifiche app, videocamere e microfoni potrete gestire i vostri meeting includendo in live partecipanti da tutto il mondo (il che mi farebbe avere il sospetto che stiate probabilmente organizzando il <a href=\"https:\/\/it.wikipedia.org\/wiki\/Coachella_Valley_Music_and_Arts_Festival\" target=\"_blank\" rel=\"noopener\">Coachella<\/a>\u2026). <strong>Aaaah che bella cosa la digitalizzazione!!<\/strong><\/p>\n<h2><span class=\"ez-toc-section\" id=\"Video_e_marketing\"><\/span>Video e marketing<span class=\"ez-toc-section-end\"><\/span><\/h2>\n<p>Organizzato l\u2019evento attraverso accurata pianificazione, che va dal concept alle tabelle di marcia, dal personale agli orari sino alla location, potrete ora occuparvi della <strong>pubblicizzazione e diffusione<\/strong>.<\/p>\n<p>Oggi il marketing offre delle soluzioni coinvolgenti e dinamiche capaci di attrarre il pubblico, introducendolo all\u2019interno di una realt\u00e0 interattiva costruita a vostra immagine e somiglianza. Un esempio? <strong>I Social Network<\/strong>. L\u2019utilizzo di foto, tabelle e video all\u2019interno di campagne pubblicitarie definisce il <a href=\"https:\/\/www.eventi-fiere.it\/blog\/marketing-e-comunicazione\/\" target=\"_blank\" rel=\"noopener\"><strong>visual content marketing<\/strong><\/a>, branca che fa proprio della potenza visuale applicata a uno specifico canale il proprio punto di forza.<\/p>\n<p>E cos\u00ec, ad esempio, una piattaforma come Facebook sar\u00e0 ideale per creare la pagina di un evento con le dovute accortezze grafiche e informative, che sia gradevole alla vista oltre che chiara: potrete creare un <strong>video di presentazione per l\u2019occasione per sponsorizzare il progetto, cos\u00ec da raggiungere un bacino di utenti elevato.<\/strong><\/p>\n<p>Ovviamente, inutile dirlo, il video dovr\u00e0 riflettere la filosofia della vostra azienda e dell\u2019evento a cui state dando forma. Dovr\u00e0 essere dinamico, avere uno <strong>storytelling<\/strong> interno cos\u00ec da sollecitare l\u2019attenzione del lo spettatore.<strong> La musica, la scelta dei colori, la qualit\u00e0 delle riprese faranno la differenza.<\/strong><\/p>\n<h3><span class=\"ez-toc-section\" id=\"Postilla\"><\/span>Postilla<span class=\"ez-toc-section-end\"><\/span><\/h3>\n<p><strong>Attenzione, quando parlo di\u00a0 qualit\u00e0 di riprese non sto dando un giudizio di valore universale per la ripresa perfetta!<\/strong> Ci vuole classe anche a fare le cose male, o meglio apparentemente male. Mi spiego meglio: una ripresa di qualit\u00e0 non deve essere necessariamente in HD. State organizzando un <strong>evento<\/strong> che, ad esempio, ha dei chiari rimandi agli <strong>anni \u201880<\/strong>? Perch\u00e9 non creare un video promozionale in <strong>VHS<\/strong>?<\/p>\n<h2><span class=\"ez-toc-section\" id=\"Video_durante_levento\"><\/span>Video durante l\u2019evento<span class=\"ez-toc-section-end\"><\/span><\/h2>\n<p>Non importa che gestiate il Coachella intero (ve lo auguriamo certamente) o solo uno stand all\u2019interno di una fiera: sfruttare il video durante il vostro evento potr\u00e0 catalizzare l\u2019attenzione del pubblico in maniera dinamica e non monotona.<\/p>\n<p>Potrete inserire dei momenti esplicitamente dedicati alla proiezioni di video da maxi schermi o trasmettere per tutta la durata dell\u2019evento dei contenuti su minischermi che contestualizzino l\u2019evento e parlino di voi, del vostro stand.<\/p>\n<p>Rivolgetevi a <a href=\"https:\/\/www.eventi-fiere.it\/blog\/cosa-chiedere-a-un-videomaker\/\" target=\"_blank\" rel=\"noopener\"><strong>videomaker<\/strong><\/a> professionisti per registrare l&#8217;evento, cos\u00ec da creare un prodotto che nelle scelte registiche, fotografiche e musicali vi appartenga al massimo.<\/p>\n<p>Volendo si pu\u00f2 anche sfruttare la possibilit\u00e0 dello <strong>streaming per coinvolgere il vostro pubblico non fisicamente presente in loco<\/strong>.<\/p>\n<p>Ricordiamoci infine un fattore fondamentale: <strong>siamo nel 2018.\u00a0<\/strong>Sapete questo che significa? A parte che s\u00ec, abbiamo inventato il calendario e la divisione in anni da 365 giorni l&#8217;uno, <strong>significa anche che tutti i partecipanti al vostro evento saranno dotati di smartphone.<\/strong> <strong>E smartphone = social network<\/strong>. <strong>Creando un evento coinvolgente, il pubblico sar\u00e0 spinto a condividerlo sui vari social con foto e, per l&#8217;appunto, video! Potrete cos\u00ec acquisire notoriet\u00e0 e nuovo pubblico proprio grazie ai presenti!<\/strong><\/p>\n<p>Insomma, il video \u00e8 uno strumento versatile e sfruttabile in mille modi, tutti utilissimi se utilizzati all\u2019interno di un progetto organico e mirato. Spero questi consigli ti siano stati utili!<\/p>\n<p><strong>Prima di annunciare la line-up per il Coachella 2019\u2026 condividi questo articolo!<\/strong><\/p>\n","protected":false},"excerpt":{"rendered":"<p>Il video: ecco l&#8217;argomento del giorno qui su Eventi e Fiere.\u00a0Niente di nuovo sul fronte occidentale: sul nostro blog vi abbiamo spesso raccontato delle opportunit\u00e0 che un utilizzo ottimale della<\/p>\n","protected":false},"author":13,"featured_media":3503,"comment_status":"closed","ping_status":"closed","sticky":false,"template":"","format":"standard","meta":[],"categories":[1,97],"tags":[185,36,47],"yst_prominent_words":[1001,4477,505,4473,4476,4474,1244,280,831,4472,260,997,1261,511,892,612,533,1238,1071,837],"_links":{"self":[{"href":"https:\/\/www.eventi-fiere.it\/blog\/wp-json\/wp\/v2\/posts\/3407"}],"collection":[{"href":"https:\/\/www.eventi-fiere.it\/blog\/wp-json\/wp\/v2\/posts"}],"about":[{"href":"https:\/\/www.eventi-fiere.it\/blog\/wp-json\/wp\/v2\/types\/post"}],"author":[{"embeddable":true,"href":"https:\/\/www.eventi-fiere.it\/blog\/wp-json\/wp\/v2\/users\/13"}],"replies":[{"embeddable":true,"href":"https:\/\/www.eventi-fiere.it\/blog\/wp-json\/wp\/v2\/comments?post=3407"}],"version-history":[{"count":8,"href":"https:\/\/www.eventi-fiere.it\/blog\/wp-json\/wp\/v2\/posts\/3407\/revisions"}],"predecessor-version":[{"id":4861,"href":"https:\/\/www.eventi-fiere.it\/blog\/wp-json\/wp\/v2\/posts\/3407\/revisions\/4861"}],"wp:featuredmedia":[{"embeddable":true,"href":"https:\/\/www.eventi-fiere.it\/blog\/wp-json\/wp\/v2\/media\/3503"}],"wp:attachment":[{"href":"https:\/\/www.eventi-fiere.it\/blog\/wp-json\/wp\/v2\/media?parent=3407"}],"wp:term":[{"taxonomy":"category","embeddable":true,"href":"https:\/\/www.eventi-fiere.it\/blog\/wp-json\/wp\/v2\/categories?post=3407"},{"taxonomy":"post_tag","embeddable":true,"href":"https:\/\/www.eventi-fiere.it\/blog\/wp-json\/wp\/v2\/tags?post=3407"},{"taxonomy":"yst_prominent_words","embeddable":true,"href":"https:\/\/www.eventi-fiere.it\/blog\/wp-json\/wp\/v2\/yst_prominent_words?post=3407"}],"curies":[{"name":"wp","href":"https:\/\/api.w.org\/{rel}","templated":true}]}}