{"id":3138,"date":"2024-09-21T18:44:00","date_gmt":"2024-09-21T16:44:00","guid":{"rendered":"https:\/\/www.eventi-fiere.it\/blog\/?p=3138"},"modified":"2024-09-22T16:47:24","modified_gmt":"2024-09-22T14:47:24","slug":"catering-bologna-tutti-e-55","status":"publish","type":"post","link":"https:\/\/www.eventi-fiere.it\/blog\/catering-bologna-tutti-e-55\/","title":{"rendered":"Catering Bologna? La lista aggiornata dei 23 catering della citt\u00e0"},"content":{"rendered":"<p>Cerchi un <strong>Catering Bologna?<\/strong> Per fiere, eventi aziendali, matrimoni, battesimi, lauree, eventi pubblici, feste private a Bologna?<\/p>\n<h4><span class=\"ez-toc-section\" id=\"Se_sei_interessato_ad_un_catering_a_Bologna_usufruisci_del_nostro_servizio\"><\/span><strong>Se sei interessato ad un catering a Bologna usufruisci del nostro servizio:<\/strong><span class=\"ez-toc-section-end\"><\/span><\/h4><div id=\"ez-toc-container\" class=\"ez-toc-v2_0_27 ez-toc-wrap-right counter-hierarchy\">\n<div class=\"ez-toc-title-container\">\n<p class=\"ez-toc-title\">Contenuti<\/p>\n<span class=\"ez-toc-title-toggle\"><\/span><\/div>\n<nav><ul class=\"ez-toc-list ez-toc-list-level-1\"><ul class=\"ez-toc-list-level-4\"><li class=\"ez-toc-heading-level-4\"><a class=\"ez-toc-link ez-toc-heading-1\" href=\"https:\/\/www.eventi-fiere.it\/blog\/catering-bologna-tutti-e-55\/#Se_sei_interessato_ad_un_catering_a_Bologna_usufruisci_del_nostro_servizio\" title=\"Se sei interessato ad un catering a Bologna usufruisci del nostro servizio:\">Se sei interessato ad un catering a Bologna usufruisci del nostro servizio:<\/a><\/li><\/ul><\/li><li class=\"ez-toc-page-1 ez-toc-heading-level-3\"><a class=\"ez-toc-link ez-toc-heading-2\" href=\"https:\/\/www.eventi-fiere.it\/blog\/catering-bologna-tutti-e-55\/#Lo_Spazio_Panino\" title=\"Lo Spazio Panino\">Lo Spazio Panino<\/a><\/li><li class=\"ez-toc-page-1 ez-toc-heading-level-3\"><a class=\"ez-toc-link ez-toc-heading-3\" href=\"https:\/\/www.eventi-fiere.it\/blog\/catering-bologna-tutti-e-55\/#Pasticceria_Massarenti\" title=\"Pasticceria Massarenti\">Pasticceria Massarenti<\/a><\/li><li class=\"ez-toc-page-1 ez-toc-heading-level-3\"><a class=\"ez-toc-link ez-toc-heading-4\" href=\"https:\/\/www.eventi-fiere.it\/blog\/catering-bologna-tutti-e-55\/#Pane_Vino_e_San_Daniele_-_Alboccon_Divino\" title=\"Pane Vino e San Daniele &#8211; Alboccon Divino\">Pane Vino e San Daniele &#8211; Alboccon Divino<\/a><\/li><li class=\"ez-toc-page-1 ez-toc-heading-level-3\"><a class=\"ez-toc-link ez-toc-heading-5\" href=\"https:\/\/www.eventi-fiere.it\/blog\/catering-bologna-tutti-e-55\/#Il_Boccone_Del_Prete\" title=\"Il Boccone Del Prete\">Il Boccone Del Prete<\/a><\/li><li class=\"ez-toc-page-1 ez-toc-heading-level-3\"><a class=\"ez-toc-link ez-toc-heading-6\" href=\"https:\/\/www.eventi-fiere.it\/blog\/catering-bologna-tutti-e-55\/#Neri_Catering\" title=\"Neri Catering\">Neri Catering<\/a><\/li><li class=\"ez-toc-page-1 ez-toc-heading-level-3\"><a class=\"ez-toc-link ez-toc-heading-7\" href=\"https:\/\/www.eventi-fiere.it\/blog\/catering-bologna-tutti-e-55\/#Camst_-_la_Ristorazione_Italiana\" title=\"Camst &#8211; la Ristorazione Italiana\">Camst &#8211; la Ristorazione Italiana<\/a><\/li><li class=\"ez-toc-page-1 ez-toc-heading-level-3\"><a class=\"ez-toc-link ez-toc-heading-8\" href=\"https:\/\/www.eventi-fiere.it\/blog\/catering-bologna-tutti-e-55\/#Seribo_Srl_-_Servizi_Ristorazione_Bologna\" title=\"Se.ri.bo. S.r.l. &#8211; Servizi Ristorazione Bologna\">Se.ri.bo. S.r.l. &#8211; Servizi Ristorazione Bologna<\/a><\/li><li class=\"ez-toc-page-1 ez-toc-heading-level-3\"><a class=\"ez-toc-link ez-toc-heading-9\" href=\"https:\/\/www.eventi-fiere.it\/blog\/catering-bologna-tutti-e-55\/#Cooperativa_Italiana_di_Ristorazione_sc\" title=\"Cooperativa Italiana di Ristorazione s.c.\">Cooperativa Italiana di Ristorazione s.c.<\/a><\/li><li class=\"ez-toc-page-1 ez-toc-heading-level-3\"><a class=\"ez-toc-link ez-toc-heading-10\" href=\"https:\/\/www.eventi-fiere.it\/blog\/catering-bologna-tutti-e-55\/#Servair_Air_Chef_Srl\" title=\"Servair Air Chef S.r.l.\">Servair Air Chef S.r.l.<\/a><\/li><li class=\"ez-toc-page-1 ez-toc-heading-level-3\"><a class=\"ez-toc-link ez-toc-heading-11\" href=\"https:\/\/www.eventi-fiere.it\/blog\/catering-bologna-tutti-e-55\/#Dragoni_Maria_Luisa\" title=\"Dragoni Maria Luisa\">Dragoni Maria Luisa<\/a><\/li><li class=\"ez-toc-page-1 ez-toc-heading-level-3\"><a class=\"ez-toc-link ez-toc-heading-12\" href=\"https:\/\/www.eventi-fiere.it\/blog\/catering-bologna-tutti-e-55\/#Idee_Per_Ricevere_Insieme_Srl\" title=\"Idee Per Ricevere Insieme Srl\">Idee Per Ricevere Insieme Srl<\/a><\/li><li class=\"ez-toc-page-1 ez-toc-heading-level-3\"><a class=\"ez-toc-link ez-toc-heading-13\" href=\"https:\/\/www.eventi-fiere.it\/blog\/catering-bologna-tutti-e-55\/#Elior_Ristorazione_Spa\" title=\"Elior Ristorazione S.p.a.\">Elior Ristorazione S.p.a.<\/a><\/li><li class=\"ez-toc-page-1 ez-toc-heading-level-3\"><a class=\"ez-toc-link ez-toc-heading-14\" href=\"https:\/\/www.eventi-fiere.it\/blog\/catering-bologna-tutti-e-55\/#Ristorante_Concerta\" title=\"Ristorante Concerta\">Ristorante Concerta<\/a><\/li><li class=\"ez-toc-page-1 ez-toc-heading-level-3\"><a class=\"ez-toc-link ez-toc-heading-15\" href=\"https:\/\/www.eventi-fiere.it\/blog\/catering-bologna-tutti-e-55\/#Ristodlf\" title=\"Ristodlf\">Ristodlf<\/a><\/li><li class=\"ez-toc-page-1 ez-toc-heading-level-3\"><a class=\"ez-toc-link ez-toc-heading-16\" href=\"https:\/\/www.eventi-fiere.it\/blog\/catering-bologna-tutti-e-55\/#Gabrielli_Alberto\" title=\"Gabrielli Alberto\">Gabrielli Alberto<\/a><\/li><li class=\"ez-toc-page-1 ez-toc-heading-level-3\"><a class=\"ez-toc-link ez-toc-heading-17\" href=\"https:\/\/www.eventi-fiere.it\/blog\/catering-bologna-tutti-e-55\/#Antonellini_Paola\" title=\"Antonellini Paola\">Antonellini Paola<\/a><\/li><li class=\"ez-toc-page-1 ez-toc-heading-level-3\"><a class=\"ez-toc-link ez-toc-heading-18\" href=\"https:\/\/www.eventi-fiere.it\/blog\/catering-bologna-tutti-e-55\/#Avendo_Srl\" title=\"Avendo Srl\">Avendo Srl<\/a><\/li><li class=\"ez-toc-page-1 ez-toc-heading-level-3\"><a class=\"ez-toc-link ez-toc-heading-19\" href=\"https:\/\/www.eventi-fiere.it\/blog\/catering-bologna-tutti-e-55\/#Il_Cerimoniere\" title=\"Il Cerimoniere\">Il Cerimoniere<\/a><\/li><li class=\"ez-toc-page-1 ez-toc-heading-level-3\"><a class=\"ez-toc-link ez-toc-heading-20\" href=\"https:\/\/www.eventi-fiere.it\/blog\/catering-bologna-tutti-e-55\/#Gestione_Servizi_Integrati_Srl\" title=\"Gestione Servizi Integrati Srl\">Gestione Servizi Integrati Srl<\/a><\/li><li class=\"ez-toc-page-1 ez-toc-heading-level-3\"><a class=\"ez-toc-link ez-toc-heading-21\" href=\"https:\/\/www.eventi-fiere.it\/blog\/catering-bologna-tutti-e-55\/#ORMA_2\" title=\"ORMA 2\">ORMA 2<\/a><\/li><li class=\"ez-toc-page-1 ez-toc-heading-level-3\"><a class=\"ez-toc-link ez-toc-heading-22\" href=\"https:\/\/www.eventi-fiere.it\/blog\/catering-bologna-tutti-e-55\/#Compass_Group_Italia_Spa\" title=\"Compass Group Italia S.p.a.\">Compass Group Italia S.p.a.<\/a><\/li><li class=\"ez-toc-page-1 ez-toc-heading-level-3\"><a class=\"ez-toc-link ez-toc-heading-23\" href=\"https:\/\/www.eventi-fiere.it\/blog\/catering-bologna-tutti-e-55\/#CEntro\" title=\"C&#8217;Entro\">C&#8217;Entro<\/a><\/li><li class=\"ez-toc-page-1 ez-toc-heading-level-3\"><a class=\"ez-toc-link ez-toc-heading-24\" href=\"https:\/\/www.eventi-fiere.it\/blog\/catering-bologna-tutti-e-55\/#Nutelleria\" title=\"Nutelleria\">Nutelleria<\/a><\/li><\/ul><\/nav><\/div>\n\n<p><img loading=\"lazy\" class=\"wp-image-3002\" style=\"float: left; margin-right: 20px;\" title=\"FASE 1: Eventi E Fiere richiedi un preventivo\" src=\"https:\/\/www.eventi-fiere.it\/blog\/wp-content\/uploads\/sites\/3\/2018\/06\/1-eventi-e-fiere.png\" alt=\"Eventi-e-Fiere\" width=\"35\" height=\"35\" srcset=\"https:\/\/www.eventi-fiere.it\/blog\/wp-content\/uploads\/sites\/3\/2018\/06\/1-eventi-e-fiere.png 156w, https:\/\/www.eventi-fiere.it\/blog\/wp-content\/uploads\/sites\/3\/2018\/06\/1-eventi-e-fiere-150x150.png 150w, https:\/\/www.eventi-fiere.it\/blog\/wp-content\/uploads\/sites\/3\/2018\/06\/1-eventi-e-fiere-120x120.png 120w\" sizes=\"(max-width: 35px) 100vw, 35px\" \/>Fai la richiesta <a href=\"https:\/\/www.eventi-fiere.it\/richiesta_preventivo\/\" target=\"_blank\" rel=\"noopener\">attraverso questo form<\/a><\/p>\n<p><img loading=\"lazy\" class=\"wp-image-3003\" style=\"float: left; margin-right: 20px;\" title=\"FASE 2: Eventi E Fiere vieni contattato\" src=\"https:\/\/www.eventi-fiere.it\/blog\/wp-content\/uploads\/sites\/3\/2018\/06\/2-eventi-e-fiere.png\" alt=\"FASE 2: Eventi E Fiere\" width=\"35\" height=\"35\" srcset=\"https:\/\/www.eventi-fiere.it\/blog\/wp-content\/uploads\/sites\/3\/2018\/06\/2-eventi-e-fiere.png 156w, https:\/\/www.eventi-fiere.it\/blog\/wp-content\/uploads\/sites\/3\/2018\/06\/2-eventi-e-fiere-150x150.png 150w, https:\/\/www.eventi-fiere.it\/blog\/wp-content\/uploads\/sites\/3\/2018\/06\/2-eventi-e-fiere-120x120.png 120w\" sizes=\"(max-width: 35px) 100vw, 35px\" \/>Un nostro operatore ti contatter\u00e0 per approfondire le tue esigenze<\/p>\n<p><img loading=\"lazy\" class=\"wp-image-3001\" style=\"float: left; margin-right: 20px;\" title=\"FASE 3: Eventi E Fiere ricevi sino a 5 preventivi\" src=\"https:\/\/www.eventi-fiere.it\/blog\/wp-content\/uploads\/sites\/3\/2018\/06\/3-eventi-e-fiere.png\" alt=\"FASE 3: Eventi E Fiere\" width=\"35\" height=\"35\" srcset=\"https:\/\/www.eventi-fiere.it\/blog\/wp-content\/uploads\/sites\/3\/2018\/06\/3-eventi-e-fiere.png 156w, https:\/\/www.eventi-fiere.it\/blog\/wp-content\/uploads\/sites\/3\/2018\/06\/3-eventi-e-fiere-150x150.png 150w, https:\/\/www.eventi-fiere.it\/blog\/wp-content\/uploads\/sites\/3\/2018\/06\/3-eventi-e-fiere-120x120.png 120w\" sizes=\"(max-width: 35px) 100vw, 35px\" \/>Riceverai sino a <strong>5 preventivi<\/strong> da aziende qualificate ed altamente selezionate<\/p>\n<p><strong>Catering Bologna<\/strong>: di seguito ti forniremo i contatti dei principali catering di Bologna:<\/p>\n<p><!-- DA QUI --><\/p>\n<h3 style=\"line-height: 1 !important; margin-bottom: 0;\"><span class=\"ez-toc-section\" id=\"Lo_Spazio_Panino\"><\/span>Lo Spazio Panino<span class=\"ez-toc-section-end\"><\/span><\/h3>\n<p><strong>Indirizzo:<\/strong> Via Milazzo 18\/E, 40121 Bologna (BO)<br \/>\n<strong>Regione:<\/strong> Emilia Romagna<br \/>\n<strong>Categoria:<\/strong> Pasticceria e Confetteria Prodotti &#8211; Produzione e Ingrosso Ristorazione Collettiva e Catering Bologna (BO)<br \/>\n<a href=\"https:\/\/www.eventi-fiere.it\/blog\/lo-spazio-panino-panini-gourmet-slow-food-e-catering\/\" target=\"_blank\" rel=\"noopener\">Scopri la mappa<\/a><\/p>\n<hr \/>\n<h3 style=\"line-height: 1 !important; margin-bottom: 0;\"><span class=\"ez-toc-section\" id=\"Pasticceria_Massarenti\"><\/span>Pasticceria Massarenti<span class=\"ez-toc-section-end\"><\/span><\/h3>\n<p><strong>Indirizzo:<\/strong> Via Dell&#8217; Elettricista 36, 40138 Bologna (BO)<br \/>\n<strong>Regione:<\/strong> Emilia Romagna<br \/>\n<strong>Categoria:<\/strong> Pasticceria e Confetteria Prodotti &#8211; Produzione e Ingrosso Ristorazione Collettiva e Catering Bologna (BO)<br \/>\n<a href=\"https:\/\/www.eventi-fiere.it\/blog\/Pasticceria-Massarenti-ristorazione-collettiva-e-catering\" target=\"_blank\" rel=\"noopener\">Scopri la mappa<\/a><\/p>\n<hr \/>\n<h3 style=\"line-height: 1 !important; margin-bottom: 0;\"><span class=\"ez-toc-section\" id=\"Pane_Vino_e_San_Daniele_-_Alboccon_Divino\"><\/span>Pane Vino e San Daniele &#8211; Alboccon Divino<span class=\"ez-toc-section-end\"><\/span><\/h3>\n<p><strong>Indirizzo:<\/strong> Via Altabella 3\/A, 40126 Bologna (BO)<br \/>\n<strong>Regione:<\/strong> Emilia Romagna<br \/>\n<strong>Categoria:<\/strong> Ristoranti &#8211; Trattorie ed Osterie Ristorazione Collettiva e Catering Bologna (BO)<br \/>\n<a href=\"https:\/\/www.eventi-fiere.it\/blog\/Pane-Vino-e-San-Daniele-Alboccon-Divino-ristorazione-collettiva-e-catering\" target=\"_blank\" rel=\"noopener\">Scopri la mappa<\/a><\/p>\n<hr \/>\n<h3 style=\"line-height: 1 !important; margin-bottom: 0;\"><span class=\"ez-toc-section\" id=\"Il_Boccone_Del_Prete\"><\/span>Il Boccone Del Prete<span class=\"ez-toc-section-end\"><\/span><\/h3>\n<p><strong>Indirizzo:<\/strong> Via Siepelunga 56, 40141 Bologna (BO)<br \/>\n<strong>Regione:<\/strong> Emilia Romagna<br \/>\n<strong>Categoria:<\/strong> Ristoranti Ristorazione Collettiva e Catering Bologna (BO)<br \/>\n<a href=\"https:\/\/www.eventi-fiere.it\/blog\/Il-Boccone-Del-Prete-ristorazione-collettiva-e-catering\" target=\"_blank\" rel=\"noopener\">Scopri la mappa<\/a><\/p>\n<hr \/>\n<h3 style=\"line-height: 1 !important; margin-bottom: 0;\"><span class=\"ez-toc-section\" id=\"Neri_Catering\"><\/span>Neri Catering<span class=\"ez-toc-section-end\"><\/span><\/h3>\n<p><strong>Indirizzo:<\/strong> Via Saragozza 81, 40136 Bologna (BO)<br \/>\n<strong>Regione:<\/strong> Emilia Romagna<br \/>\n<strong>Categoria:<\/strong> Ristoranti Ristorazione Collettiva e Catering Bologna (BO)<br \/>\n<a href=\"https:\/\/www.eventi-fiere.it\/blog\/neri-catering\/\" target=\"_blank\" rel=\"noopener\">Scopri la mappa<\/a><\/p>\n<hr \/>\n<h3 style=\"line-height: 1 !important; margin-bottom: 0;\"><span class=\"ez-toc-section\" id=\"Camst_-_la_Ristorazione_Italiana\"><\/span>Camst &#8211; la Ristorazione Italiana<span class=\"ez-toc-section-end\"><\/span><\/h3>\n<p><strong>Indirizzo:<\/strong> Via Larga, 40127 Bologna (BO)<br \/>\n<strong>Regione:<\/strong> Emilia Romagna<br \/>\n<strong>Categoria:<\/strong> Ristorazione Collettiva e Catering Bologna (BO)<br \/>\n<a href=\"https:\/\/www.eventi-fiere.it\/blog\/Camst-la-Ristorazione-Italiana-ristorazione-collettiva-e-catering\" target=\"_blank\" rel=\"noopener\">Scopri la mappa<\/a><\/p>\n<hr \/>\n<h3 style=\"line-height: 1 !important; margin-bottom: 0;\"><span class=\"ez-toc-section\" id=\"Seribo_Srl_-_Servizi_Ristorazione_Bologna\"><\/span>Se.ri.bo. S.r.l. &#8211; Servizi Ristorazione Bologna<span class=\"ez-toc-section-end\"><\/span><\/h3>\n<p><strong>Indirizzo:<\/strong> Via Galeazza 55, 40132 Bologna (BO)<br \/>\n<strong>Regione:<\/strong> Emilia Romagna<br \/>\n<strong>Categoria:<\/strong> Ristorazione Collettiva e Catering Bologna (BO)<br \/>\n<a href=\"https:\/\/www.eventi-fiere.it\/blog\/Se-ri-bo-S-r-l-Servizi-Ristorazione-Bologna-ristorazione-collettiva-e-catering\" target=\"_blank\" rel=\"noopener\">Scopri la mappa<\/a><\/p>\n<hr \/>\n<h3 style=\"line-height: 1 !important; margin-bottom: 0;\"><span class=\"ez-toc-section\" id=\"Cooperativa_Italiana_di_Ristorazione_sc\"><\/span>Cooperativa Italiana di Ristorazione s.c.<span class=\"ez-toc-section-end\"><\/span><\/h3>\n<p><strong>Indirizzo:<\/strong> Via Maroncelli Piero 1, 40126 Bologna (BO)<br \/>\n<strong>Regione:<\/strong> Emilia Romagna<br \/>\n<strong>Categoria:<\/strong> Ristorazione Collettiva e Catering Bologna (BO)<br \/>\n<a href=\"https:\/\/www.eventi-fiere.it\/blog\/Cooperativa-Italiana-di-Ristorazione-s-c-ristorazione-collettiva-e-catering\" target=\"_blank\" rel=\"noopener\">Scopri la mappa<\/a><\/p>\n<hr \/>\n<h3 style=\"line-height: 1 !important; margin-bottom: 0;\"><span class=\"ez-toc-section\" id=\"Servair_Air_Chef_Srl\"><\/span>Servair Air Chef S.r.l.<span class=\"ez-toc-section-end\"><\/span><\/h3>\n<p><strong>Indirizzo:<\/strong> Via dell&#8217;Aeroporto 9, 40132 Bologna (BO)<br \/>\n<strong>Regione:<\/strong> Emilia Romagna<br \/>\n<strong>Categoria:<\/strong> Ristorazione Collettiva e Catering Bologna (BO)<br \/>\n<a href=\"https:\/\/www.eventi-fiere.it\/blog\/Servair-Air-Chef-S-r-l-ristorazione-collettiva-e-catering\" target=\"_blank\" rel=\"noopener\">Scopri la mappa<\/a><\/p>\n<hr \/>\n<h3 style=\"line-height: 1 !important; margin-bottom: 0;\"><span class=\"ez-toc-section\" id=\"Dragoni_Maria_Luisa\"><\/span>Dragoni Maria Luisa<span class=\"ez-toc-section-end\"><\/span><\/h3>\n<p><strong>Indirizzo:<\/strong> Strada Maggiore 47, 40125 Bologna (BO)<br \/>\n<strong>Regione:<\/strong> Emilia Romagna<br \/>\n<strong>Categoria:<\/strong> Ristorazione Collettiva e Catering Bologna (BO)<br \/>\n<a href=\"https:\/\/www.eventi-fiere.it\/blog\/Dragoni-Maria-Luisa-ristorazione-collettiva-e-catering\" target=\"_blank\" rel=\"noopener\">Scopri la mappa<\/a><\/p>\n<hr \/>\n<h3 style=\"line-height: 1 !important; margin-bottom: 0;\"><span class=\"ez-toc-section\" id=\"Idee_Per_Ricevere_Insieme_Srl\"><\/span>Idee Per Ricevere Insieme Srl<span class=\"ez-toc-section-end\"><\/span><\/h3>\n<p><strong>Indirizzo:<\/strong> Via d\u00e8 Fusari 9, 40123 Bologna (BO)<br \/>\n<strong>Regione:<\/strong> Emilia Romagna<br \/>\n<strong>Categoria:<\/strong> Ristorazione Collettiva e Catering Bologna (BO)<br \/>\n<a href=\"https:\/\/www.eventi-fiere.it\/blog\/Idee-Per-Ricevere-Insieme-Srl-ristorazione-collettiva-e-catering\" target=\"_blank\" rel=\"noopener\">Scopri la mappa<\/a><\/p>\n<hr \/>\n<h3 style=\"line-height: 1 !important; margin-bottom: 0;\"><span class=\"ez-toc-section\" id=\"Elior_Ristorazione_Spa\"><\/span>Elior Ristorazione S.p.a.<span class=\"ez-toc-section-end\"><\/span><\/h3>\n<p><strong>Indirizzo:<\/strong> Piazza Vittorio Puntoni 1, 40126 Bologna (BO)<br \/>\n<strong>Regione:<\/strong> Emilia Romagna<br \/>\n<strong>Categoria:<\/strong> Ristorazione Collettiva e Catering Bologna (BO)<br \/>\n<a href=\"https:\/\/www.eventi-fiere.it\/blog\/Elior-Ristorazione-S-p-a-ristorazione-collettiva-e-catering\" target=\"_blank\" rel=\"noopener\">Scopri la mappa<\/a><\/p>\n<hr \/>\n<h3 style=\"line-height: 1 !important; margin-bottom: 0;\"><span class=\"ez-toc-section\" id=\"Ristorante_Concerta\"><\/span>Ristorante Concerta<span class=\"ez-toc-section-end\"><\/span><\/h3>\n<p><strong>Indirizzo:<\/strong> Piazza Vittorio Puntoni 1, 40126 Bologna (BO)<br \/>\n<strong>Regione:<\/strong> Emilia Romagna<br \/>\n<strong>Categoria:<\/strong> Ristorazione Collettiva e Catering Bologna (BO)<br \/>\n<a href=\"https:\/\/www.eventi-fiere.it\/blog\/Ristorante-Concerta-ristorazione-collettiva-e-catering\" target=\"_blank\" rel=\"noopener\">Scopri la mappa<\/a><\/p>\n<hr \/>\n<h3 style=\"line-height: 1 !important; margin-bottom: 0;\"><span class=\"ez-toc-section\" id=\"Ristodlf\"><\/span>Ristodlf<span class=\"ez-toc-section-end\"><\/span><\/h3>\n<p><strong>Indirizzo:<\/strong> Via Sebastiano Serlio 25\/2, 40128 Bologna (BO)<br \/>\n<strong>Regione:<\/strong> Emilia Romagna<br \/>\n<strong>Categoria:<\/strong> Ristorazione Collettiva e Catering Bologna (BO)<br \/>\n<a href=\"https:\/\/www.eventi-fiere.it\/blog\/Ristodlf-ristorazione-collettiva-e-catering\" target=\"_blank\" rel=\"noopener\">Scopri la mappa<\/a><\/p>\n<hr \/>\n<h3 style=\"line-height: 1 !important; margin-bottom: 0;\"><span class=\"ez-toc-section\" id=\"Gabrielli_Alberto\"><\/span>Gabrielli Alberto<span class=\"ez-toc-section-end\"><\/span><\/h3>\n<p><strong>Indirizzo:<\/strong> Via di Roncrio 12, 40136 Bologna (BO)<br \/>\n<strong>Regione:<\/strong> Emilia Romagna<br \/>\n<strong>Categoria:<\/strong> Ristorazione Collettiva e Catering Bologna (BO)<br \/>\n<a href=\"https:\/\/www.eventi-fiere.it\/blog\/Gabrielli-Alberto-ristorazione-collettiva-e-catering\" target=\"_blank\" rel=\"noopener\">Scopri la mappa<\/a><\/p>\n<hr \/>\n<h3 style=\"line-height: 1 !important; margin-bottom: 0;\"><span class=\"ez-toc-section\" id=\"Antonellini_Paola\"><\/span>Antonellini Paola<span class=\"ez-toc-section-end\"><\/span><\/h3>\n<p><strong>Indirizzo:<\/strong> Via Fleming Alessandro 6, 40141 Bologna (BO)<br \/>\n<strong>Regione:<\/strong> Emilia Romagna<br \/>\n<strong>Categoria:<\/strong> Ristorazione Collettiva e Catering Bologna (BO)<br \/>\n<a href=\"https:\/\/www.eventi-fiere.it\/blog\/Antonellini-Paola-ristorazione-collettiva-e-catering\" target=\"_blank\" rel=\"noopener\">Scopri la mappa<\/a><\/p>\n<hr \/>\n<h3 style=\"line-height: 1 !important; margin-bottom: 0;\"><span class=\"ez-toc-section\" id=\"Avendo_Srl\"><\/span>Avendo Srl<span class=\"ez-toc-section-end\"><\/span><\/h3>\n<p><strong>Indirizzo:<\/strong> Via Dell&#8217;aeroporto, 40132 Bologna (BO)<br \/>\n<strong>Regione:<\/strong> Emilia Romagna<br \/>\n<strong>Categoria:<\/strong> Ristorazione Collettiva e Catering Bologna (BO)<br \/>\n<a href=\"https:\/\/www.eventi-fiere.it\/blog\/Avendo-Srl-ristorazione-collettiva-e-catering\" target=\"_blank\" rel=\"noopener\">Scopri la mappa<\/a><\/p>\n<hr \/>\n<h3 style=\"line-height: 1 !important; margin-bottom: 0;\"><span class=\"ez-toc-section\" id=\"Il_Cerimoniere\"><\/span>Il Cerimoniere<span class=\"ez-toc-section-end\"><\/span><\/h3>\n<p><strong>Indirizzo:<\/strong> Via Villanova 7, 40100 Bologna (BO)<br \/>\n<strong>Regione:<\/strong> Emilia Romagna<br \/>\n<strong>Categoria:<\/strong> Ristorazione Collettiva e Catering Bologna (BO)<br \/>\n<a href=\"https:\/\/www.eventi-fiere.it\/blog\/Il-Cerimoniere-ristorazione-collettiva-e-catering\" target=\"_blank\" rel=\"noopener\">Scopri la mappa<\/a><\/p>\n<hr \/>\n<h3 style=\"line-height: 1 !important; margin-bottom: 0;\"><span class=\"ez-toc-section\" id=\"Gestione_Servizi_Integrati_Srl\"><\/span>Gestione Servizi Integrati Srl<span class=\"ez-toc-section-end\"><\/span><\/h3>\n<p><strong>Indirizzo:<\/strong> Viale Carlo Berti Pichat 4, 40127 Bologna (BO)<br \/>\n<strong>Regione:<\/strong> Emilia Romagna<br \/>\n<strong>Categoria:<\/strong> Ristorazione Collettiva e Catering Bologna (BO)<br \/>\n<a href=\"https:\/\/www.eventi-fiere.it\/blog\/Gestione-Servizi-Integrati-Srl-ristorazione-collettiva-e-catering\" target=\"_blank\" rel=\"noopener\">Scopri la mappa<\/a><\/p>\n<hr \/>\n<h3 style=\"line-height: 1 !important; margin-bottom: 0;\"><span class=\"ez-toc-section\" id=\"ORMA_2\"><\/span>ORMA 2<span class=\"ez-toc-section-end\"><\/span><\/h3>\n<p><strong>Indirizzo:<\/strong> Via Maestri Del Lavoro, 40138 Bologna (BO)<br \/>\n<strong>Regione:<\/strong> Emilia Romagna<br \/>\n<strong>Categoria:<\/strong> Ristorazione Collettiva e Catering Bologna (BO)<br \/>\n<a href=\"https:\/\/www.eventi-fiere.it\/blog\/O-r-m-a-Srl-ristorazione-collettiva-e-catering\" target=\"_blank\" rel=\"noopener\">Scopri la mappa<\/a><\/p>\n<hr \/>\n<h3 style=\"line-height: 1 !important; margin-bottom: 0;\"><span class=\"ez-toc-section\" id=\"Compass_Group_Italia_Spa\"><\/span>Compass Group Italia S.p.a.<span class=\"ez-toc-section-end\"><\/span><\/h3>\n<p><strong>Indirizzo:<\/strong> Via della Centralinista 3, 40138 Bologna (BO)<br \/>\n<strong>Regione:<\/strong> Emilia Romagna<br \/>\n<strong>Categoria:<\/strong> Ristorazione Collettiva e Catering Bologna (BO)<br \/>\n<a href=\"https:\/\/www.eventi-fiere.it\/blog\/Compass-Group-Italia-S-p-a-ristorazione-collettiva-e-catering\" target=\"_blank\" rel=\"noopener\">Scopri la mappa<\/a><\/p>\n<hr \/>\n<h3 style=\"line-height: 1 !important; margin-bottom: 0;\"><span class=\"ez-toc-section\" id=\"CEntro\"><\/span>C&#8217;Entro<span class=\"ez-toc-section-end\"><\/span><\/h3>\n<p><strong>Indirizzo:<\/strong> Via dell Indipendenza 45, 40121 Bologna (BO)<br \/>\n<strong>Regione:<\/strong> Emilia Romagna<br \/>\n<strong>Categoria:<\/strong> Ristorazione Collettiva e Catering Bologna (BO)<br \/>\n<a href=\"https:\/\/www.eventi-fiere.it\/blog\/C'Entro-ristorazione-collettiva-e-catering\" target=\"_blank\" rel=\"noopener\">Scopri la mappa<\/a><\/p>\n<hr \/>\n<h3 style=\"line-height: 1 !important; margin-bottom: 0;\"><span class=\"ez-toc-section\" id=\"Nutelleria\"><\/span>Nutelleria<span class=\"ez-toc-section-end\"><\/span><\/h3>\n<p><strong>Indirizzo:<\/strong> Via dell Indipendenza 45, 40121 Bologna (BO)<br \/>\n<strong>Regione:<\/strong> Emilia Romagna<br \/>\n<strong>Categoria:<\/strong> Ristorazione Collettiva e Catering Bologna (BO)<br \/>\n<a href=\"https:\/\/www.eventi-fiere.it\/blog\/Nutelleria-ristorazione-collettiva-e-catering\" target=\"_blank\" rel=\"noopener\">Scopri la mappa<\/a><\/p>\n<hr \/>\n<p><!-- FINO A QUI --><br \/>\nI <strong>catering di Bologna<\/strong> sono preparati per qualsiasi richiesta, quali pasticcini, salatini, torte, torte nuziali, crostate, aperitivi, colazioni, stuzzichini, confetti, dessert, dolci al forno, dolci alla piastra, dolci freddi, antipasti, bevande, primi piatti, secondi, verdura, frutta e biscottini.<\/p>\n<p>Pranzi e cene, i <strong>catering a Bologna<\/strong> ricoprono qualsiasi men\u00f9 a seconda delle pi\u00f9 svariate esigenze, come men\u00f9 vegetariano, men\u00f9 vegano, men\u00f9 di crudi di pesce, fingerfood, men\u00f9 di carne, men\u00f9 di pesce, men\u00f9 di fritti, men\u00f9 di cibi stagionali e men\u00f9 freddi.<\/p>\n<p>A Bologna, chi richiede un servizio catering richiede spesso anche un servizio banqueting che prevede anche l\u2019organizzazione del banchetto, la scelta e l\u2019allestimento dei tavoli, sedie, location, mobili, illuminazione, l\u2019organizzazione dell\u2019intrattenimento musicale di una band rock, di un coro, un duetto, gruppo jazz, un gruppo pop, un gruppo rap, un gruppo blues, la preparazione e il servizio della cena, colazione o pranzo, la scelta di addobbi floreali, in vetro, plastica, carta e ceramica.<\/p>\n<p>Coloro che gestiscono i catering a Bologna sono pieni di professionalit\u00e0 e saranno contenti di servirvi, riverirvi, coccolarvi, soddisfarvi, accontentarvi e compiacervi.<\/p>\n","protected":false},"excerpt":{"rendered":"<p>Cerchi un Catering Bologna? Per fiere, eventi aziendali, matrimoni, battesimi, lauree, eventi pubblici, feste private a Bologna? Se sei interessato ad un catering a Bologna usufruisci del nostro servizio: Fai<\/p>\n","protected":false},"author":1,"featured_media":3004,"comment_status":"closed","ping_status":"closed","sticky":false,"template":"","format":"standard","meta":[],"categories":[44,106,1,14,86],"tags":[],"yst_prominent_words":[4055,4065,4064,4062,3517,3518,3516,3512,4066,4042,4067,4063,2090,3514,3511,3823],"_links":{"self":[{"href":"https:\/\/www.eventi-fiere.it\/blog\/wp-json\/wp\/v2\/posts\/3138"}],"collection":[{"href":"https:\/\/www.eventi-fiere.it\/blog\/wp-json\/wp\/v2\/posts"}],"about":[{"href":"https:\/\/www.eventi-fiere.it\/blog\/wp-json\/wp\/v2\/types\/post"}],"author":[{"embeddable":true,"href":"https:\/\/www.eventi-fiere.it\/blog\/wp-json\/wp\/v2\/users\/1"}],"replies":[{"embeddable":true,"href":"https:\/\/www.eventi-fiere.it\/blog\/wp-json\/wp\/v2\/comments?post=3138"}],"version-history":[{"count":14,"href":"https:\/\/www.eventi-fiere.it\/blog\/wp-json\/wp\/v2\/posts\/3138\/revisions"}],"predecessor-version":[{"id":16135,"href":"https:\/\/www.eventi-fiere.it\/blog\/wp-json\/wp\/v2\/posts\/3138\/revisions\/16135"}],"wp:featuredmedia":[{"embeddable":true,"href":"https:\/\/www.eventi-fiere.it\/blog\/wp-json\/wp\/v2\/media\/3004"}],"wp:attachment":[{"href":"https:\/\/www.eventi-fiere.it\/blog\/wp-json\/wp\/v2\/media?parent=3138"}],"wp:term":[{"taxonomy":"category","embeddable":true,"href":"https:\/\/www.eventi-fiere.it\/blog\/wp-json\/wp\/v2\/categories?post=3138"},{"taxonomy":"post_tag","embeddable":true,"href":"https:\/\/www.eventi-fiere.it\/blog\/wp-json\/wp\/v2\/tags?post=3138"},{"taxonomy":"yst_prominent_words","embeddable":true,"href":"https:\/\/www.eventi-fiere.it\/blog\/wp-json\/wp\/v2\/yst_prominent_words?post=3138"}],"curies":[{"name":"wp","href":"https:\/\/api.w.org\/{rel}","templated":true}]}}