{"id":3050,"date":"2018-08-29T17:20:38","date_gmt":"2018-08-29T15:20:38","guid":{"rendered":"https:\/\/www.eventi-fiere.it\/blog\/?p=3050"},"modified":"2019-03-30T10:39:36","modified_gmt":"2019-03-30T09:39:36","slug":"promoter-eventi-inaugurali","status":"publish","type":"post","link":"https:\/\/www.eventi-fiere.it\/blog\/promoter-eventi-inaugurali\/","title":{"rendered":"Promoter per eventi inaugurali. E&#8217; pi\u00f9 facile invitare e attrarre visitatori."},"content":{"rendered":"<p>Come creare uno staff di promoter per attirare visitatori a un&#8217;inaugurazione? Se non sai da dove cominciare, in questo articolo troverai la risposta ed altri spunti interessanti.<\/p>\n<h3><span class=\"ez-toc-section\" id=\"Inaugurazione_il_lieto_evento_del_tuo_business\"><\/span>Inaugurazione: il &#8220;lieto evento&#8221; del tuo business.<span class=\"ez-toc-section-end\"><\/span><\/h3><div id=\"ez-toc-container\" class=\"ez-toc-v2_0_27 ez-toc-wrap-right counter-hierarchy\">\n<div class=\"ez-toc-title-container\">\n<p class=\"ez-toc-title\">Contenuti<\/p>\n<span class=\"ez-toc-title-toggle\"><\/span><\/div>\n<nav><ul class=\"ez-toc-list ez-toc-list-level-1\"><li class=\"ez-toc-page-1 ez-toc-heading-level-3\"><a class=\"ez-toc-link ez-toc-heading-1\" href=\"https:\/\/www.eventi-fiere.it\/blog\/promoter-eventi-inaugurali\/#Inaugurazione_il_lieto_evento_del_tuo_business\" title=\"Inaugurazione: il &#8220;lieto evento&#8221; del tuo business.\">Inaugurazione: il &#8220;lieto evento&#8221; del tuo business.<\/a><\/li><li class=\"ez-toc-page-1 ez-toc-heading-level-3\"><a class=\"ez-toc-link ez-toc-heading-2\" href=\"https:\/\/www.eventi-fiere.it\/blog\/promoter-eventi-inaugurali\/#Mondo_promoter_il_dietro_le_quinte\" title=\"Mondo promoter: il dietro le quinte.\">Mondo promoter: il dietro le quinte.<\/a><\/li><li class=\"ez-toc-page-1 ez-toc-heading-level-3\"><a class=\"ez-toc-link ez-toc-heading-3\" href=\"https:\/\/www.eventi-fiere.it\/blog\/promoter-eventi-inaugurali\/#Come_e_chi_scegliere\" title=\"Come e chi scegliere.\">Come e chi scegliere.<\/a><\/li><\/ul><\/nav><\/div>\n\n<p>L&#8217;apertura di una nuova attivit\u00e0, sia essa un negozio, un ristorante, un locale notturno o una mostra, \u00e8 un avvenimento speciale. Nelle ultime settimane hai sistemato ogni minuscolo dettaglio e sei sicuro che <a href=\"https:\/\/www.eventi-fiere.it\/eventi\/inaugurazione\/\" target=\"_blank\" rel=\"noopener noreferrer\">l&#8217;evento inaugurale<\/a> sar\u00e0 un successone: <strong>mancano solo gli invitati!<\/strong><\/p>\n<p>Ma come raggiungerli?<br \/>\nProducendo trilioni di volantini d&#8217;invito da imbucare in tutte cassette della posta della tua citt\u00e0?<br \/>\nUhm&#8230; non solo!<\/p>\n<p>In questa fase sar\u00e0\u00a0necessario servirsi di <strong>personale qualificato che distribuisca fisicamente gli inviti al tuo evento inaugurale in maniera mirata e capillare<\/strong>.\u00a0<span style=\"font-size: 1.0625rem;\">Ed \u00e8 qui che entra in gioco la figura del promoter.<\/span><\/p>\n<h3><span class=\"ez-toc-section\" id=\"Mondo_promoter_il_dietro_le_quinte\"><\/span>Mondo promoter: il dietro le quinte.<span class=\"ez-toc-section-end\"><\/span><\/h3>\n<p>Ma andiamo per ordine. Il grosso dell&#8217;attivit\u00e0 di promozione di un evento inaugurale si svolge &#8220;dietro le quinte&#8221;, nella <strong>&#8220;cabina di regia&#8221; <\/strong>di un&#8217;agenzia di comunicazione. Essa pianificher\u00e0 la strategia promozionale sui canali\u00a0<a href=\"https:\/\/www.eventi-fiere.it\/blog\/come-pubblicizzare-il-tuo-evento-sui-social\/\" target=\"_blank\" rel=\"noopener noreferrer\"><em>social<\/em><\/a>\u00a0e su quelli\u00a0<strong><em>local<\/em><\/strong>, ovvero l&#8217;area geografica che comprende il bacino dei tuoi potenziali clienti.<\/p>\n<p>Pi\u00f9 nello specifico l&#8217;<a href=\"https:\/\/www.eventi-fiere.it\/servizi\/agenzie-di-comunicazione\/\" target=\"_blank\" rel=\"noopener noreferrer\">agenzia di comunicazione<\/a>\u00a0ti aiuter\u00e0 a:<\/p>\n<ul>\n<li>studiare il\u00a0<strong>target<\/strong> di riferimento (et\u00e0, sesso, abitudini&#8230;)<\/li>\n<li>elaborare una <strong>mappa<\/strong> delle zone in cui distribuire i volantini (piazze, stazioni, centri commerciali&#8230;)<\/li>\n<li>sbrigare le <strong>pratiche burocratiche<\/strong> col Comune per il permesso di volantinaggio su suolo pubblico<\/li>\n<li>elaborare la <a href=\"https:\/\/www.eventi-fiere.it\/blog\/inaugurazione-stampa-volantini\/\" target=\"_blank\" rel=\"noopener noreferrer\"><strong>grafica<\/strong> dei volantini<\/a><\/li>\n<li><strong>selezionare e coordinare lo <a href=\"https:\/\/www.eventi-fiere.it\/servizi\/staff-per-eventi\/\" target=\"_blank\" rel=\"noopener noreferrer\">staff<\/a> di promoter<\/strong><\/li>\n<\/ul>\n<h3><span class=\"ez-toc-section\" id=\"Come_e_chi_scegliere\"><\/span>Come e chi scegliere.<span class=\"ez-toc-section-end\"><\/span><\/h3>\n<p>Di norma l&#8217;operazione di selezione delle promoter, avviene tramite <strong>schede informative, telefonata e\/o via Skype<\/strong>. Questo significa che potrai misurare l&#8217;affidabilit\u00e0 di una promoter solo una volta che sar\u00e0 sul posto di lavoro. Dovrai quindi fidarti di ci\u00f2 che ti comunicheranno fotografie, sorriso, tono di voce, modo di porsi. In alcuni casi \u00e8 richiesto anche un colloquio dal vivo con lo staff prima della selezione finale.<\/p>\n<p><strong>La bella presenza<\/strong> \u00e8 fondamentale, questo si sa, ma una promoter professionale deve sopratutto essere abile a <strong>coniugare gentilezza e tenacia,<\/strong> senza sconfinare nell&#8217;aggressivit\u00e0.<br \/>\nIn questo articolo di Eleonora troverai ulteriori informazioni riguardo alla <a href=\"https:\/\/www.eventi-fiere.it\/blog\/hostess-e-promoter-come-sceglierli-a-seconda-dellevento\/\" target=\"_blank\" rel=\"noopener noreferrer\">fase di selezione delle promoter<\/a>.<\/p>\n<p>Se hai trovato utili i consigli contenuti in questo articolo, condividilo!<\/p>\n","protected":false},"excerpt":{"rendered":"<p>Come creare uno staff di promoter per attirare visitatori a un&#8217;inaugurazione? Se non sai da dove cominciare, in questo articolo troverai la risposta ed altri spunti interessanti. Inaugurazione: il &#8220;lieto<\/p>\n","protected":false},"author":18,"featured_media":3079,"comment_status":"closed","ping_status":"closed","sticky":false,"template":"","format":"standard","meta":[],"categories":[13,132,85],"tags":[59,162],"yst_prominent_words":[482,531,4172,280,4013,831,3957,475,4179,4178,1549,4019,2240,542],"_links":{"self":[{"href":"https:\/\/www.eventi-fiere.it\/blog\/wp-json\/wp\/v2\/posts\/3050"}],"collection":[{"href":"https:\/\/www.eventi-fiere.it\/blog\/wp-json\/wp\/v2\/posts"}],"about":[{"href":"https:\/\/www.eventi-fiere.it\/blog\/wp-json\/wp\/v2\/types\/post"}],"author":[{"embeddable":true,"href":"https:\/\/www.eventi-fiere.it\/blog\/wp-json\/wp\/v2\/users\/18"}],"replies":[{"embeddable":true,"href":"https:\/\/www.eventi-fiere.it\/blog\/wp-json\/wp\/v2\/comments?post=3050"}],"version-history":[{"count":12,"href":"https:\/\/www.eventi-fiere.it\/blog\/wp-json\/wp\/v2\/posts\/3050\/revisions"}],"predecessor-version":[{"id":11558,"href":"https:\/\/www.eventi-fiere.it\/blog\/wp-json\/wp\/v2\/posts\/3050\/revisions\/11558"}],"wp:featuredmedia":[{"embeddable":true,"href":"https:\/\/www.eventi-fiere.it\/blog\/wp-json\/wp\/v2\/media\/3079"}],"wp:attachment":[{"href":"https:\/\/www.eventi-fiere.it\/blog\/wp-json\/wp\/v2\/media?parent=3050"}],"wp:term":[{"taxonomy":"category","embeddable":true,"href":"https:\/\/www.eventi-fiere.it\/blog\/wp-json\/wp\/v2\/categories?post=3050"},{"taxonomy":"post_tag","embeddable":true,"href":"https:\/\/www.eventi-fiere.it\/blog\/wp-json\/wp\/v2\/tags?post=3050"},{"taxonomy":"yst_prominent_words","embeddable":true,"href":"https:\/\/www.eventi-fiere.it\/blog\/wp-json\/wp\/v2\/yst_prominent_words?post=3050"}],"curies":[{"name":"wp","href":"https:\/\/api.w.org\/{rel}","templated":true}]}}