{"id":2952,"date":"2018-09-19T17:20:33","date_gmt":"2018-09-19T15:20:33","guid":{"rendered":"https:\/\/www.eventi-fiere.it\/blog\/?p=2952"},"modified":"2018-09-17T10:05:07","modified_gmt":"2018-09-17T08:05:07","slug":"proiettori-video-registrazioni","status":"publish","type":"post","link":"https:\/\/www.eventi-fiere.it\/blog\/proiettori-video-registrazioni\/","title":{"rendered":"Proiettori e video registrazioni: elementi indispensabili per il vostro meeting"},"content":{"rendered":"<h2><span class=\"ez-toc-section\" id=\"Proiettori_e_video_registrazioni_elementi_indispensabili_per_il_vostro_meeting\"><\/span>Proiettori e video registrazioni: elementi indispensabili per il vostro meeting<span class=\"ez-toc-section-end\"><\/span><\/h2><div id=\"ez-toc-container\" class=\"ez-toc-v2_0_27 ez-toc-wrap-right counter-hierarchy\">\n<div class=\"ez-toc-title-container\">\n<p class=\"ez-toc-title\">Contenuti<\/p>\n<span class=\"ez-toc-title-toggle\"><\/span><\/div>\n<nav><ul class=\"ez-toc-list ez-toc-list-level-1\"><li class=\"ez-toc-page-1 ez-toc-heading-level-2\"><a class=\"ez-toc-link ez-toc-heading-1\" href=\"https:\/\/www.eventi-fiere.it\/blog\/proiettori-video-registrazioni\/#Proiettori_e_video_registrazioni_elementi_indispensabili_per_il_vostro_meeting\" title=\"Proiettori e video registrazioni: elementi indispensabili per il vostro meeting\">Proiettori e video registrazioni: elementi indispensabili per il vostro meeting<\/a><ul class=\"ez-toc-list-level-3\"><li class=\"ez-toc-heading-level-3\"><a class=\"ez-toc-link ez-toc-heading-2\" href=\"https:\/\/www.eventi-fiere.it\/blog\/proiettori-video-registrazioni\/#Condizioni_necessarie_per_linstallazione_di_un_videoproiettore\" title=\"Condizioni necessarie per l&#8217;installazione di un videoproiettore\">Condizioni necessarie per l&#8217;installazione di un videoproiettore<\/a><\/li><li class=\"ez-toc-page-1 ez-toc-heading-level-3\"><a class=\"ez-toc-link ez-toc-heading-3\" href=\"https:\/\/www.eventi-fiere.it\/blog\/proiettori-video-registrazioni\/#Meglio_un_proiettore_o_una_tv\" title=\"Meglio un proiettore o una tv?\">Meglio un proiettore o una tv?<\/a><\/li><li class=\"ez-toc-page-1 ez-toc-heading-level-3\"><a class=\"ez-toc-link ez-toc-heading-4\" href=\"https:\/\/www.eventi-fiere.it\/blog\/proiettori-video-registrazioni\/#Videoregistrazioni\" title=\"Videoregistrazioni\">Videoregistrazioni<\/a><\/li><\/ul><\/li><\/ul><\/nav><\/div>\n\n<p>Buongiorno a tutti! Abbiamo gi\u00e0 parlato dell&#8217;<a href=\"https:\/\/www.eventi-fiere.it\/blog\/allestimento-eventi-allestire-una-sala-meeting\/\" target=\"_blank\" rel=\"noopener\">allestimento necessario per il vostro meeting<\/a>. Tra i diversi strumenti risultavano anche i <strong>proiettori e le video registrazioni<\/strong>, ma perch\u00e9? Dove sta la loro importanza? Vediamolo insieme!<\/p>\n<h3><span class=\"ez-toc-section\" id=\"Condizioni_necessarie_per_linstallazione_di_un_videoproiettore\"><\/span>Condizioni necessarie per l&#8217;installazione di un videoproiettore<span class=\"ez-toc-section-end\"><\/span><\/h3>\n<p>Il videoproiettore richiede alcune necessit\u00e0, sia di spazio, che di illuminazione che di cablaggio.<\/p>\n<ul>\n<li><strong>Spazio<\/strong>: prima di passare all&#8217;acquisto di un proiettore bisogna individuare una stanza specifica dove poterne usufruire. Per esempio, sono da scartare a prescindere tutte le stanze piccole e piene di vetrate ( il perch\u00e9 ve lo spiegher\u00f2 meglio nel prossimo punto). Due sono le cose da valutare: la <strong>grandezza della parete<\/strong> dove andrete a proiettare ( se \u00e8 troppo piccola tanto vale prendevi una tv) e la <strong>distanza del proiettore dalla parete<\/strong>, in media almeno 4-5 metri ci vogliono per godere di una buona visuale.<\/li>\n<li><strong>Illuminazione<\/strong>: a differenza della televisione, che \u00e8 una sorgente di luce diretta, il video proitettore proietta, appunto, su una parete o su un telo apposito le immagini che arrivano ai nostri occhi riflesse, insieme alle altre fonti di luce della stanza. Proprio per questo, per non venire disturbati dalle altre fonti di luce e non avere una visuale di qualit\u00e0 \u00e8 importante avere la possibilit\u00e0 di<strong> oscurare completamente la stanza intera nel momento del suo uso.<\/strong><\/li>\n<li><strong>Cablaggio<\/strong>: di fili e collegamenti io non ne so niente ragazzi, per questo vi consiglio direttamente di parlare con chi si occupa apposta di video e foto.<\/li>\n<\/ul>\n<h3><span class=\"ez-toc-section\" id=\"Meglio_un_proiettore_o_una_tv\"><\/span>Meglio un proiettore o una tv?<span class=\"ez-toc-section-end\"><\/span><\/h3>\n<p>Non ci sono storie, <strong>proiettore tutta la vita<\/strong>. Se siete amanti di film diventa davvero allettante costruirsi un piccolo cinema all&#8217;interno della propria casa, ma avete possibilit\u00e0 di scelta. In ambito lavorativo sostituire la televisione alla praticit\u00e0 del proiettore diventa invece necessario. I vantaggi che pu\u00f2 dare sono molteplici, vi faccio qui un piccolo elenco:<\/p>\n<ul>\n<li>Prima di tutto, la <strong>semplicit\u00e0 d&#8217;uso e la facilit\u00e0 nel spostarlo. <\/strong><\/li>\n<li>Avere una visuale come al cinema, e questo aumenter\u00e0 anche il vostro <strong>coinvolgimento emozionale<\/strong> e di tutti quelli che sono nella stanza<\/li>\n<li>Vedere <strong>contenuti ad alta definizione<\/strong>, come blu-ray, HD-DVD, i canali HD di sky e videogiochi a risoluzione avanzata<\/li>\n<li>Possibilit\u00e0 di proiettare non solo i propri <strong>filmati ripresi con la telecamera<\/strong>, ma anche<strong> i propri lavori costruiti al computer<\/strong>, come una presentazione, un montaggio etc.<\/li>\n<\/ul>\n<h3><span class=\"ez-toc-section\" id=\"Videoregistrazioni\"><\/span>Videoregistrazioni<span class=\"ez-toc-section-end\"><\/span><\/h3>\n<p>Se \u00e8 un meeting di una certa importanza allora \u00e8 bene <strong>assicurarsi di registrare tutto<\/strong>, affinch\u00e9 le cose dette non si depositino del dimenticatoio. Comprare un videoregistratore non sono mai soldi buttati via.<\/p>\n<p>Di modelli di proiettori e videoregistratori ce ne sono molti, a pi\u00f9 o meno alta definizione, con pi\u00f9 o meno accessori, di diversa grandezza e diverse possibilit\u00e0. Di che tipo comprarli la scelta \u00e8 vostra, ma se non ne sapete niente e avete paura di sbagliare lasciatevi dare un aiuto a chi se ne intende, ovvero a chi si occupa di <strong>video e foto a livello professionale<\/strong>, per voi sar\u00e0 <strong>impossibile a questo punto sbagliare<\/strong>!<\/p>\n<p>Se pensate che questo video vi sia state utile mi raccomando&#8230; <strong>condividete<\/strong>!<\/p>\n","protected":false},"excerpt":{"rendered":"<p>Proiettori e video registrazioni: elementi indispensabili per il vostro meeting Buongiorno a tutti! Abbiamo gi\u00e0 parlato dell&#8217;allestimento necessario per il vostro meeting. Tra i diversi strumenti risultavano anche i proiettori<\/p>\n","protected":false},"author":17,"featured_media":2964,"comment_status":"closed","ping_status":"closed","sticky":false,"template":"","format":"standard","meta":[],"categories":[108,1,97],"tags":[18],"yst_prominent_words":[3746,3725,3743,1974,1702,3724,248,859,3723,1095,3721,3747,2847,633,2535,837,3744,3745,3748,1511],"_links":{"self":[{"href":"https:\/\/www.eventi-fiere.it\/blog\/wp-json\/wp\/v2\/posts\/2952"}],"collection":[{"href":"https:\/\/www.eventi-fiere.it\/blog\/wp-json\/wp\/v2\/posts"}],"about":[{"href":"https:\/\/www.eventi-fiere.it\/blog\/wp-json\/wp\/v2\/types\/post"}],"author":[{"embeddable":true,"href":"https:\/\/www.eventi-fiere.it\/blog\/wp-json\/wp\/v2\/users\/17"}],"replies":[{"embeddable":true,"href":"https:\/\/www.eventi-fiere.it\/blog\/wp-json\/wp\/v2\/comments?post=2952"}],"version-history":[{"count":5,"href":"https:\/\/www.eventi-fiere.it\/blog\/wp-json\/wp\/v2\/posts\/2952\/revisions"}],"predecessor-version":[{"id":5124,"href":"https:\/\/www.eventi-fiere.it\/blog\/wp-json\/wp\/v2\/posts\/2952\/revisions\/5124"}],"wp:featuredmedia":[{"embeddable":true,"href":"https:\/\/www.eventi-fiere.it\/blog\/wp-json\/wp\/v2\/media\/2964"}],"wp:attachment":[{"href":"https:\/\/www.eventi-fiere.it\/blog\/wp-json\/wp\/v2\/media?parent=2952"}],"wp:term":[{"taxonomy":"category","embeddable":true,"href":"https:\/\/www.eventi-fiere.it\/blog\/wp-json\/wp\/v2\/categories?post=2952"},{"taxonomy":"post_tag","embeddable":true,"href":"https:\/\/www.eventi-fiere.it\/blog\/wp-json\/wp\/v2\/tags?post=2952"},{"taxonomy":"yst_prominent_words","embeddable":true,"href":"https:\/\/www.eventi-fiere.it\/blog\/wp-json\/wp\/v2\/yst_prominent_words?post=2952"}],"curies":[{"name":"wp","href":"https:\/\/api.w.org\/{rel}","templated":true}]}}