{"id":2565,"date":"2018-08-27T16:41:10","date_gmt":"2018-08-27T14:41:10","guid":{"rendered":"https:\/\/www.eventi-fiere.it\/blog\/?p=2565"},"modified":"2018-10-18T17:25:13","modified_gmt":"2018-10-18T15:25:13","slug":"fiere-italia-24-09-2018-al-30-09-2018","status":"publish","type":"post","link":"https:\/\/www.eventi-fiere.it\/blog\/fiere-italia-24-09-2018-al-30-09-2018\/","title":{"rendered":"Calendario Fiere in Italia dal 24\/09\/2018 al 30\/09\/2018: orari e prezzi dei biglietti"},"content":{"rendered":"<p>Eccoci all&#8217;appuntamento con il calendario delle <strong>fiere in Italia dal 24\/09\/2018 al 30\/09\/2018<\/strong><strong>. <\/strong>Qui troverete tutte le informazioni fondamentali per le <strong>Fiere Italiane.<\/strong><\/p>\n<h2><span class=\"ez-toc-section\" id=\"CERSAIE\"><\/span><strong>CERSAIE<\/strong><span class=\"ez-toc-section-end\"><\/span><\/h2><div id=\"ez-toc-container\" class=\"ez-toc-v2_0_27 ez-toc-wrap-right counter-hierarchy\">\n<div class=\"ez-toc-title-container\">\n<p class=\"ez-toc-title\">Contenuti<\/p>\n<span class=\"ez-toc-title-toggle\"><\/span><\/div>\n<nav><ul class=\"ez-toc-list ez-toc-list-level-1\"><li class=\"ez-toc-page-1 ez-toc-heading-level-2\"><a class=\"ez-toc-link ez-toc-heading-1\" href=\"https:\/\/www.eventi-fiere.it\/blog\/fiere-italia-24-09-2018-al-30-09-2018\/#CERSAIE\" title=\"CERSAIE\">CERSAIE<\/a><\/li><li class=\"ez-toc-page-1 ez-toc-heading-level-2\"><a class=\"ez-toc-link ez-toc-heading-2\" href=\"https:\/\/www.eventi-fiere.it\/blog\/fiere-italia-24-09-2018-al-30-09-2018\/#TECNARGILLA\" title=\"TECNARGILLA\">TECNARGILLA<\/a><\/li><li class=\"ez-toc-page-1 ez-toc-heading-level-2\"><a class=\"ez-toc-link ez-toc-heading-3\" href=\"https:\/\/www.eventi-fiere.it\/blog\/fiere-italia-24-09-2018-al-30-09-2018\/#LINEAPELLE\" title=\"LINEAPELLE\">LINEAPELLE<\/a><\/li><li class=\"ez-toc-page-1 ez-toc-heading-level-2\"><a class=\"ez-toc-link ez-toc-heading-4\" href=\"https:\/\/www.eventi-fiere.it\/blog\/fiere-italia-24-09-2018-al-30-09-2018\/#MARMOMACC\" title=\"MARMOMACC\">MARMOMACC<\/a><\/li><li class=\"ez-toc-page-1 ez-toc-heading-level-2\"><a class=\"ez-toc-link ez-toc-heading-5\" href=\"https:\/\/www.eventi-fiere.it\/blog\/fiere-italia-24-09-2018-al-30-09-2018\/#COILTECH\" title=\"COILTECH\">COILTECH<\/a><\/li><li class=\"ez-toc-page-1 ez-toc-heading-level-2\"><a class=\"ez-toc-link ez-toc-heading-6\" href=\"https:\/\/www.eventi-fiere.it\/blog\/fiere-italia-24-09-2018-al-30-09-2018\/#CREMONA_MONDOMUSICA\" title=\"CREMONA MONDOMUSICA\">CREMONA MONDOMUSICA<\/a><\/li><li class=\"ez-toc-page-1 ez-toc-heading-level-2\"><a class=\"ez-toc-link ez-toc-heading-7\" href=\"https:\/\/www.eventi-fiere.it\/blog\/fiere-italia-24-09-2018-al-30-09-2018\/#MERCANTE_IN_FIERA_AUTUNNO\" title=\"MERCANTE IN FIERA AUTUNNO\">MERCANTE IN FIERA AUTUNNO<\/a><\/li><li class=\"ez-toc-page-1 ez-toc-heading-level-2\"><a class=\"ez-toc-link ez-toc-heading-8\" href=\"https:\/\/www.eventi-fiere.it\/blog\/fiere-italia-24-09-2018-al-30-09-2018\/#SABO\" title=\"SABO\">SABO<\/a><\/li><li class=\"ez-toc-page-1 ez-toc-heading-level-2\"><a class=\"ez-toc-link ez-toc-heading-9\" href=\"https:\/\/www.eventi-fiere.it\/blog\/fiere-italia-24-09-2018-al-30-09-2018\/#FERRARA_SPOSI\" title=\"FERRARA SPOSI\">FERRARA SPOSI<\/a><\/li><li class=\"ez-toc-page-1 ez-toc-heading-level-2\"><a class=\"ez-toc-link ez-toc-heading-10\" href=\"https:\/\/www.eventi-fiere.it\/blog\/fiere-italia-24-09-2018-al-30-09-2018\/#CARRARA_SPOSI\" title=\"CARRARA SPOSI\">CARRARA SPOSI<\/a><\/li><li class=\"ez-toc-page-1 ez-toc-heading-level-2\"><a class=\"ez-toc-link ez-toc-heading-11\" href=\"https:\/\/www.eventi-fiere.it\/blog\/fiere-italia-24-09-2018-al-30-09-2018\/#WELLNESS_FOOD_FESTIVAL\" title=\"WELLNESS FOOD FESTIVAL\">WELLNESS FOOD FESTIVAL<\/a><\/li><\/ul><\/nav><\/div>\n\n<ul>\n<li>Dal 24 al 28 Settembre 2018<\/li>\n<li><strong>Dove:<\/strong> BolognaFiere<\/li>\n<li><strong>Tipologia:<\/strong> B2B<\/li>\n<li><strong>Frequenza:<\/strong> Annuale<\/li>\n<li><strong>Orari:\u00a0<\/strong>Dal Luned\u00ec al Gioved\u00ec dalle ore 09:00 alle ore 19:00, Venerd\u00ec dalle ore 09:00 alle ore 18:00<\/li>\n<li><strong>Biglietti:<\/strong>\u00a0Gratuito previa registrazione<\/li>\n<li><a href=\"https:\/\/www.cersaie.it\"><strong>Sito web<\/strong><\/a><\/li>\n<\/ul>\n<p><b>Cersaie\u00a0<\/b>\u00e8 il\u00a0Salone Internazionale della Ceramica per l&#8217;Architettura e Arredo Bagno.\u00a0E&#8217; il punto di incontro per tutti gli operatori professionali che desiderano un momento di scambio e confronto sulle <em>tendenze<\/em> emergenti nel design e nell&#8217;architettura. Due sezioni espositive: la <strong>Ceramica<\/strong> e l&#8217;<strong>Arredo Bagno<\/strong>.\u00a0Ricchissimo programma di convegni e seminari riservati ad architetti, designer e operatori del settore, permetter\u00e0 di approfondire conoscenze, avvicinarsi a novit\u00e0, necessit\u00e0 e tendenze per il futuro del vivere e dell&#8217;abitare gli spazi.<\/p>\n<h2><span class=\"ez-toc-section\" id=\"TECNARGILLA\"><\/span><strong>TECNARGILLA<\/strong><span class=\"ez-toc-section-end\"><\/span><\/h2>\n<ul>\n<li>Dal 24 al 28 Settembre 2018<\/li>\n<li><strong>Dove:<\/strong> Rimini Fiera<\/li>\n<li><strong>Tipologia:<\/strong> B2B<\/li>\n<li><strong>Frequenza:<\/strong> Biennale<\/li>\n<li><strong>Orari:\u00a0<\/strong>dalle ore 09:30 alle ore 18:00<\/li>\n<li><strong>Biglietti:<\/strong>\u00a0Gratuito<\/li>\n<li><a href=\"https:\/\/www.tecnargilla.it\"><strong>Sito web<\/strong><\/a><\/li>\n<\/ul>\n<p><strong>Tecnargilla<\/strong> \u00e8 la pi\u00f9 importante fiera al mondo per la fornitura alle industrie di ceramica e del laterizio dedicata alle tecnologie per <em>piastrelle<\/em>, <em>sanitari<\/em> e <em>stoviglieria<\/em>. Quattro sono i settori speciali:\u00a0<strong>Kromatech<\/strong>,\u00a0vetrina del colore e della creativit\u00e0 in ceramica;\u00a0<strong>Claytech<\/strong>,\u00a0dedicata alla tecnologie per il laterizio;\u00a0<strong>T-White<\/strong>,\u00a0dedicata alla produzione di macchinari e impianti per la produzione di sanitari e stoviglieria in ceramica;\u00a0<strong>Greentech<\/strong>,\u00a0dedicata a tecnologie e prodotti \u201cgreen\u201d volti a ridurre consumi ed emissioni e migliorare prestazioni e redditivit\u00e0 del ciclo produttivo;\u00a0<strong>T-Finishing<\/strong>,\u00a0dedicata a tecnologie, attrezzature e prodotti chimici per i processi di finitura delle piastrelle ceramiche.<\/p>\n<h2><span class=\"ez-toc-section\" id=\"LINEAPELLE\"><\/span><strong>LINEAPELLE<\/strong><span class=\"ez-toc-section-end\"><\/span><\/h2>\n<ul>\n<li>Dal 25 al 27 Settembre 2018<\/li>\n<li><strong>Dove:<\/strong> Fiera Milano Rho<\/li>\n<li><strong>Tipologia:<\/strong> B2B<\/li>\n<li><strong>Frequenza:<\/strong> Biennale<\/li>\n<li><strong>Orari:\u00a0<\/strong>Marted\u00ec e Mercoled\u00ec dalle ore 09:00 alle ore 18:30; Gioved\u00ec dalle ore 09:00 alle ore 17:00<\/li>\n<li><a href=\"https:\/\/www.lineapelle-fair.it\"><strong>Sito web<\/strong><\/a><\/li>\n<\/ul>\n<p><strong>Lineapelle<\/strong> \u00e8 Mostra internazionale di pelli, accessori, componenti, tessuti, sintetici e modelli.\u00a0La manifestazione esalta il settore della <strong>moda italiana<\/strong>, proponendo tutte le ultime novit\u00e0 del settore.\u00a0Arredamento, calzatura, abbigliamento e pelletteria sono le principali sezioni di Lineapelle, che ad ogni appuntamento richiama l&#8217;attenzione di aziende da tutto il mondo.<\/p>\n<h2><span class=\"ez-toc-section\" id=\"MARMOMACC\"><\/span><strong>MARMOMACC<\/strong><span class=\"ez-toc-section-end\"><\/span><\/h2>\n<ul>\n<li>Dal 26 al 29 Settembre 2018<\/li>\n<li><strong>Dove:<\/strong> VeronaFiere<\/li>\n<li><strong>Tipologia:<\/strong> B2B<\/li>\n<li><strong>Frequenza:<\/strong> Annuale<\/li>\n<li><strong>Orari:\u00a0<\/strong>Da Mercoled\u00ec a Venerd\u00ec dalle ore 09:30 alle ore 18:00; Sabato dalle ore 09:30 alle ore 17:30<\/li>\n<li><a href=\"http:\/\/www.marmomac.com\"><strong>Sito web<\/strong><\/a><\/li>\n<\/ul>\n<p>Mostra Internazionale di <em>Marmi<\/em>, <em>Design<\/em> e <em>Tecnologie<\/em>.\u00a0La manifestazione comprende un ampio range di prodotti che va dalle materie prime fino alle tecnologie per la lavorazione e la movimentazione; dall\u2019arte funeraria fino alla lavorazione artistica di bronzo e acciaio ed altri servizi specializzati.\u00a0Un ricco calendario di <strong>convegni<\/strong> e di <strong>corsi di formazione<\/strong>\u00a0offre a tutti gli operatori del settore un&#8217;opportunit\u00e0 di aggiornamento professionale.<\/p>\n<h2><span class=\"ez-toc-section\" id=\"COILTECH\"><\/span><strong>COILTECH<\/strong><span class=\"ez-toc-section-end\"><\/span><\/h2>\n<ul>\n<li>Dal 26 al 27 Settembre 2018<\/li>\n<li><strong>Dove:<\/strong> Pordenone Fiere<\/li>\n<li><strong>Tipologia:<\/strong> B2B<\/li>\n<li><strong>Frequenza:<\/strong> Annuale<\/li>\n<\/ul>\n<p><strong>Coiltech<\/strong> \u00e8\u00a0Fiera internazionale dei materiali e macchinari per la produzione di motori elettrici, generatori, trasformatori ed avvolgimenti in genere.\u00a0Riservata a tecnici, responsabili acquisti e di produzione di aziende produttrici di trasformatori, produttori elettrici, subfornitrici dell\u2019industria del freddo e fruitori. Consente agli operatori del settore di ammirare una <em>vasta esposizione di novit\u00e0<\/em> e <em>articoli<\/em> in grado di soddisfare le proprie esigenze.<\/p>\n<h2><span class=\"ez-toc-section\" id=\"CREMONA_MONDOMUSICA\"><\/span><strong>CREMONA MONDOMUSICA<\/strong><span class=\"ez-toc-section-end\"><\/span><\/h2>\n<ul>\n<li>Dal 28 al 30 Settembre 2018<\/li>\n<li><strong>Dove:<\/strong> Cremona Fiere<\/li>\n<li><strong>Tipologia:<\/strong> B2B<\/li>\n<li><strong>Frequenza:<\/strong> Annuale<\/li>\n<li><strong>Orari:\u00a0<\/strong>Venerd\u00ec e Sabato dalle ore 10:00 alle ore 19:00; Domenica dalle ore 10:00 alle ore 18:00<\/li>\n<li><strong>Biglietti:<\/strong> Abbonamento 3 Giorni Euro 40,00 alle casse &#8211; Euro 25,00 online; Intero Euro 20,00 alle casse &#8211; Euro 10,00 online; Ridotto Euro 5,00 (valido per bambini dai 6 ai 12 anni)<\/li>\n<li><a href=\"http:\/\/www.cremonamusica.com\"><strong>Sito web<\/strong><\/a><\/li>\n<\/ul>\n<p>Salone Internazionale degli <strong>strumenti musicali<\/strong> d&#8217;artigianato e degli accessori per la liuteria.\u00a0E&#8217; un evento molto apprezzato da Collezionisti, Antiquari, Costruttori di strumenti ad arco e a pizzico, Musicisti professionisti e Studenti di musica.\u00a0La manifestazione \u00e8 arricchita da convegni e seminari durante i quali \u00e8 possibile approfondire alcuni interessanti <em>temi legati alla musica<\/em> e <em>alla liuteria<\/em>.<\/p>\n<h2><span class=\"ez-toc-section\" id=\"MERCANTE_IN_FIERA_AUTUNNO\"><\/span><strong>MERCANTE IN FIERA AUTUNNO<\/strong><span class=\"ez-toc-section-end\"><\/span><\/h2>\n<ul>\n<li>Dal 29 Settembre al 07 Ottobre 2018<\/li>\n<li><strong>Dove:<\/strong> Fiere di Parma<\/li>\n<li><strong>Tipologia:<\/strong> B2B<\/li>\n<li><strong>Frequenza:<\/strong> Annuale<\/li>\n<li><strong>Orari:\u00a0<\/strong>dalle ore 10:00 alle ore 19:00<\/li>\n<li><strong>Biglietti:<\/strong> Intero Euro 10,00 &#8211; Online Euro 10,00 &#8211; Ragazzi con meno di 14 anni e accompagnatori di disabili e disabili Gratuito<\/li>\n<li><a href=\"http:\/\/mercanteinfiera.it\"><strong>Sito web<\/strong><\/a><\/li>\n<\/ul>\n<p><strong>Mercante in Fiera Autunno<\/strong> \u00e8 Mostra Internazionale di modernariato, antichit\u00e0 e collezionismo.\u00a0La manifestazione propone una vetrina espositiva ampia e diversificata, garantita da oltre 1.000 espositori provenienti da tutta Italia ed Europa. In esposizione ceramiche, arredi, tessuti e tappeti, pezzi di ogni epoca, oggetti fine \u2018700, ma anche libri, orologi, penne, pizzi, dischi in vinile per gli appassionati di collezionismo e modernariato anni \u201950 &#8211; \u201970.<\/p>\n<h2><span class=\"ez-toc-section\" id=\"SABO\"><\/span><strong>SABO<\/strong><span class=\"ez-toc-section-end\"><\/span><\/h2>\n<ul>\n<li>Dal 29 Settembre al 01 Ottobre 2018<\/li>\n<li><strong>Dove:<\/strong> Fiera Roma<\/li>\n<li><strong>Tipologia:<\/strong> B2B<\/li>\n<li><strong>Frequenza:<\/strong> Annuale<\/li>\n<li><strong>Orari:\u00a0<\/strong>dalle ore 09:30 alle ore 19:00<\/li>\n<li><strong>Biglietti:<\/strong> Gratuito, riservato esclusivamente agli operatori del settore<\/li>\n<li><a href=\"http:\/\/www.saboroma.it\"><strong>Sito web<\/strong><\/a><\/li>\n<\/ul>\n<p>Salone Nazionale della Bomboniera, <strong>Sabo<\/strong> non \u00e8 solo un appuntamento commerciale in grado di mettere in contatto aziende italiane e internazionali con il mondo del retail, ma anche un importante momento di <em>crescita professionale<\/em> e <em>approfondimento<\/em> per tutti gli operatori, aziende , retailers e agenti.<\/p>\n<h2><span class=\"ez-toc-section\" id=\"FERRARA_SPOSI\"><\/span><strong>FERRARA SPOSI<\/strong><span class=\"ez-toc-section-end\"><\/span><\/h2>\n<ul>\n<li>Dal 29 al 30 Settembre 2018<\/li>\n<li><strong>Dove:<\/strong> Ferrara Fiere Congressi<\/li>\n<li><strong>Tipologia:<\/strong> B2C<\/li>\n<li><strong>Frequenza:<\/strong> Annuale<\/li>\n<li><strong>Orari:\u00a0<\/strong>dalle ore 10:00 alle ore 19:00<\/li>\n<li><a href=\"http:\/\/www.fieresposi.it\"><strong>Sito web<\/strong><\/a><\/li>\n<\/ul>\n<p><strong>Ferrara Sposi<\/strong> \u00e8 il pi\u00f9 importante appuntamento per le <em>coppie di futuri sposi<\/em> che visitano ogni anno con entusiasmo la fiera trovando aziende professioniste del wedding, disponibili ad offrire consigli, supporto alle coppie e per far loro toccar con mano prodotti e servizi per organizzare il loro matrimonio perfetto.\u00a0Un week end ricco di workshop formativi gratuiti ed eventi proposti dalle aziende che espongono, come taglio della torta nuziale e aperitivi.<\/p>\n<h2><span class=\"ez-toc-section\" id=\"CARRARA_SPOSI\"><\/span><strong>CARRARA SPOSI<\/strong><span class=\"ez-toc-section-end\"><\/span><\/h2>\n<ul>\n<li>Dal 29 al 30 Settembre 2018<\/li>\n<li><strong>Dove:<\/strong> Carrara Fiere<\/li>\n<li><strong>Tipologia:<\/strong> B2C<\/li>\n<li><strong>Frequenza:<\/strong> Annuale<\/li>\n<li><strong>Orari:\u00a0<\/strong>dalle ore 10:00 alle ore 20:00<\/li>\n<li><a href=\"http:\/\/www.sposiexpo.it\"><strong>Sito web<\/strong><\/a><\/li>\n<\/ul>\n<p><strong>Carrara Sposi<\/strong>\u00a0\u00e8 la fiera dedicata al <em>matrimonio<\/em> e <em>agli sposi<\/em> che propone una grande esposizione di articoli e servizi per chi sta organizzando questo grande passo.\u00a0Fotografi, wedding planner, ristoranti e location sono solo alcune delle numerose proposte di Carrara Sposi; non mancano le proposte di abbigliamento, con sfilate dedicate alle ultime novit\u00e0 moda dell&#8217;anno.<\/p>\n<h2><span class=\"ez-toc-section\" id=\"WELLNESS_FOOD_FESTIVAL\"><\/span><strong>WELLNESS FOOD FESTIVAL<\/strong><span class=\"ez-toc-section-end\"><\/span><\/h2>\n<ul>\n<li>Dal 29 al 30 Settembre 2018<\/li>\n<li><strong>Dove:<\/strong> Cesena Fiera<\/li>\n<li><strong>Tipologia:<\/strong> B2B<\/li>\n<li><strong>Frequenza:<\/strong> Annuale<\/li>\n<li><strong>Orari:\u00a0<\/strong>dalle ore 10:00 alle ore 20:00<\/li>\n<li><strong>Biglietti:<\/strong> Ridotto Euro 5,00<\/li>\n<li><a href=\"https:\/\/www.wellnessfoodfestival.it\"><strong>Sito web<\/strong><\/a><\/li>\n<\/ul>\n<p><strong>Wellness Food Festival<\/strong> \u00e8 la fiera dedicata al <em>benessere<\/em>, con attenzione al mondo bio, vegan e fusion; propone al pubblico una vasta esposizione dedicata alla cura del corpo e della mente. Spazio quindi a tante proposte provenienti dal mondo orientale e non solo.\u00a0Un importante spazio legato all&#8217;alimentazione, ristorazione, cibi vegani, biologici, orientali dove poter gustare cibi salutari e nutrienti. Chef vegan e non solo mostreranno come diventare maestri in cucina coi loro <strong>show-cooking<\/strong>.<\/p>\n","protected":false},"excerpt":{"rendered":"<p>Eccoci all&#8217;appuntamento con il calendario delle fiere in Italia dal 24\/09\/2018 al 30\/09\/2018. Qui troverete tutte le informazioni fondamentali per le Fiere Italiane. CERSAIE Dal 24 al 28 Settembre 2018<\/p>\n","protected":false},"author":7,"featured_media":1352,"comment_status":"closed","ping_status":"closed","sticky":false,"template":"","format":"standard","meta":[],"categories":[129,1,33],"tags":[1068,235,1066,1065,1067],"yst_prominent_words":[2725,2720,2717,2740,2722,2811,2799,2796,2753,2808,2765,2404,2810,310,2773,2744,284,2169,411,311],"_links":{"self":[{"href":"https:\/\/www.eventi-fiere.it\/blog\/wp-json\/wp\/v2\/posts\/2565"}],"collection":[{"href":"https:\/\/www.eventi-fiere.it\/blog\/wp-json\/wp\/v2\/posts"}],"about":[{"href":"https:\/\/www.eventi-fiere.it\/blog\/wp-json\/wp\/v2\/types\/post"}],"author":[{"embeddable":true,"href":"https:\/\/www.eventi-fiere.it\/blog\/wp-json\/wp\/v2\/users\/7"}],"replies":[{"embeddable":true,"href":"https:\/\/www.eventi-fiere.it\/blog\/wp-json\/wp\/v2\/comments?post=2565"}],"version-history":[{"count":3,"href":"https:\/\/www.eventi-fiere.it\/blog\/wp-json\/wp\/v2\/posts\/2565\/revisions"}],"predecessor-version":[{"id":5640,"href":"https:\/\/www.eventi-fiere.it\/blog\/wp-json\/wp\/v2\/posts\/2565\/revisions\/5640"}],"wp:featuredmedia":[{"embeddable":true,"href":"https:\/\/www.eventi-fiere.it\/blog\/wp-json\/wp\/v2\/media\/1352"}],"wp:attachment":[{"href":"https:\/\/www.eventi-fiere.it\/blog\/wp-json\/wp\/v2\/media?parent=2565"}],"wp:term":[{"taxonomy":"category","embeddable":true,"href":"https:\/\/www.eventi-fiere.it\/blog\/wp-json\/wp\/v2\/categories?post=2565"},{"taxonomy":"post_tag","embeddable":true,"href":"https:\/\/www.eventi-fiere.it\/blog\/wp-json\/wp\/v2\/tags?post=2565"},{"taxonomy":"yst_prominent_words","embeddable":true,"href":"https:\/\/www.eventi-fiere.it\/blog\/wp-json\/wp\/v2\/yst_prominent_words?post=2565"}],"curies":[{"name":"wp","href":"https:\/\/api.w.org\/{rel}","templated":true}]}}