{"id":249,"date":"2018-01-29T13:02:59","date_gmt":"2018-01-29T12:02:59","guid":{"rendered":"http:\/\/www.eventi-fiere.it\/blog\/?p=249"},"modified":"2018-07-12T16:55:58","modified_gmt":"2018-07-12T14:55:58","slug":"organizzare-eventi-a-bologna","status":"publish","type":"post","link":"https:\/\/www.eventi-fiere.it\/blog\/organizzare-eventi-a-bologna\/","title":{"rendered":"Organizzare Eventi a Bologna: Citt\u00e0 ideale per i tuoi eventi"},"content":{"rendered":"<h2><strong>Perch\u00e9 organizzare eventi a Bologna?<\/strong><\/h2>\n<p>Stai organizzando un evento e non hai ancora scelto la tua destinazione? Sai che la scelta della destinazione ha un ruolo importante per organizzare eventi? Organizzare Eventi a Bologna \u00e8 la soluzione.<\/p>\n<p><em>&#8220;Bologna a differenza delle altre citt\u00e0 che ho fotografato, mi ha preso per la gola. Avvolgente, sensuale, ghiotta, tondeggiante e abbondante come il suo dialetto e le sue donne&#8221;<\/em> &#8211; Augusto De Luca, fotografo.<\/p>\n<p><strong>Bologna<\/strong>, capoluogo di provincia della Regione Emilia Romagna, \u00e8 collocata tra le montagne dell&#8217;Appennino Tosco-Emiliano e la Pianura Padana. Proprio per questo \u00e8 la citt\u00e0 ideale per organizzare eventi: \u00e8 una destinazione facilmente raggiungibile da tutta Italia, grazie agli ottimi collegamenti ferroviari e stradali e, grazie soprattutto allo scalo dell&#8217;aeroporto internazionale Guglielmo Marconi.<\/p>\n<p><strong>Bologna<\/strong>, citt\u00e0 ricca di storia e di fascino, risale al Medioevo e, con i suoi 40 Km di portici forma una sorta di &#8220;salotto&#8221; che accoglie ogni giorno migliaia di persone. Si dice che neanche i bolognesi sanno quanto sia bella la loro citt\u00e0.<\/p>\n<p>Inoltre, la <strong>ricca proposta congressuale di Bologna<\/strong> offre sedi per tutte le esigenze di business: dai congressi medici alle convention, dai meeting aziendali alle cene di gala in luoghi esclusivi e fascinosi.<\/p>\n<h3 style=\"text-align: left;\"><strong>Organizzare Eventi a Bologna in 3 aggettivi: La dotta, la grassa, la rossa.<\/strong><\/h3>\n<ul>\n<li><strong>Bologna la dotta<\/strong> perch\u00e9 ospita l&#8217;Universit\u00e0 pi\u00f9 antica del mondo dove vi hanno studiato illustri studenti come Dante, Petrarca e Boccaccio. Bologna ospita un&#8217;intensa vita culturale e conserva un patrimonio storico molto interessante. Nominata Capitale Europea della Cultura nel 2000, nel 2006 \u00e8 stata dichiarata da Unesco <a href=\"http:\/\/cittadellamusica.comune.bologna.it\/bologna-citta-creativa-della-musica\">Citt\u00e0 Creativa della Musica<\/a>.<\/li>\n<li><strong>Bologna la grassa<\/strong> per la sua gastronomia conosciuta in tutta Italia e nel Mondo. Per ogni bolognese DOC mangiare bene \u00e8 una priorit\u00e0 assoluta. Nel centro di Bologna soprattutto, c&#8217;\u00e8 un&#8217;area dedicata alla buona tavola: si trova accanto a negozi di antiche gioiellerie, macellerie, salumerie, panifici e negozi di gastronomia specializzati nella vendita dei prodotti tipici della Regione (mortadella, tagliatelle, tortellini, piadine, tigelle e molto altro ancora)<\/li>\n<li><strong>Bologna la rossa<\/strong> perch\u00e9 il rosso \u00e8 colore predominante e la sua essenza tradizionale: il rosso dei mattoni di palazzi e portici, il rosso dello storico schieramento politico, il rosso dell&#8217;area economica industriale pi\u00f9 importante di tutta la Regione dove si concentrano tutte le industrie di meccanica, dell\u2019area motoristica, e del campo agroalimentare: la <em>rossa Ducati<\/em> e la <em>rossa Ferrari<\/em>, sono da sempre simbolo di fascino e potenza.<\/li>\n<\/ul>\n<p>Che aspetti ad organizzare il tuo evento a <strong>Bologna<\/strong> e a ritagliarti un po&#8217; di tempo per vivere questa magica citt\u00e0?<\/p>\n<p>Ecco qui un altro interessante articolo con i <a href=\"https:\/\/www.eventi-fiere.it\/blog\/cosa-visitare-a-bologna-viaggio-di-lavoro\/\">maggiori luoghi da visitare<\/a> oppure, se sei un buongustaio, eccone <a href=\"https:\/\/www.eventi-fiere.it\/blog\/migliori-ristoranti-a-bologna\/\">un altro sui migliori ristoranti<\/a>.<\/p>\n<p>Buona Lettura!<\/p>\n<p>&nbsp;<\/p>\n","protected":false},"excerpt":{"rendered":"<p>Perch\u00e9 organizzare eventi a Bologna? Stai organizzando un evento e non hai ancora scelto la tua destinazione? Sai che la scelta della destinazione ha un ruolo importante per organizzare eventi?<\/p>\n","protected":false},"author":7,"featured_media":360,"comment_status":"closed","ping_status":"closed","sticky":false,"template":"","format":"standard","meta":[],"categories":[44,1,13,14],"tags":[61,30,17],"yst_prominent_words":[715,718,3571,6300,251,6275,280,2987,2890,425,270,4167,497,493,6266,6298,6292,6296,6286,6289],"_links":{"self":[{"href":"https:\/\/www.eventi-fiere.it\/blog\/wp-json\/wp\/v2\/posts\/249"}],"collection":[{"href":"https:\/\/www.eventi-fiere.it\/blog\/wp-json\/wp\/v2\/posts"}],"about":[{"href":"https:\/\/www.eventi-fiere.it\/blog\/wp-json\/wp\/v2\/types\/post"}],"author":[{"embeddable":true,"href":"https:\/\/www.eventi-fiere.it\/blog\/wp-json\/wp\/v2\/users\/7"}],"replies":[{"embeddable":true,"href":"https:\/\/www.eventi-fiere.it\/blog\/wp-json\/wp\/v2\/comments?post=249"}],"version-history":[{"count":23,"href":"https:\/\/www.eventi-fiere.it\/blog\/wp-json\/wp\/v2\/posts\/249\/revisions"}],"predecessor-version":[{"id":8507,"href":"https:\/\/www.eventi-fiere.it\/blog\/wp-json\/wp\/v2\/posts\/249\/revisions\/8507"}],"wp:featuredmedia":[{"embeddable":true,"href":"https:\/\/www.eventi-fiere.it\/blog\/wp-json\/wp\/v2\/media\/360"}],"wp:attachment":[{"href":"https:\/\/www.eventi-fiere.it\/blog\/wp-json\/wp\/v2\/media?parent=249"}],"wp:term":[{"taxonomy":"category","embeddable":true,"href":"https:\/\/www.eventi-fiere.it\/blog\/wp-json\/wp\/v2\/categories?post=249"},{"taxonomy":"post_tag","embeddable":true,"href":"https:\/\/www.eventi-fiere.it\/blog\/wp-json\/wp\/v2\/tags?post=249"},{"taxonomy":"yst_prominent_words","embeddable":true,"href":"https:\/\/www.eventi-fiere.it\/blog\/wp-json\/wp\/v2\/yst_prominent_words?post=249"}],"curies":[{"name":"wp","href":"https:\/\/api.w.org\/{rel}","templated":true}]}}