{"id":2432,"date":"2018-06-01T17:50:04","date_gmt":"2018-06-01T15:50:04","guid":{"rendered":"https:\/\/www.eventi-fiere.it\/blog\/?p=2432"},"modified":"2018-06-15T10:01:37","modified_gmt":"2018-06-15T08:01:37","slug":"allestimento-mostra-errori","status":"publish","type":"post","link":"https:\/\/www.eventi-fiere.it\/blog\/allestimento-mostra-errori\/","title":{"rendered":"Allestimento mostra: gli errori da non commettere!"},"content":{"rendered":"<p>In una <strong>mostra<\/strong> l\u2019effetto visivo gioca un ruolo molto importante. La <strong>cura dei dettagli<\/strong>, quando \u00e8 fatta bene, contribuisce pi\u00f9 di quanto si possa immaginare a mettere in risalto gli oggetti da esposizione, che siano quadri o pezzi da museo. Ma, ahim\u00e8, quando \u00e8 fatta male si pu\u00f2 ottenere l\u2019esatto effetto contrario e far perdere fascino e bellezza alle opere esposte. Ecco dunque gli errori da evitare assolutamente durante la fase di <strong>allestimento mostra<\/strong>.<\/p>\n<h2><span class=\"ez-toc-section\" id=\"Gli_errori_da_evitare_nella_fase_di_allestimento_mostra\"><\/span>Gli errori da evitare nella fase di allestimento mostra<span class=\"ez-toc-section-end\"><\/span><\/h2><div id=\"ez-toc-container\" class=\"ez-toc-v2_0_27 ez-toc-wrap-right counter-hierarchy\">\n<div class=\"ez-toc-title-container\">\n<p class=\"ez-toc-title\">Contenuti<\/p>\n<span class=\"ez-toc-title-toggle\"><\/span><\/div>\n<nav><ul class=\"ez-toc-list ez-toc-list-level-1\"><li class=\"ez-toc-page-1 ez-toc-heading-level-2\"><a class=\"ez-toc-link ez-toc-heading-1\" href=\"https:\/\/www.eventi-fiere.it\/blog\/allestimento-mostra-errori\/#Gli_errori_da_evitare_nella_fase_di_allestimento_mostra\" title=\"Gli errori da evitare nella fase di allestimento mostra\">Gli errori da evitare nella fase di allestimento mostra<\/a><ul class=\"ez-toc-list-level-3\"><li class=\"ez-toc-heading-level-3\"><a class=\"ez-toc-link ez-toc-heading-2\" href=\"https:\/\/www.eventi-fiere.it\/blog\/allestimento-mostra-errori\/#Locali_inadeguati\" title=\"Locali inadeguati\">Locali inadeguati<\/a><\/li><li class=\"ez-toc-page-1 ez-toc-heading-level-3\"><a class=\"ez-toc-link ez-toc-heading-3\" href=\"https:\/\/www.eventi-fiere.it\/blog\/allestimento-mostra-errori\/#Percorsi_mal_organizzati\" title=\"Percorsi mal organizzati\">Percorsi mal organizzati<\/a><\/li><li class=\"ez-toc-page-1 ez-toc-heading-level-3\"><a class=\"ez-toc-link ez-toc-heading-4\" href=\"https:\/\/www.eventi-fiere.it\/blog\/allestimento-mostra-errori\/#Luci_troppo_forti\" title=\"Luci troppo forti\">Luci troppo forti<\/a><\/li><li class=\"ez-toc-page-1 ez-toc-heading-level-3\"><a class=\"ez-toc-link ez-toc-heading-5\" href=\"https:\/\/www.eventi-fiere.it\/blog\/allestimento-mostra-errori\/#Musica_troppo_alta\" title=\"Musica troppo alta\">Musica troppo alta<\/a><\/li><\/ul><\/li><\/ul><\/nav><\/div>\n\n<p>Da visitatrice, mi \u00e8 capitato pi\u00f9 volte di non apprezzare alcune soluzioni adottate per l\u2019<strong>allestimento mostra<\/strong>. Non per via dei miei gusti personali, s\u2019intende, ma per una ragione molto pi\u00f9 importante, che a mio avviso influisce sulla buona riuscita dell\u2019evento. Sto parlando infatti di <strong>elementi disturbanti<\/strong>, che vanno a storpiare quello che \u00e8 il vissuto di una <strong>mostra<\/strong>.<\/p>\n<p>Se \u00e8 vero che l\u2019esperienza insegna, ecco dunque gli errori pi\u00f9 frequenti, e banali se volete, da evitare assolutamente in vista di un <strong>allestimento mostra<\/strong>.<\/p>\n<h3><span class=\"ez-toc-section\" id=\"Locali_inadeguati\"><\/span>Locali inadeguati<span class=\"ez-toc-section-end\"><\/span><\/h3>\n<p>Nella <strong>scelta della sede<\/strong> va tenuto conto della qualit\u00e0 dei messaggi che si ha intenzione di trasmettere e delle esigenze degli interlocutori e del pubblico previsto. Una <strong>sede adeguata<\/strong> deve quindi essere facilmente raggiungibile, possibilmente attraente e opportunamente attrezzata, a seconda del caso. Soprattutto, deve consentire un afflusso mediamente elevato di persone, senza per questo togliere spazio a coloro che desiderano prendersi un minuto di tempo per contemplare un\u2019opera alla giusta distanza e senza sentirsi stretti come sardine.<\/p>\n<h3><span class=\"ez-toc-section\" id=\"Percorsi_mal_organizzati\"><\/span>Percorsi mal organizzati<span class=\"ez-toc-section-end\"><\/span><\/h3>\n<p>Non vi d\u00e0 fastidio quel senso di smarrimento durante una <strong>mostra<\/strong>? Quando non riuscite a capire se siete gi\u00e0 stati in una sala piuttosto che in un\u2019altra e all\u2019uscita vi chiedete se siete riusciti nell\u2019impresa di vedere proprio tutto? Ecco, io lo odio terribilmente!<\/p>\n<p>Il percorso di una mostra andrebbe guidato con delle indicazioni ben visibili per renderlo il pi\u00f9 semplice e lineare possibile. D\u2019altronde una <strong>mostra<\/strong> deve essere anche un momento di piacere e di relax, senza inutili situazioni di stress.<\/p>\n<h3><span class=\"ez-toc-section\" id=\"Luci_troppo_forti\"><\/span>Luci troppo forti<span class=\"ez-toc-section-end\"><\/span><\/h3>\n<p>\u00c8 risaputo che una <strong>giusta illuminazione<\/strong> pu\u00f2 valorizzare al massimo un\u2019opera, mettendone in risalto i dettagli ed agevolandone l\u2019apprezzamento. Ma quando le <strong>luci<\/strong> sono <strong>troppo forti<\/strong> o addirittura disposte alla rinfusa l\u2019effetto che si ottiene non \u00e8 decisamente questo. I colori delle opere vengono alterati, in presenza di teche di vetro si creano fastidiosi riflessi e, soprattutto, un ambiente troppo luminoso provoca disturbo agli occhi.<\/p>\n<p>\u00c8 fondamentale cercare il <strong>giusto equilibrio di luci<\/strong>, giocando con le\u00a0intensit\u00e0 e le angolazioni. Ne va della buona riuscita dell\u2019evento!<\/p>\n<h3><span class=\"ez-toc-section\" id=\"Musica_troppo_alta\"><\/span>Musica troppo alta<span class=\"ez-toc-section-end\"><\/span><\/h3>\n<p>La <strong>musica di sottofondo<\/strong> gioca un ruolo fondamentale nel <strong>suscitare emozione<\/strong> nei visitatori. Infatti aiuta i partecipanti ad immergersi completamente nel percorso della mostra. Ma <strong>quando \u00e8 troppo alta altera la concentrazione<\/strong>. Anche solo leggere la descrizione di un\u2019opera pu\u00f2 diventare difficile se intorno c\u2019\u00e8 confusione! Inoltre \u00e8 bene scegliere un genere musicale che sia adeguato al tema della mostra, il tutto finalizzato al trasporto nel magnifico viaggio che si vuole creare.<\/p>\n<p>Come dicevo, molto spesso si tratta di errori banali. Potrebbero bastare dei piccoli accorgimenti per evitare questi fastidiosi, seppur apparentemente insignificanti,\u00a0<strong><em>epic fails<\/em><\/strong>.<\/p>\n<p>Ma voglio anche mettermi nei panni di un <strong>organizzatore<\/strong>. Occorre mettere in conto che <strong>organizzare un evento<\/strong> di questo calibro <strong>pu\u00f2 non essere cos\u00ec semplice<\/strong>. D&#8217;altronde il detto \u00e8 &#8220;tra il dire e il fare c&#8217;\u00e8 di mezzo il mare!&#8221;. Ci si ritrova a dover pensare ad un&#8217;infinit\u00e0 di dettagli contemporaneamente, e gli <a href=\"https:\/\/www.eventi-fiere.it\/servizi\/allestimenti\/\" target=\"_blank\" rel=\"noopener\">allestimenti<\/a> ne costituiscono solo una piccola parte!<\/p>\n<p><strong>Per fortuna esistono i professionisti<\/strong>! Rivolgersi ad uno di loro \u00e8 sicuramente la <strong>strada meno rischiosa<\/strong>\u00a0per organizzare un&#8217;esposizione. Delle persone competenti che conoscono il loro lavoro e i vari inconvenienti che possono capitare sapranno darti sicuramente degli <strong>ottimi consigli<\/strong> e delle <strong>ottime soluzioni<\/strong> per far andare tutto liscio come l&#8217;olio.<\/p>\n<p>Ora hai quelle piccole ma fondamentali informazioni in pi\u00f9 che mancavano per mettere in atto un <strong>allestimento mostra<\/strong> impeccabile! Ti consiglio anche <a href=\"https:\/\/www.eventi-fiere.it\/blog\/allestimento-di-una-mostra-regole-fondamentali\/\" target=\"_blank\" rel=\"noopener\">questo articolo<\/a> sulle <strong>regole fondamentali per l&#8217;allestimento di una mostra<\/strong>.<\/p>\n<p>Ma nel frattempo, <strong>condividi questo articolo e diffondi la voce<\/strong>!<\/p>\n<p>Buona mostra e a presto!<\/p>\n<p>&nbsp;<\/p>\n","protected":false},"excerpt":{"rendered":"<p>In una mostra l\u2019effetto visivo gioca un ruolo molto importante. La cura dei dettagli, quando \u00e8 fatta bene, contribuisce pi\u00f9 di quanto si possa immaginare a mettere in risalto gli<\/p>\n","protected":false},"author":15,"featured_media":2438,"comment_status":"closed","ping_status":"closed","sticky":false,"template":"","format":"standard","meta":[],"categories":[108,1],"tags":[2303,185],"yst_prominent_words":[1391,2281,3102,2287,2285,2308,2282,2279,2283,2280,2278,2290,3100,1123,620,1583,1735,2286,1571,2291],"_links":{"self":[{"href":"https:\/\/www.eventi-fiere.it\/blog\/wp-json\/wp\/v2\/posts\/2432"}],"collection":[{"href":"https:\/\/www.eventi-fiere.it\/blog\/wp-json\/wp\/v2\/posts"}],"about":[{"href":"https:\/\/www.eventi-fiere.it\/blog\/wp-json\/wp\/v2\/types\/post"}],"author":[{"embeddable":true,"href":"https:\/\/www.eventi-fiere.it\/blog\/wp-json\/wp\/v2\/users\/15"}],"replies":[{"embeddable":true,"href":"https:\/\/www.eventi-fiere.it\/blog\/wp-json\/wp\/v2\/comments?post=2432"}],"version-history":[{"count":9,"href":"https:\/\/www.eventi-fiere.it\/blog\/wp-json\/wp\/v2\/posts\/2432\/revisions"}],"predecessor-version":[{"id":2721,"href":"https:\/\/www.eventi-fiere.it\/blog\/wp-json\/wp\/v2\/posts\/2432\/revisions\/2721"}],"wp:featuredmedia":[{"embeddable":true,"href":"https:\/\/www.eventi-fiere.it\/blog\/wp-json\/wp\/v2\/media\/2438"}],"wp:attachment":[{"href":"https:\/\/www.eventi-fiere.it\/blog\/wp-json\/wp\/v2\/media?parent=2432"}],"wp:term":[{"taxonomy":"category","embeddable":true,"href":"https:\/\/www.eventi-fiere.it\/blog\/wp-json\/wp\/v2\/categories?post=2432"},{"taxonomy":"post_tag","embeddable":true,"href":"https:\/\/www.eventi-fiere.it\/blog\/wp-json\/wp\/v2\/tags?post=2432"},{"taxonomy":"yst_prominent_words","embeddable":true,"href":"https:\/\/www.eventi-fiere.it\/blog\/wp-json\/wp\/v2\/yst_prominent_words?post=2432"}],"curies":[{"name":"wp","href":"https:\/\/api.w.org\/{rel}","templated":true}]}}