{"id":2214,"date":"2018-06-17T09:00:11","date_gmt":"2018-06-17T07:00:11","guid":{"rendered":"https:\/\/www.eventi-fiere.it\/blog\/?p=2214"},"modified":"2018-06-12T12:52:42","modified_gmt":"2018-06-12T10:52:42","slug":"autotrasporti-scelta","status":"publish","type":"post","link":"https:\/\/www.eventi-fiere.it\/blog\/autotrasporti-scelta\/","title":{"rendered":"Autotrasporti: una scelta da 3,5 tonnellate"},"content":{"rendered":"<h2><span class=\"ez-toc-section\" id=\"Tutto_quello_che_ce_da_sapere_quando_ti_serve_il_servizio_di_autotrasporto\"><\/span>Tutto quello che c&#8217;\u00e8 da sapere quando ti serve il servizio di autotrasporto<span class=\"ez-toc-section-end\"><\/span><\/h2><div id=\"ez-toc-container\" class=\"ez-toc-v2_0_27 ez-toc-wrap-right counter-hierarchy\">\n<div class=\"ez-toc-title-container\">\n<p class=\"ez-toc-title\">Contenuti<\/p>\n<span class=\"ez-toc-title-toggle\"><\/span><\/div>\n<nav><ul class=\"ez-toc-list ez-toc-list-level-1\"><li class=\"ez-toc-page-1 ez-toc-heading-level-2\"><a class=\"ez-toc-link ez-toc-heading-1\" href=\"https:\/\/www.eventi-fiere.it\/blog\/autotrasporti-scelta\/#Tutto_quello_che_ce_da_sapere_quando_ti_serve_il_servizio_di_autotrasporto\" title=\"Tutto quello che c&#8217;\u00e8 da sapere quando ti serve il servizio di autotrasporto\">Tutto quello che c&#8217;\u00e8 da sapere quando ti serve il servizio di autotrasporto<\/a><ul class=\"ez-toc-list-level-3\"><li class=\"ez-toc-heading-level-3\"><a class=\"ez-toc-link ez-toc-heading-2\" href=\"https:\/\/www.eventi-fiere.it\/blog\/autotrasporti-scelta\/#Autotrasporti_cosa_sono\" title=\"Autotrasporti: cosa sono\">Autotrasporti: cosa sono<\/a><\/li><li class=\"ez-toc-page-1 ez-toc-heading-level-3\"><a class=\"ez-toc-link ez-toc-heading-3\" href=\"https:\/\/www.eventi-fiere.it\/blog\/autotrasporti-scelta\/#Autotrasporti_e_logistica\" title=\"Autotrasporti e logistica\">Autotrasporti e logistica<\/a><ul class=\"ez-toc-list-level-4\"><li class=\"ez-toc-heading-level-4\"><a class=\"ez-toc-link ez-toc-heading-4\" href=\"https:\/\/www.eventi-fiere.it\/blog\/autotrasporti-scelta\/#Piccolo_excursus_sui_mezzi_di_trasporto\" title=\"Piccolo excursus sui mezzi di trasporto\">Piccolo excursus sui mezzi di trasporto<\/a><\/li><\/ul><\/li><li class=\"ez-toc-page-1 ez-toc-heading-level-3\"><a class=\"ez-toc-link ez-toc-heading-5\" href=\"https:\/\/www.eventi-fiere.it\/blog\/autotrasporti-scelta\/#Autotrasporti_e_contratti\" title=\"Autotrasporti e contratti\">Autotrasporti e contratti<\/a><\/li><\/ul><\/li><\/ul><\/nav><\/div>\n\n<p>Continuiamo la nostra rubrica tutta incentrata sui trasporti, occupandoci nello specifico di <strong>autotrasporti<\/strong>. Vi promettiamo che non parleremo con lessico troppo formale e burocratico, almeno l\u00e0 dove evitabile. Senn\u00f2 vi addormentate, giustamente. Cerchiamo di capire cosa sono gli autotrasporti, e come gestirli nella logistica del vostro evento.<\/p>\n<h3><span class=\"ez-toc-section\" id=\"Autotrasporti_cosa_sono\"><\/span>Autotrasporti: cosa sono<span class=\"ez-toc-section-end\"><\/span><\/h3>\n<p>Intuitivamente parlare di autotrasporti pu\u00f2 portarci a credere che si tratti di trasporti organizzati e gestiti in totale autonomia, svincolati da dipendenze da altre aziende. Anche se autotrasporto significasse \u201ctrasporto fai da te\u201d, anche se volessimo caricare le nostre automobili di microfoni, palchi, mongolfiere o penne verso la location del nostro evento, occorrerebbe un piano organizzativo solido. Questa \u00e8, come abbiamo gi\u00e0 ribadito <a href=\"https:\/\/www.eventi-fiere.it\/blog\/trasporto-merci-qualche-indicazione\/\">pi\u00f9 volte<\/a>, la <em>conditio sine qua non<\/em> per il vostro evento: organizzarlo, pianificarlo nel dettaglio. La <strong>logistica<\/strong>, di cui i trasporti sono parte integrante, deve essere uno strumento da utilizzare a vostro vantaggio, non un\u2019altra bega a cui badare. Siate economici!<\/p>\n<p>Ma torniamo agli <strong>autotrasporti<\/strong>. Con autotrasporti intendiamo <strong>il trasporto, solitamente per conto terzi<\/strong>, di materiali forniti dal cliente all\u2019azienda che fornisce il servizio. La prima norma sull\u2019autotrasporto (1935) lo definisce come<strong> \u201cattivit\u00e0 imprenditoriale per la prestazione di servizi di trasporto verso un determinato corrispettivo\u201d<\/strong>.<\/p>\n<h3><span class=\"ez-toc-section\" id=\"Autotrasporti_e_logistica\"><\/span>Autotrasporti e logistica<span class=\"ez-toc-section-end\"><\/span><\/h3>\n<p>Come gi\u00e0 detto, il campo \u00e8 quello della logistica: gli autotrasporti devono venire incontro alle esigenze progettuali, consegnando i materiali necessari a destinazione, e non solo. Infatti all\u2019interno della categoria degli autotrasporti rientrano anche <a href=\"https:\/\/www.eventi-fiere.it\/blog\/noleggio-minibus\/\"><strong>minibus<\/strong><\/a>\u00a0e pullman, veicoli specializzati nel trasporto di persone.<\/p>\n<h4><span class=\"ez-toc-section\" id=\"Piccolo_excursus_sui_mezzi_di_trasporto\"><\/span>Piccolo excursus sui mezzi di trasporto<span class=\"ez-toc-section-end\"><\/span><\/h4>\n<p>Sono mezzi di trasporto i veicoli con <strong>massa a pieno carico superiore a 3,5 tonnellate<\/strong>. Mica poco. Rientrano in questa categoria <strong>autocarri, autotreni, autoarticolati<\/strong>. Se siete interessati a questo genere di trasporti, vuol dire che il vostro evento prevede l\u2019impiego di materiali grandi. Molto grandi. E molto delicati, si suppone. Facciamo un esempio, che pu\u00f2 farci capire (e sognare). Da bravi organizzatori di eventi e concerti quali siete, vi \u00e8 stato dato l&#8217;onere, e onore, di curare la sezione luci del prossimo concerto dei Radiohead\u00a0all&#8217;Autodromo di Monza. Non vorrete fare brutta figura n\u00e9 voi, n\u00e9 l&#8217;evento di cui siete parte attiva. Vi rivolgerete all&#8217;azienda che pi\u00f9 vi pare professionale, tenendo conto del vostro budget, delle tempistiche e, ovviamente, del tipo di materiali da consegnare al palco. In base a dimensioni e fragilit\u00e0, sceglierete il veicolo pi\u00f9 adatto, presumibilmente un esercito di autoarticolati.<\/p>\n<h3><span class=\"ez-toc-section\" id=\"Autotrasporti_e_contratti\"><\/span>Autotrasporti e contratti<span class=\"ez-toc-section-end\"><\/span><\/h3>\n<p><em>Last but not least<\/em>, la parte burocratica, forse noiosa ma importantissima. Dal 2017 la gestione delle aziende di autotrasporti \u00e8 sotto la gestione della <strong>Motorizzazione Civile<\/strong>. Per poter rendere legale e riconosciuta la professione, l\u2019autotrasportatore (riconosciuto sotto il caratteristico termine-ombrello di \u201ccamionista\u201d) deve possedere dei <strong>prerequisiti legali<\/strong>, fissati dalla Legge 298\/1974:<\/p>\n<ol>\n<li>Avere la <strong>cittadinanza italiana<\/strong> per i <strong>titolari di imprese individuali<\/strong>.<\/li>\n<li>Avere la <strong>disponibilit\u00e0<\/strong> di <strong>mezzi tecnici ed economici adeguati<\/strong>.<\/li>\n<li>Essere <strong>iscritto alla Camera di Commercio<\/strong> per l&#8217;attivit\u00e0 di autotrasporto di cose per conto di terzi.<\/li>\n<li>Avere stipulato <strong>contratto di assicurazione\u00a0per la\u00a0responsabilit\u00e0 civile\u00a0<\/strong>dipendente dall&#8217;uso degli autoveicoli e per i danni alle cose da trasportare.<\/li>\n<li><strong>Non aver riportato condanne<\/strong> a pene che comportino l&#8217;interdizione da una professione o da un&#8217;arte.<\/li>\n<li><strong>Non avere in corso procedura di\u00a0fallimento<\/strong>, n\u00e9 essere stato soggetto a procedura fallimentare.<\/li>\n<\/ol>\n<p>Inoltre, come vi avevo gi\u00e0 illustrato <a href=\"https:\/\/www.eventi-fiere.it\/blog\/trasporto-merci-qualche-indicazione\/\">qui<\/a>, \u00e8 fondamentale identificare:<\/p>\n<ol>\n<li><strong>Nome e sede del committente<\/strong> e, se diverso, del caricatore.<\/li>\n<li><strong>Numero di iscrizione del vettore all\u2019Albo<\/strong> nazionale degli autotrasportatori di cose per conto di terzi.<\/li>\n<li><strong>Quantit\u00e0<\/strong> <strong>di merce<\/strong> o persone da trasportare.<\/li>\n<li><strong>Modalit\u00e0 di pagamento<\/strong>.<\/li>\n<li><strong>Luogo di consegna<\/strong>.<\/li>\n<\/ol>\n<p>Insomma, assicuratevi che l\u2019azienda di autotrasporti a cui vi affiderete per la spedizione e consegna di persone e\/o materiali sia professionale, riconosciuta legalmente. <strong>Professionisti<\/strong>, quale credo vogliate essere e siate!<\/p>\n<p>Vi avevamo promesso poca burocrazia e cos\u00ec (mi pare e spero) \u00e8 stato! Prima di alzare la cornetta e smanettare sul web a cercare la ditta con cui collaborare, condividi questo articolo!<\/p>\n<p><strong>Lavorate con TRASPORTO<\/strong> (scusate\u2026)! Buona giornata!<\/p>\n","protected":false},"excerpt":{"rendered":"<p>Tutto quello che c&#8217;\u00e8 da sapere quando ti serve il servizio di autotrasporto Continuiamo la nostra rubrica tutta incentrata sui trasporti, occupandoci nello specifico di autotrasporti. Vi promettiamo che non<\/p>\n","protected":false},"author":13,"featured_media":2216,"comment_status":"closed","ping_status":"closed","sticky":false,"template":"","format":"standard","meta":[],"categories":[111,113,112,90],"tags":[211],"yst_prominent_words":[1879,1884,1868,1875,1874,535,1871,1831,1882,280,446,737,688,1822,1880,444,1870,1010,1015,1876],"_links":{"self":[{"href":"https:\/\/www.eventi-fiere.it\/blog\/wp-json\/wp\/v2\/posts\/2214"}],"collection":[{"href":"https:\/\/www.eventi-fiere.it\/blog\/wp-json\/wp\/v2\/posts"}],"about":[{"href":"https:\/\/www.eventi-fiere.it\/blog\/wp-json\/wp\/v2\/types\/post"}],"author":[{"embeddable":true,"href":"https:\/\/www.eventi-fiere.it\/blog\/wp-json\/wp\/v2\/users\/13"}],"replies":[{"embeddable":true,"href":"https:\/\/www.eventi-fiere.it\/blog\/wp-json\/wp\/v2\/comments?post=2214"}],"version-history":[{"count":4,"href":"https:\/\/www.eventi-fiere.it\/blog\/wp-json\/wp\/v2\/posts\/2214\/revisions"}],"predecessor-version":[{"id":2243,"href":"https:\/\/www.eventi-fiere.it\/blog\/wp-json\/wp\/v2\/posts\/2214\/revisions\/2243"}],"wp:featuredmedia":[{"embeddable":true,"href":"https:\/\/www.eventi-fiere.it\/blog\/wp-json\/wp\/v2\/media\/2216"}],"wp:attachment":[{"href":"https:\/\/www.eventi-fiere.it\/blog\/wp-json\/wp\/v2\/media?parent=2214"}],"wp:term":[{"taxonomy":"category","embeddable":true,"href":"https:\/\/www.eventi-fiere.it\/blog\/wp-json\/wp\/v2\/categories?post=2214"},{"taxonomy":"post_tag","embeddable":true,"href":"https:\/\/www.eventi-fiere.it\/blog\/wp-json\/wp\/v2\/tags?post=2214"},{"taxonomy":"yst_prominent_words","embeddable":true,"href":"https:\/\/www.eventi-fiere.it\/blog\/wp-json\/wp\/v2\/yst_prominent_words?post=2214"}],"curies":[{"name":"wp","href":"https:\/\/api.w.org\/{rel}","templated":true}]}}