{"id":2135,"date":"2018-06-02T09:41:54","date_gmt":"2018-06-02T07:41:54","guid":{"rendered":"https:\/\/www.eventi-fiere.it\/blog\/?p=2135"},"modified":"2018-06-01T12:45:33","modified_gmt":"2018-06-01T10:45:33","slug":"conference-call-nuove-app-audio-videoconferenze","status":"publish","type":"post","link":"https:\/\/www.eventi-fiere.it\/blog\/conference-call-nuove-app-audio-videoconferenze\/","title":{"rendered":"Conference call: le nuove app per effettuare audio e videoconferenze"},"content":{"rendered":"<p>Al giorno d\u2019oggi i modi per fare una <strong>conference call<\/strong> sono andati ben oltre la tradizionale \u00a0<strong>audioconferenza<\/strong> (o <strong>teleconferenza<\/strong>). La connessione con i diversi partecipanti non \u00e8 pi\u00f9 legata esclusivamente ad un apparecchio telefonico, ma le vie percorribili sono ormai svariate (computer, tablet, smartphone). Con le nuove tecnologie \u00e8 inoltre possibile includere l\u2019aggiunta della componente video e tramutare il tutto in <strong>videoconferenza<\/strong>.<\/p>\n<p>In questo articolo troverai un approfondimento sulle diverse modalit\u00e0 e sulle nuove app per effettuare una <strong>conference call<\/strong>.<\/p>\n<h3>Conference call: che cosa occorre?<\/h3>\n<p>Le <strong>nuove app per conference call<\/strong> prevedono generalmente la possibilit\u00e0 di effettuare entrambe le due opzioni di chiamata condivisa, <strong>audio<\/strong> e <strong>video<\/strong>, all\u2019interno della stessa applicazione. Questo perch\u00e9 le tecnologie di nuova generazione consentono sia l\u2019uso di attrezzature video (webcam o fotocamera) che di dispositivi voce (microfono).<\/p>\n<p>Non so voi, ma la prima volta che ho sentito parlare di <strong>conference call <\/strong>ho pensato ad una sorta di <strong>videochiamata<\/strong> o di <strong>chiamata condivisa<\/strong>. Approfondendo l\u2019argomento mi sono accorta che la mia intuizione non era del tutto errata, ma neanche del tutto esatta!<\/p>\n<p>Una <strong>videochiamata<\/strong>, infatti, generalmente prevede la connessione tra pochi utenti, e soprattutto si rimane in un ambiente informale. Ma nel momento in cui si vogliono mettere in comunicazione pi\u00f9 persone, che si trovano in diverse sedi (se non addirittura sparse per il mondo), durante una riunione, un meeting o una conferenza, come ci si deve muovere? \u00c8 qui che entrano in gioco le <strong>app per conference call<\/strong>.<\/p>\n<p>Queste situazioni di tipo \u201cformale\u201d, se cos\u00ec vogliamo definirle, necessitano infatti di maggiori accortezze. Non basta solo un\u2019<strong>app per potersi connettere<\/strong> con le diverse parti. Ti faccio un esempio. Una volta che si ha il proprio interlocutore \u201cin linea\u201d, come si pu\u00f2 fare per renderlo <strong>partecipante attivo alla riunione<\/strong> o alla conferenza? E come fare altrettanto con gli altri colleghi presenti?<\/p>\n<p>Andiamo per ordine. Indubbiamente il primo elemento che occorre \u00e8 un <a href=\"https:\/\/www.eventi-fiere.it\/macro-servizi\/software\/\" target=\"_blank\" rel=\"noopener\"><strong>software<\/strong><\/a> o una <strong>app per conference call<\/strong>, eventualmente che consenta di registrare e condividere riunioni.<\/p>\n<p>In secondo luogo, occorre pensare alla <strong>condivisione<\/strong> degli schermi, per creare una <strong>comunicazione faccia a faccia <\/strong>con il proprio team. Per questo obiettivo occorrono diversi <strong>strumenti<\/strong>, che devono essere adeguati in base alla grandezza della sala conferenza:<\/p>\n<ul>\n<li>una <strong>videocamera<\/strong>, che garantisca un\u2019<strong>ottima qualit\u00e0 video<\/strong> e che sia in grado di riprendere l\u2019intera sala;<\/li>\n<li>un <strong>dispositivo che supporti il doppio display<\/strong>, per la condivisione della presentazione all&#8217;interno della sala e per il feed video dei partecipanti attivi;<\/li>\n<li>un <strong>videoproiettore<\/strong>, se la sala conferenze \u00e8 ampia e si ha la necessit\u00e0 di proiettare il tutto su uno schermo pi\u00f9 grande, di modo che sia visibile a tutti;<\/li>\n<li>dei <strong>microfoni<\/strong> sparsi per tutta la sala, per garantire un\u2019<strong>ottima qualit\u00e0 audio<\/strong> in ogni angolo e per tutti i partecipanti.<\/li>\n<\/ul>\n<h3>Conference call: a chi rivolgersi?<\/h3>\n<p>Spiegata come in precedenza, una <strong>conference call<\/strong> pu\u00f2 sembrare molto semplice da mettere in atto. Ma se ci pensi bene forse non lo \u00e8 cos\u00ec tanto.<\/p>\n<p>Il mio consiglio \u00e8 quello di <strong>rivolgersi ad un tecnico specializzato<\/strong>, che sappia presentare le migliori soluzioni per le tue esigenze e, soprattutto, che possa offrire assistenza durante la <strong>conference call<\/strong>. Risolvere tempestivamente i <strong>piccoli problemi tecnici<\/strong> \u00e8 infatti molto importante per la buona riuscita dell\u2019evento.<\/p>\n<p>Spero di averti fornito informazioni utili. Se ti fa piacere, <strong>condividi questo articolo e diffondi la voce<\/strong>!<\/p>\n<p>Buon lavoro e a presto!<\/p>\n<p>&nbsp;<\/p>\n","protected":false},"excerpt":{"rendered":"<p>Al giorno d\u2019oggi i modi per fare una conference call sono andati ben oltre la tradizionale \u00a0audioconferenza (o teleconferenza). La connessione con i diversi partecipanti non \u00e8 pi\u00f9 legata esclusivamente<\/p>\n","protected":false},"author":15,"featured_media":2144,"comment_status":"closed","ping_status":"closed","sticky":false,"template":"","format":"standard","meta":[],"categories":[1,88],"tags":[1696,1695,17,1697],"yst_prominent_words":[1660,1664,1662,482,1645,2930,2935,3101,1644,1643,1724,2972,1667,1659,527,2391,892,448,1149,837],"_links":{"self":[{"href":"https:\/\/www.eventi-fiere.it\/blog\/wp-json\/wp\/v2\/posts\/2135"}],"collection":[{"href":"https:\/\/www.eventi-fiere.it\/blog\/wp-json\/wp\/v2\/posts"}],"about":[{"href":"https:\/\/www.eventi-fiere.it\/blog\/wp-json\/wp\/v2\/types\/post"}],"author":[{"embeddable":true,"href":"https:\/\/www.eventi-fiere.it\/blog\/wp-json\/wp\/v2\/users\/15"}],"replies":[{"embeddable":true,"href":"https:\/\/www.eventi-fiere.it\/blog\/wp-json\/wp\/v2\/comments?post=2135"}],"version-history":[{"count":8,"href":"https:\/\/www.eventi-fiere.it\/blog\/wp-json\/wp\/v2\/posts\/2135\/revisions"}],"predecessor-version":[{"id":2687,"href":"https:\/\/www.eventi-fiere.it\/blog\/wp-json\/wp\/v2\/posts\/2135\/revisions\/2687"}],"wp:featuredmedia":[{"embeddable":true,"href":"https:\/\/www.eventi-fiere.it\/blog\/wp-json\/wp\/v2\/media\/2144"}],"wp:attachment":[{"href":"https:\/\/www.eventi-fiere.it\/blog\/wp-json\/wp\/v2\/media?parent=2135"}],"wp:term":[{"taxonomy":"category","embeddable":true,"href":"https:\/\/www.eventi-fiere.it\/blog\/wp-json\/wp\/v2\/categories?post=2135"},{"taxonomy":"post_tag","embeddable":true,"href":"https:\/\/www.eventi-fiere.it\/blog\/wp-json\/wp\/v2\/tags?post=2135"},{"taxonomy":"yst_prominent_words","embeddable":true,"href":"https:\/\/www.eventi-fiere.it\/blog\/wp-json\/wp\/v2\/yst_prominent_words?post=2135"}],"curies":[{"name":"wp","href":"https:\/\/api.w.org\/{rel}","templated":true}]}}