{"id":2078,"date":"2018-05-27T08:58:52","date_gmt":"2018-05-27T06:58:52","guid":{"rendered":"https:\/\/www.eventi-fiere.it\/blog\/?p=2078"},"modified":"2018-07-17T17:24:53","modified_gmt":"2018-07-17T15:24:53","slug":"personalizzazione-divise","status":"publish","type":"post","link":"https:\/\/www.eventi-fiere.it\/blog\/personalizzazione-divise\/","title":{"rendered":"Personalizzazione delle divise: sentirsi a casa"},"content":{"rendered":"<p><strong>Personalizzazione delle divise<\/strong>. Ecco di cosa ci occuperemo oggi qui su Eventi e Fiere. Certo, non renderemo questo articolo una sorta di bignamino per sfilate e non ci erigeremo a giuria d\u2019eccezione del <strong>Met Gala<\/strong> (anche se, modestamente, abbiamo uno stile qui in Oscard\u2026): il punto \u00e8 che nella progettazione di un evento la cura e la personalizzazione delle divise e degli outfit pu\u00f2 essere uno strumento da utilizzare a vostro favore. Questo per pi\u00f9 ragioni fondamentali:<\/p>\n<ul>\n<li><strong>Le divise possono riflettere l\u2019impianto estetico e iconico dell\u2019evento, fiera o stand di cui i dipendenti sono parte<\/strong>. Alcuni esempi: dalla scelta di colori per le divise che richiamino quella del logo dell\u2019evento sino alla presenza del logo dell\u2019azienda promotrice sulle stesse.<\/li>\n<li><strong>Le divise, se indossate da hostess, steward o dipendenti, possono riflettere e integrare l\u2019immagine della vostra azienda<\/strong>: la personalizzazione delle divise garantir\u00e0, lo vedremo a breve, una grande forza simbolica e identitaria tanto sui dipendenti quanto sul pubblico e sui clienti.<\/li>\n<li><strong>Le divise creano un\u2019immagine di omogeneit\u00e0 dei dipendenti<\/strong>: semioticamente (scusate, quando ci vuole ci vuole), il team verr\u00e0 interpretato come <strong>unit\u00e0 integrale<\/strong>, gruppo omogeneo riconoscibile e armonico. La presenza di outfit coordinati rafforza una dimensione simbolica di forte coesione, non solo estetica ma anche e soprattutto di partecipazione con il progetto aziendale o con l\u2019evento.<\/li>\n<\/ul>\n<p>Ora, per raggiungere questo consolidamento simbolico e questa efficacia visiva, \u00e8 importante tenere conto di alcuni fattori di personalizzazione delle divise (per una panoramica pi\u00f9 ampia puoi leggere anche <a href=\"https:\/\/www.eventi-fiere.it\/blog\/wp-admin\/post.php?post=3350&amp;action=edit\" target=\"_blank\" rel=\"noopener\">qui<\/a>).<\/p>\n<h3><span class=\"ez-toc-section\" id=\"Budget_e_personalizzazione\"><\/span>Budget e personalizzazione<span class=\"ez-toc-section-end\"><\/span><\/h3><div id=\"ez-toc-container\" class=\"ez-toc-v2_0_27 ez-toc-wrap-right counter-hierarchy\">\n<div class=\"ez-toc-title-container\">\n<p class=\"ez-toc-title\">Contenuti<\/p>\n<span class=\"ez-toc-title-toggle\"><\/span><\/div>\n<nav><ul class=\"ez-toc-list ez-toc-list-level-1\"><li class=\"ez-toc-page-1 ez-toc-heading-level-3\"><a class=\"ez-toc-link ez-toc-heading-1\" href=\"https:\/\/www.eventi-fiere.it\/blog\/personalizzazione-divise\/#Budget_e_personalizzazione\" title=\"Budget e personalizzazione\">Budget e personalizzazione<\/a><\/li><li class=\"ez-toc-page-1 ez-toc-heading-level-3\"><a class=\"ez-toc-link ez-toc-heading-2\" href=\"https:\/\/www.eventi-fiere.it\/blog\/personalizzazione-divise\/#Comodita\" title=\"Comodit\u00e0\">Comodit\u00e0<\/a><\/li><li class=\"ez-toc-page-1 ez-toc-heading-level-3\"><a class=\"ez-toc-link ez-toc-heading-3\" href=\"https:\/\/www.eventi-fiere.it\/blog\/personalizzazione-divise\/#Personalizzazione_delle_divise_e_stile\" title=\"Personalizzazione delle divise e stile\">Personalizzazione delle divise e stile<\/a><\/li><li class=\"ez-toc-page-1 ez-toc-heading-level-3\"><a class=\"ez-toc-link ez-toc-heading-4\" href=\"https:\/\/www.eventi-fiere.it\/blog\/personalizzazione-divise\/#Personalizzazione_individuale_delle_divise\" title=\"Personalizzazione individuale delle divise\">Personalizzazione individuale delle divise<\/a><\/li><\/ul><\/nav><\/div>\n\n<p>Le aziende forniscono ai propri dipendenti le divise che indosseranno. Questo comporta la gestione di due fattori fondamentali:<\/p>\n<ol>\n<li><strong>Livello estetico:<br \/>\n<\/strong>Come accennato in precedenza, <strong>creare divise gradevoli alla vista, che richiamino in maniera intelligente al proprio marchio<\/strong> (pensiamo alla differenza tra la divisa da lavoro di un dipendente McDonald&#8217;s e quella di una hostess in un evento) per colori, trame, loghi. Inoltre \u00e8 preferibile che le divise siano connesse al messaggio e allo &#8220;spirito&#8221; che il vostro evento o stand trasmette. Ad esempio: l&#8217;evento \u00e8 formale? Sar\u00e0 preferibile utilizzare divise altrettanto formali.<\/li>\n<li><strong>Livello economico<\/strong>:<br \/>\nAlla base di tutto, ovviamente, c&#8217;\u00e8 il vostro <strong>budget<\/strong>. Dovete pianificare le spese che affronterete per la creazione di una divisa personalizzata: <strong>conviene acquistare uno stock di divise che porterete avanti nel tempo cos\u00ec da poterle personalizzare ad hoc, dalle t-shirt ai tailleur.<br \/>\n<\/strong>Occhio per\u00f2: <strong>se il budget non vi concede spese eccessive, potete pensare alla soluzione noleggio, ma il prezzo da pagare \u00e8, ovviamente, una minore possibilit\u00e0 di personalizzazione.<\/strong><\/li>\n<\/ol>\n<h3><span class=\"ez-toc-section\" id=\"Comodita\"><\/span>Comodit\u00e0<span class=\"ez-toc-section-end\"><\/span><\/h3>\n<p><strong>A seconda della caratura o del tipo di evento, la personalizzazione delle divise dovr\u00e0 tenere conto anche del fattore comodit\u00e0.<\/strong> Che l\u2019evento sia pi\u00f9 o meno formale, \u00e8 necessario avere riguardo delle necessit\u00e0 ergonomiche della divisa dei dipendenti: se un gruppo di hostess deve lavorare 12 ore a un evento, tentate di negoziare tra l\u2019impatto visivo e la formalit\u00e0 dello stesso e il dato oggettivo che le ragazze dovranno, in ogni caso, lavorare ad esempio per 12 ore sui tacchi. Una soluzione pu\u00f2 essere provvedere alla consegna di un paio di scarpe pi\u00f9 comode, ad esempio, o consigliare di portarle per i momenti di pausa.<\/p>\n<h3><span class=\"ez-toc-section\" id=\"Personalizzazione_delle_divise_e_stile\"><\/span>Personalizzazione delle divise e stile<span class=\"ez-toc-section-end\"><\/span><\/h3>\n<p>Come gi\u00e0 accennato in precedenza, se creerete delle <strong>divise personalizzate che richiamino il vostro logo o brand dell\u2019azienda\/evento<\/strong>, verr\u00e0 garantito un effetto di riconoscibilit\u00e0 tanto del personale quanto della vostra azienda. Quindi: colori, trame, dettagli, stile della divisa sono tutti <a href=\"https:\/\/www.eventi-fiere.it\/blog\/allestire-lo-stand-a-exposanita\/\" target=\"_blank\" rel=\"noopener\">elementi<\/a> sfruttabili a vostro favore. E l\u2019occhio vuole la sua parte, anche se non siamo al Met Gala, mi raccomando!<\/p>\n<h3><span class=\"ez-toc-section\" id=\"Personalizzazione_individuale_delle_divise\"><\/span>Personalizzazione individuale delle divise<span class=\"ez-toc-section-end\"><\/span><\/h3>\n<p>Un ultimo appunto: avete pensato, se la vostra filosofia aziendale o l\u2019evento lo permette, di lasciare libero spazio a quella che in inglese si chiama <strong><em>customization<\/em><\/strong>, la personalizzazione individuale di divise comuni, senza obblighi troppo restrittivi per il dipendente? \u00c8 una soluzione che oggi molte aziende seguono, per due ragioni:<\/p>\n<ul>\n<li><strong>Dare libert\u00e0<\/strong> e non costringere troppo il dipendente <strong>lo fa sentire libero di esprimersi e lo gratifica<\/strong>, lo fa sentire s\u00e9 stesso, abbattendo i muri del contesto lavorativo standard.<\/li>\n<li>In secondo luogo, questa libert\u00e0 d\u2019espressione garantisce il passaggio di <strong>un\u2019immagine molto aperta della vostra azienda<\/strong>, che unisce i dipendenti (vedi l\u2019unit\u00e0 integrale semiotica di cui sopra parlavamo), ma allo stesso tempo lascia emergere dal team omogeneo le individualit\u00e0. Ossia, semioticamente, ci troviamo davanti a un\u2019<strong>unit\u00e0 partitiva<\/strong>, in cui il singolo si senta partecipe, coinvolto, <strong>a casa<\/strong>. Come ci comportiamo a casa? Siamo <strong>attenti alla cura dell\u2019ambiente<\/strong>, lo sentiamo nostro, ma <strong>allo stesso tempo siamo liberi di esprimerci<\/strong>. Osserveremmo cos\u00ec divise omogeneamente distribuite, condensando la filosofia e immagine aziendale, allo stesso tempo abbinate con orecchini di gusto personale o maniche risvoltate.<\/li>\n<\/ul>\n<p>Tutto questo, ovviamente, se e solo se l\u2019evento lo concede. \u00c8 una possibilit\u00e0, un plus, prima \u00e8 necessario considerare la natura dell\u2019evento e le sue priorit\u00e0.<\/p>\n<p><strong>Siete gi\u00e0 allo specchio a fare le prove outfit? Perch\u00e9 prima di iniziare a sfoggiare il vostro stile migliore non condividete questo articolo?<\/strong><\/p>\n<p>Buon lavoro!<\/p>\n","protected":false},"excerpt":{"rendered":"<p>Personalizzazione delle divise. Ecco di cosa ci occuperemo oggi qui su Eventi e Fiere. Certo, non renderemo questo articolo una sorta di bignamino per sfilate e non ci erigeremo a<\/p>\n","protected":false},"author":13,"featured_media":4906,"comment_status":"closed","ping_status":"closed","sticky":false,"template":"","format":"standard","meta":[],"categories":[107,1],"tags":[61,192],"yst_prominent_words":[2001,2003,495,1132,1529,1522,280,1261,524,1525,1528,1526,1521,1533,2004,1527,844,595,1524],"_links":{"self":[{"href":"https:\/\/www.eventi-fiere.it\/blog\/wp-json\/wp\/v2\/posts\/2078"}],"collection":[{"href":"https:\/\/www.eventi-fiere.it\/blog\/wp-json\/wp\/v2\/posts"}],"about":[{"href":"https:\/\/www.eventi-fiere.it\/blog\/wp-json\/wp\/v2\/types\/post"}],"author":[{"embeddable":true,"href":"https:\/\/www.eventi-fiere.it\/blog\/wp-json\/wp\/v2\/users\/13"}],"replies":[{"embeddable":true,"href":"https:\/\/www.eventi-fiere.it\/blog\/wp-json\/wp\/v2\/comments?post=2078"}],"version-history":[{"count":7,"href":"https:\/\/www.eventi-fiere.it\/blog\/wp-json\/wp\/v2\/posts\/2078\/revisions"}],"predecessor-version":[{"id":3359,"href":"https:\/\/www.eventi-fiere.it\/blog\/wp-json\/wp\/v2\/posts\/2078\/revisions\/3359"}],"wp:featuredmedia":[{"embeddable":true,"href":"https:\/\/www.eventi-fiere.it\/blog\/wp-json\/wp\/v2\/media\/4906"}],"wp:attachment":[{"href":"https:\/\/www.eventi-fiere.it\/blog\/wp-json\/wp\/v2\/media?parent=2078"}],"wp:term":[{"taxonomy":"category","embeddable":true,"href":"https:\/\/www.eventi-fiere.it\/blog\/wp-json\/wp\/v2\/categories?post=2078"},{"taxonomy":"post_tag","embeddable":true,"href":"https:\/\/www.eventi-fiere.it\/blog\/wp-json\/wp\/v2\/tags?post=2078"},{"taxonomy":"yst_prominent_words","embeddable":true,"href":"https:\/\/www.eventi-fiere.it\/blog\/wp-json\/wp\/v2\/yst_prominent_words?post=2078"}],"curies":[{"name":"wp","href":"https:\/\/api.w.org\/{rel}","templated":true}]}}