{"id":176,"date":"2022-01-01T16:45:00","date_gmt":"2022-01-01T15:45:00","guid":{"rendered":"http:\/\/www.eventi-fiere.it\/blog\/?p=176"},"modified":"2021-12-20T12:24:47","modified_gmt":"2021-12-20T11:24:47","slug":"la-fiera-di-bologna-e-meglio","status":"publish","type":"post","link":"https:\/\/www.eventi-fiere.it\/blog\/la-fiera-di-bologna-e-meglio\/","title":{"rendered":"Fiera di Bologna: perch\u00e8 \u00e8 meglio di tutte le altre"},"content":{"rendered":"<h2><span class=\"ez-toc-section\" id=\"5_semplici_punti_per_portare_acqua_al_nostro_mulino_ecco_perche_la_Fiera_di_Bologna_deve_essere_visitata_a_tutti_i_costi\"><\/span>5 semplici punti per portare acqua al nostro mulino, ecco perch\u00e9 la Fiera di Bologna deve essere visitata a tutti i costi.<span class=\"ez-toc-section-end\"><\/span><\/h2><div id=\"ez-toc-container\" class=\"ez-toc-v2_0_27 ez-toc-wrap-right counter-hierarchy\">\n<div class=\"ez-toc-title-container\">\n<p class=\"ez-toc-title\">Contenuti<\/p>\n<span class=\"ez-toc-title-toggle\"><\/span><\/div>\n<nav><ul class=\"ez-toc-list ez-toc-list-level-1\"><li class=\"ez-toc-page-1 ez-toc-heading-level-2\"><a class=\"ez-toc-link ez-toc-heading-1\" href=\"https:\/\/www.eventi-fiere.it\/blog\/la-fiera-di-bologna-e-meglio\/#5_semplici_punti_per_portare_acqua_al_nostro_mulino_ecco_perche_la_Fiera_di_Bologna_deve_essere_visitata_a_tutti_i_costi\" title=\"5 semplici punti per portare acqua al nostro mulino, ecco perch\u00e9 la Fiera di Bologna deve essere visitata a tutti i costi.\">5 semplici punti per portare acqua al nostro mulino, ecco perch\u00e9 la Fiera di Bologna deve essere visitata a tutti i costi.<\/a><\/li><li class=\"ez-toc-page-1 ez-toc-heading-level-2\"><a class=\"ez-toc-link ez-toc-heading-2\" href=\"https:\/\/www.eventi-fiere.it\/blog\/la-fiera-di-bologna-e-meglio\/#E_bella\" title=\"\u00c8 bella\">\u00c8 bella<\/a><\/li><li class=\"ez-toc-page-1 ez-toc-heading-level-2\"><a class=\"ez-toc-link ez-toc-heading-3\" href=\"https:\/\/www.eventi-fiere.it\/blog\/la-fiera-di-bologna-e-meglio\/#E_grande\" title=\"\u00c8 grande\">\u00c8 grande<\/a><\/li><li class=\"ez-toc-page-1 ez-toc-heading-level-2\"><a class=\"ez-toc-link ez-toc-heading-4\" href=\"https:\/\/www.eventi-fiere.it\/blog\/la-fiera-di-bologna-e-meglio\/#E_internazionale\" title=\"\u00c8 internazionale\">\u00c8 internazionale<\/a><\/li><li class=\"ez-toc-page-1 ez-toc-heading-level-2\"><a class=\"ez-toc-link ez-toc-heading-5\" href=\"https:\/\/www.eventi-fiere.it\/blog\/la-fiera-di-bologna-e-meglio\/#E_piu_di_una_fiera\" title=\"\u00c8 pi\u00f9 di una fiera\">\u00c8 pi\u00f9 di una fiera<\/a><\/li><li class=\"ez-toc-page-1 ez-toc-heading-level-2\"><a class=\"ez-toc-link ez-toc-heading-6\" href=\"https:\/\/www.eventi-fiere.it\/blog\/la-fiera-di-bologna-e-meglio\/#E_nella_citta_piu_bella_del_mondo\" title=\"\u00c8 nella citt\u00e0 pi\u00f9 bella del mondo\">\u00c8 nella citt\u00e0 pi\u00f9 bella del mondo<\/a><\/li><\/ul><\/nav><\/div>\n\n<p>Devi andare alla Fiera di Bologna da espositore o da visitatore? Il capo ha deciso di mandare il tuo collega ll&#8217;EXPO DUBAI e te a Bologna e questa cosa ti crea qualche fastidio, per non dire, ti fa rosicare? Non hai mai esposto a Bologna (perch\u00e9?) e quindi per qualche ragione incredibilmente astratta non sei totalmente convinto? Leggi i prossimi 5 punti per convincerti di quanto la Fiera di Bologna sia l&#8217;ottava meraviglia del mondo!<\/p>\n<ol>\n<li>\n<h2><span class=\"ez-toc-section\" id=\"E_bella\"><\/span>\u00c8 bella<span class=\"ez-toc-section-end\"><\/span><\/h2>\n<p>\u00c8 vero che non \u00e8 bello ci\u00f2 che \u00e8 bello ma \u00e8 bello ci\u00f2 che piace, per\u00f2 la fiera di Bologna con il centro congressi ed esposizioni \u00e8 un esempio di <strong>architettura moderna<\/strong> non indifferente.<br \/>\nProgettata a partire dal 1965 ad opera di Leonardo Benevolo, Tommaso Giura Longo e Carlo Melograni, acquisisce il massimo della notoriet\u00e0 nel 1972 con l\u2019aggiunta del \u201c<strong>Fiera District<\/strong>\u201d di Kenzo Tange: 7 torri di 80 metri. Bologna, la nostra piccola New York.<\/li>\n<li>\n<h2><span class=\"ez-toc-section\" id=\"E_grande\"><\/span>\u00c8 grande<span class=\"ez-toc-section-end\"><\/span><\/h2>\n<p>Sicuramente non \u00e8 la pi\u00f9 grande, ma non \u00e8 neanche piccola!<br \/>\nCon un\u2019area complessiva di 375.000 metri, circa 55 volte l\u2019area di Piazza Maggiore, troppo campanilista? Poco pi\u00f9 di 21 Piazze del Popolo a Roma.<br \/>\nConta <strong>36.000 mq<\/strong> di area espositiva, <strong>18 padiglioni<\/strong>, 5 ingressi indipendenti, un eliporto, 14.500 posti auto.<br \/>\nI visitatori annui sono pi\u00f9 di 900.000.<\/li>\n<li>\n<h2><span class=\"ez-toc-section\" id=\"E_internazionale\"><\/span>\u00c8 internazionale<span class=\"ez-toc-section-end\"><\/span><\/h2>\n<p>La non indifferente mole di visitatori che arriva ogni anno in Fiera a Bologna \u00e8 sia italiana che internazionale. La Fiera di Bologna conta alcune delle manifestazioni fieristiche pi\u00f9 importanti in Italia e conosciute a livello mondiale: solo per citarne alcune, <strong>Motorshow,<\/strong>\u00a0<strong>Cosmoprof, MECSPE<\/strong> .<\/li>\n<li>\n<h2><span class=\"ez-toc-section\" id=\"E_piu_di_una_fiera\"><\/span>\u00c8 pi\u00f9 di una fiera<span class=\"ez-toc-section-end\"><\/span><\/h2>\n<p>A tutti gli effetti la nostra fiera non \u00e8 una fiera e basta, all\u2019interno del Polo Fieristico si trova un centro congressi ed esposizioni con varie sale, spazio polifunzionale per concerti, conferenze, meeting ed eventi. Con una capienza complessiva di 11.000 sedute, non male.<\/li>\n<li>\n<h2><span class=\"ez-toc-section\" id=\"E_nella_citta_piu_bella_del_mondo\"><\/span>\u00c8 nella citt\u00e0 pi\u00f9 bella del mondo<span class=\"ez-toc-section-end\"><\/span><\/h2>\n<p>I gusti sono gusti, \u00e8 vero, per\u00f2 Bologna \u00e8 bella davvero.<br \/>\nIl polo Fieristico si trova in zona San Donato, a due passi dal centro storico (10 minuti di autobus).<br \/>\nDal momento che sei a Bologna per visitare la Fiera, sarebbe un reato non prendersi un giorno in pi\u00f9 per vedere la citt\u00e0.<br \/>\nCon la giusta resistenza fisica potrai visitare tutti i punti salienti della citt\u00e0 in meno di due giorni (anche il New York Times lo dice <a href=\"https:\/\/www.nytimes.com\/2015\/10\/04\/travel\/what-to-do-in-36-hours-in-bologna-italy.html\" target=\"_blank\" rel=\"noopener\">qui<\/a> ) e rifocillarti lungo la strada con le prelibatezze bolognesi; poi per\u00f2 obbligatoria la &#8220;passeggiata&#8221; fino a San Luca a piedi per smaltire un po\u2019 di calorie!<\/li>\n<\/ol>\n<p>In sostanza che tu sia un visitatore, un espositore, un fornitore o un passante, il messaggio \u00e8 chiaro e forte: visita la Fiera di Bologna, non te ne pentirai!<\/p>\n<p><strong>Condividi<\/strong> questo articolo con qualche altro indeciso!<\/p>\n<div id=\"ritekit-alerts\"><\/div>\n<div id=\"ritekit-alerts\"><\/div>\n<div id=\"ritekit-alerts\"><\/div>\n","protected":false},"excerpt":{"rendered":"<p>5 semplici punti per portare acqua al nostro mulino, ecco perch\u00e9 la Fiera di Bologna deve essere visitata a tutti i costi. Devi andare alla Fiera di Bologna da espositore<\/p>\n","protected":false},"author":4,"featured_media":336,"comment_status":"closed","ping_status":"closed","sticky":true,"template":"","format":"standard","meta":[],"categories":[44,1,33],"tags":[40,36],"yst_prominent_words":[715,1202,440,4872,718,245,4874,4880,4881,283,3475,4882,4676,701,18732,4875,4878,2268,1842,6656],"_links":{"self":[{"href":"https:\/\/www.eventi-fiere.it\/blog\/wp-json\/wp\/v2\/posts\/176"}],"collection":[{"href":"https:\/\/www.eventi-fiere.it\/blog\/wp-json\/wp\/v2\/posts"}],"about":[{"href":"https:\/\/www.eventi-fiere.it\/blog\/wp-json\/wp\/v2\/types\/post"}],"author":[{"embeddable":true,"href":"https:\/\/www.eventi-fiere.it\/blog\/wp-json\/wp\/v2\/users\/4"}],"replies":[{"embeddable":true,"href":"https:\/\/www.eventi-fiere.it\/blog\/wp-json\/wp\/v2\/comments?post=176"}],"version-history":[{"count":14,"href":"https:\/\/www.eventi-fiere.it\/blog\/wp-json\/wp\/v2\/posts\/176\/revisions"}],"predecessor-version":[{"id":15965,"href":"https:\/\/www.eventi-fiere.it\/blog\/wp-json\/wp\/v2\/posts\/176\/revisions\/15965"}],"wp:featuredmedia":[{"embeddable":true,"href":"https:\/\/www.eventi-fiere.it\/blog\/wp-json\/wp\/v2\/media\/336"}],"wp:attachment":[{"href":"https:\/\/www.eventi-fiere.it\/blog\/wp-json\/wp\/v2\/media?parent=176"}],"wp:term":[{"taxonomy":"category","embeddable":true,"href":"https:\/\/www.eventi-fiere.it\/blog\/wp-json\/wp\/v2\/categories?post=176"},{"taxonomy":"post_tag","embeddable":true,"href":"https:\/\/www.eventi-fiere.it\/blog\/wp-json\/wp\/v2\/tags?post=176"},{"taxonomy":"yst_prominent_words","embeddable":true,"href":"https:\/\/www.eventi-fiere.it\/blog\/wp-json\/wp\/v2\/yst_prominent_words?post=176"}],"curies":[{"name":"wp","href":"https:\/\/api.w.org\/{rel}","templated":true}]}}