{"id":15838,"date":"2021-11-22T10:33:46","date_gmt":"2021-11-22T09:33:46","guid":{"rendered":"https:\/\/www.eventi-fiere.it\/blog\/?p=15838"},"modified":"2021-11-23T14:26:47","modified_gmt":"2021-11-23T13:26:47","slug":"calendario-fiere-in-italia-dal-29-11-2021-al-05-12-2021","status":"publish","type":"post","link":"https:\/\/www.eventi-fiere.it\/blog\/calendario-fiere-in-italia-dal-29-11-2021-al-05-12-2021\/","title":{"rendered":"Calendario Fiere in Italia dal 29\/11\/2021 al 05\/12\/2021"},"content":{"rendered":"\n<p>Ciao caro lettore! Siamo di nuovo qui con il nostro appuntamento settimanale per fornirti tutti i dettagli sulle fiere in Italia dal 29\/11\/2021 al 05\/12\/2021. Scopriamo insieme le novit\u00e0, le informazioni utili alla partecipazione o semplicemente qualche curiosit\u00e0 sugli eventi fieristici pi\u00f9 importanti del belpaese in questo periodo. <\/p>\n\n\n\n<h2><span class=\"ez-toc-section\" id=\"MAIN_EVENTS\"><\/span>MAIN EVENTS<span class=\"ez-toc-section-end\"><\/span><\/h2><div id=\"ez-toc-container\" class=\"ez-toc-v2_0_27 ez-toc-wrap-right counter-hierarchy\">\n<div class=\"ez-toc-title-container\">\n<p class=\"ez-toc-title\">Contenuti<\/p>\n<span class=\"ez-toc-title-toggle\"><\/span><\/div>\n<nav><ul class=\"ez-toc-list ez-toc-list-level-1\"><li class=\"ez-toc-page-1 ez-toc-heading-level-2\"><a class=\"ez-toc-link ez-toc-heading-1\" href=\"https:\/\/www.eventi-fiere.it\/blog\/calendario-fiere-in-italia-dal-29-11-2021-al-05-12-2021\/#MAIN_EVENTS\" title=\"MAIN EVENTS\">MAIN EVENTS<\/a><ul class=\"ez-toc-list-level-3\"><li class=\"ez-toc-heading-level-3\"><a class=\"ez-toc-link ez-toc-heading-2\" href=\"https:\/\/www.eventi-fiere.it\/blog\/calendario-fiere-in-italia-dal-29-11-2021-al-05-12-2021\/#MIG_-_Mostra_internazionale_del_gelato\" title=\"MIG &#8211; Mostra internazionale del gelato\">MIG &#8211; Mostra internazionale del gelato<\/a><\/li><li class=\"ez-toc-page-1 ez-toc-heading-level-3\"><a class=\"ez-toc-link ez-toc-heading-3\" href=\"https:\/\/www.eventi-fiere.it\/blog\/calendario-fiere-in-italia-dal-29-11-2021-al-05-12-2021\/#Arkeda\" title=\"Arkeda\">Arkeda<\/a><\/li><li class=\"ez-toc-page-1 ez-toc-heading-level-3\"><a class=\"ez-toc-link ez-toc-heading-4\" href=\"https:\/\/www.eventi-fiere.it\/blog\/calendario-fiere-in-italia-dal-29-11-2021-al-05-12-2021\/#Artigiano_in_Fiera\" title=\"Artigiano in Fiera\">Artigiano in Fiera<\/a><\/li><\/ul><\/li><li class=\"ez-toc-page-1 ez-toc-heading-level-2\"><a class=\"ez-toc-link ez-toc-heading-5\" href=\"https:\/\/www.eventi-fiere.it\/blog\/calendario-fiere-in-italia-dal-29-11-2021-al-05-12-2021\/#LE_ALTRE_FIERE\" title=\"LE ALTRE FIERE\">LE ALTRE FIERE<\/a><ul class=\"ez-toc-list-level-3\"><li class=\"ez-toc-heading-level-3\"><a class=\"ez-toc-link ez-toc-heading-6\" href=\"https:\/\/www.eventi-fiere.it\/blog\/calendario-fiere-in-italia-dal-29-11-2021-al-05-12-2021\/#Ambiente_Lavoro\" title=\"Ambiente Lavoro\">Ambiente Lavoro<\/a><\/li><li class=\"ez-toc-page-1 ez-toc-heading-level-3\"><a class=\"ez-toc-link ez-toc-heading-7\" href=\"https:\/\/www.eventi-fiere.it\/blog\/calendario-fiere-in-italia-dal-29-11-2021-al-05-12-2021\/#FuturPera\" title=\"FuturPera\">FuturPera<\/a><\/li><\/ul><\/li><li class=\"ez-toc-page-1 ez-toc-heading-level-2\"><a class=\"ez-toc-link ez-toc-heading-8\" href=\"https:\/\/www.eventi-fiere.it\/blog\/calendario-fiere-in-italia-dal-29-11-2021-al-05-12-2021\/#Festival_DellOriente\" title=\"Festival Dell\u2019Oriente\">Festival Dell\u2019Oriente<\/a><\/li><\/ul><\/nav><\/div>\n\n\n\n\n<h3><span class=\"ez-toc-section\" id=\"MIG_-_Mostra_internazionale_del_gelato\"><\/span><a rel=\"noreferrer noopener\" href=\"https:\/\/www.eventi-fiere.it\/fiere\/mig\/\" target=\"_blank\">MIG &#8211; Mostra internazionale del gelato<\/a><span class=\"ez-toc-section-end\"><\/span><\/h3>\n\n\n\n<p>MIG \u00e8 da oltre 60 anni una vetrina internazionale per tutte le proposte migliori e di qualit\u00e0 nel settore del gelato: prodotti, macchine, attrezzature per gelateria e tanto altro. Questa fiera \u00e8 un&#8217;occasione d&#8217;oro per dibattere e approfondire tematiche che interessano da vicino il gelatiere e l&#8217;artigiano del gelato. Presso MIG, la Mostra Internazionale del Gelato, potrai partecipare a concorsi di vario tipo, a partire dalla storica \u201cCoppa d\u2019Oro\u201d giunta ormai alla 51esima edizione.<\/p>\n\n\n\n<ul><li><strong>Data<\/strong>: 28\/11\/2021 e 01\/12\/2021<\/li><li><strong>Dove<\/strong>: Longarone Fiere (BL)<\/li><li><strong>Orario<\/strong>: dalle 10:00 alle 18:30<\/li><li><strong style=\"font-size: 1.0625rem\">Biglietti<\/strong><span style=\"font-size: 1.0625rem\">: <\/span>ingresso riservato agli operatori del settore, esclusivamente su invito<\/li><li><strong>Altre info<\/strong>: <a rel=\"noreferrer noopener\" href=\"https:\/\/www.mostradelgelato.com\/info-e-servizi\" target=\"_blank\">MIG<\/a><\/li><\/ul>\n\n\n\n<h3><span class=\"ez-toc-section\" id=\"Arkeda\"><\/span><a rel=\"noreferrer noopener\" href=\"https:\/\/www.eventi-fiere.it\/fiere\/arkeda\/\" target=\"_blank\">Arkeda<\/a><span class=\"ez-toc-section-end\"><\/span><\/h3>\n\n\n\n<p>Arkeda \u00e8 una fiera cardine del settore del design, dell&#8217;architettura, dell&#8217;edilizia e dell&#8217;arredo. Questo evento \u00e8 senz&#8217;altro un appuntamento fondamentale per professionisti, architetti, designer, ingegneri e progettisti che partecipano con sempre maggiore affluenza all\u2019unica ed autentica Mostra Convegno dell\u2019Architettura, dell\u2019Edilizia, del Design e dell\u2019Arredo di alto profilo formativo ed informativo.<\/p>\n\n\n\n<ul><li><strong>Data<\/strong>: dal 03\/12\/2021 al 05\/12\/2021<\/li><li><strong>Dove<\/strong>: Mostra d&#8217;Oltremare, Napoli<\/li><li><strong>Orario<\/strong>: dalle 10:00 alle 19:00<\/li><li><strong style=\"font-size: 1.0625rem\">Biglietti<\/strong><span style=\"font-size: 1.0625rem\">: <\/span>Ingresso gratuito riservato a operatori del settore<\/li><li><strong>Altre info<\/strong>:<a rel=\"noreferrer noopener\" href=\"https:\/\/www.arkeda.it\/\" target=\"_blank\"> Arkeda<\/a><\/li><\/ul>\n\n\n\n<h3><span class=\"ez-toc-section\" id=\"Artigiano_in_Fiera\"><\/span><a rel=\"noreferrer noopener\" href=\"https:\/\/www.eventi-fiere.it\/fiere\/af-lartigiano-in-fiera\/\" target=\"_blank\">Artigiano in Fiera<\/a><span class=\"ez-toc-section-end\"><\/span><\/h3>\n\n\n\n<p>Artigiano in Fiera \u00e8 una mostra che da decenni ormai funge da punto di riferimento per l&#8217;artigiano e l&#8217;artigianato, mettendo in luce le qualit\u00e0, le peculiarit\u00e0 e la bellezza delle arti, dei mestieri e dell&#8217;artigianato in generale.  Questa fiera \u00e8 un&#8217;ottima occasione per conoscere identit\u00e0 e valori di lavoratori provenienti da 110 Paesi, per avere un contatto diretto con il mondo degli artigiani.<\/p>\n\n\n\n<ul><li><strong>Data<\/strong>: dal 04\/12\/2021 al 12\/12\/2021<\/li><li><strong>Dove<\/strong>: Fiera di Milano<\/li><li><strong>Orario<\/strong>: dalle 10:00 alle 23:00 <\/li><li><strong>Altre info<\/strong>: <a rel=\"noreferrer noopener\" href=\"https:\/\/artigianoinfiera.it\/\" target=\"_blank\">Artigiano in Fiera<\/a><\/li><\/ul>\n\n\n\n<h2><span class=\"ez-toc-section\" id=\"LE_ALTRE_FIERE\"><\/span>LE ALTRE FIERE<span class=\"ez-toc-section-end\"><\/span><\/h2>\n\n\n\n<h3><span class=\"ez-toc-section\" id=\"Ambiente_Lavoro\"><\/span><span class=\"has-inline-color has-primary-color\"><a href=\"https:\/\/fiera.ambientelavoro.it\/it\/\" data-type=\"URL\" data-id=\"https:\/\/fiera.ambientelavoro.it\/it\/\" target=\"_blank\" rel=\"noreferrer noopener\">Ambiente Lavoro<\/a><\/span><span class=\"ez-toc-section-end\"><\/span><\/h3>\n\n\n\n<p>La fiera tocca i temi della<strong> salute e della sicurezza nei luoghi di lavoro<\/strong> ed \u00e8 diventata da oltre 20 anni il punto di riferimento di tutti gli operatori del settore.<\/p>\n\n\n\n<ul><li><strong>Data:&nbsp;<\/strong>dal 01\/12\/2021 al 03\/12\/2021<\/li><li><strong>Dove: <\/strong>Bologna Fiere<\/li><li><strong>Prezzi:<\/strong>&nbsp;riservato agli operatori del settore<\/li><li><strong>Altre info:<\/strong> <a rel=\"noreferrer noopener\" href=\"http:\/\/www.ambientelavoro.it\/\" target=\"_blank\">Ambiente Lavoro<\/a><\/li><\/ul>\n\n\n\n<h3><span class=\"ez-toc-section\" id=\"FuturPera\"><\/span><span class=\"has-inline-color has-primary-color\"><a rel=\"noreferrer noopener\" href=\"https:\/\/futurpera.com\/it\/\" data-type=\"URL\" data-id=\"https:\/\/futurpera.com\/it\/\" target=\"_blank\">FuturPera<\/a><\/span><span class=\"ez-toc-section-end\"><\/span><\/h3>\n\n\n\n<p>FuturPera \u00e8 il primo salone internazionale dedicato alla valorizzazione della <strong>filiera pericola<\/strong>. Punto di riferimento per gli operatori del settore e luogo di incontro e scambio per le pi\u00f9 importanti aziende rappresentative dell&#8217;intera filiera. <\/p>\n\n\n\n<ul><li>Quando: dal 02\/12\/2021 al 04\/12\/2021<\/li><li>Dove: Ferrara Fiere, Ferrara<\/li><li>Prezzi: informazione da definire<\/li><li>Orari: informazione da definire<\/li><li>Altre info: <a href=\"https:\/\/futurpera.com\/index.php\/it\/lafiera\/futurpera\">FuturPera<\/a><\/li><\/ul>\n\n\n\n<h2><span class=\"ez-toc-section\" id=\"Festival_DellOriente\"><\/span><span class=\"has-inline-color has-primary-color\">Festival Dell\u2019Oriente<\/span><span class=\"ez-toc-section-end\"><\/span><\/h2>\n\n\n\n<p>Il <strong>Festival Dell\u2019Oriente<\/strong> torna a Padova! Quale occasione migliore per immergersi nelle <strong>culture<\/strong> e nelle <strong>tradizioni<\/strong> orientali. Mostre fotografiche, bazar, stand commerciali, gastronomia tipica, cerimonie tradizionali e tanto altro.<\/p>\n\n\n\n<p>\u2022 <strong>Quando<\/strong>: dal 04\/12\/2021 al 05\/12\/2021; 08\/12\/2021 e dal 11\/12\/2021 al 12\/12\/2021<br>\u2022 <strong>Dove<\/strong>: Padova<br>\u2022 <strong>Prezzi<\/strong>: ingresso \u20ac13<br>\u2022 <strong>Orari<\/strong>: tutti i giorni dalle 10.30 alle 20.30<br>\u2022 <a rel=\"noreferrer noopener\" href=\"http:\/\/festivaldelloriente.net\/padova\/\" target=\"_blank\">Sito web<\/a><\/p>\n\n\n\n<p><\/p>\n","protected":false},"excerpt":{"rendered":"<p>Ciao caro lettore! Siamo di nuovo qui con il nostro appuntamento settimanale per fornirti tutti i dettagli sulle fiere in Italia dal 29\/11\/2021 al 05\/12\/2021. Scopriamo insieme le novit\u00e0, le<\/p>\n","protected":false},"author":6,"featured_media":15444,"comment_status":"closed","ping_status":"closed","sticky":false,"template":"","format":"standard","meta":[],"categories":[1],"tags":[5357,17238,7012],"yst_prominent_words":[18723,821,18722,3783,283,269,6359,18721,1583,2744,286,284,12713,3676,3664,285],"_links":{"self":[{"href":"https:\/\/www.eventi-fiere.it\/blog\/wp-json\/wp\/v2\/posts\/15838"}],"collection":[{"href":"https:\/\/www.eventi-fiere.it\/blog\/wp-json\/wp\/v2\/posts"}],"about":[{"href":"https:\/\/www.eventi-fiere.it\/blog\/wp-json\/wp\/v2\/types\/post"}],"author":[{"embeddable":true,"href":"https:\/\/www.eventi-fiere.it\/blog\/wp-json\/wp\/v2\/users\/6"}],"replies":[{"embeddable":true,"href":"https:\/\/www.eventi-fiere.it\/blog\/wp-json\/wp\/v2\/comments?post=15838"}],"version-history":[{"count":3,"href":"https:\/\/www.eventi-fiere.it\/blog\/wp-json\/wp\/v2\/posts\/15838\/revisions"}],"predecessor-version":[{"id":15848,"href":"https:\/\/www.eventi-fiere.it\/blog\/wp-json\/wp\/v2\/posts\/15838\/revisions\/15848"}],"wp:featuredmedia":[{"embeddable":true,"href":"https:\/\/www.eventi-fiere.it\/blog\/wp-json\/wp\/v2\/media\/15444"}],"wp:attachment":[{"href":"https:\/\/www.eventi-fiere.it\/blog\/wp-json\/wp\/v2\/media?parent=15838"}],"wp:term":[{"taxonomy":"category","embeddable":true,"href":"https:\/\/www.eventi-fiere.it\/blog\/wp-json\/wp\/v2\/categories?post=15838"},{"taxonomy":"post_tag","embeddable":true,"href":"https:\/\/www.eventi-fiere.it\/blog\/wp-json\/wp\/v2\/tags?post=15838"},{"taxonomy":"yst_prominent_words","embeddable":true,"href":"https:\/\/www.eventi-fiere.it\/blog\/wp-json\/wp\/v2\/yst_prominent_words?post=15838"}],"curies":[{"name":"wp","href":"https:\/\/api.w.org\/{rel}","templated":true}]}}