{"id":15377,"date":"2020-09-29T17:43:00","date_gmt":"2020-09-29T15:43:00","guid":{"rendered":"https:\/\/www.eventi-fiere.it\/blog\/?p=15377"},"modified":"2020-09-30T11:23:43","modified_gmt":"2020-09-30T09:23:43","slug":"calendario-fiere-in-italia-dal-09-11-2020-al-15-11-2020","status":"publish","type":"post","link":"https:\/\/www.eventi-fiere.it\/blog\/calendario-fiere-in-italia-dal-09-11-2020-al-15-11-2020\/","title":{"rendered":"Calendario Fiere in Italia dal 09\/11\/2020 al 15\/11\/2020"},"content":{"rendered":"\n<p>Se stai cercando informazioni sulle fiere che avranno luogo in Italia dal 09\/11\/2020 al 15\/11\/2020, sei nel posto giusto! Siamo tornati anche oggi con l&#8217;appuntamento settimanale che ti aggiorna sugli eventi fieristici pi\u00f9 importanti del mercato. Se sei curioso e vuoi saperne di pi\u00f9, se vuoi partecipare come visitatore o &#8211; perch\u00e9 no? &#8211; se vuoi trovare una fiera alla quale partecipare come espositore con la tua azienda, continua a leggere e non verrai deluso. Infine, se avrai bisogno di qualche informazione in pi\u00f9 o di un preventivo per la partecipazione alla fiera, siamo qui per te.<\/p>\n\n\n\n<h3><a href=\"https:\/\/www.eventi-fiere.it\/fiere\/chibimart-inverno\/\" target=\"_blank\" rel=\"noreferrer noopener\">Chibimart<\/a><\/h3>\n\n\n\n<p>Chibimart \u00e8 la fiera ispirata all&#8217;accessorio moda di tendenza e del gioiello che muta in un nuovo concept, completo ed essenziale, ispirata a creare nuove opportunit\u00e0 di investimento. Qui troverai tutto ci\u00f2 che riguarda il semilavorato e la componentistica per la gioielleria, le pietre preziose e semi preziose, i bijoux, gli accessori moda e il relativo packaging. Inoltre, a parte incontrare nuovi potenziali clienti e imprenditori con cui collaborare, presso Chibimart potrai direttamente acquistare gli articoli e i materiali che pi\u00f9 ti interessano, con la formula Cash &amp; Carry. Infine, ricorda che possono partecipare e visitare la fiera gli operatori del settore dei bijoux e dell&#8217;accessorio moda e i professionisti di ambito stampa e comunicazione.<\/p>\n\n\n\n<ul><li><strong>Data<\/strong>: dal 13\/11\/2020 al 16\/11\/2020<\/li><li><strong>Dove<\/strong>: Fieramilanocity, Milano<\/li><li><strong>Orario<\/strong>: dal 13\/11 al 15\/11 dalle 09:30 alle 18:30; il 16\/11 dalle 09:30 alle 16:00<\/li><li><strong>Biglietti<\/strong>: previa registrazione sul sito per gli operatori del settore e i professionisti di ambito stampa e comunicazione<\/li><li><strong>Altre info<\/strong>: <a rel=\"noreferrer noopener\" href=\"https:\/\/www.eventi-fiere.it\/fiere\/chibimart-inverno\/\" target=\"_blank\">Chibimart<\/a><\/li><\/ul>\n\n\n\n<h3><a rel=\"noreferrer noopener\" href=\"https:\/\/www.eventi-fiere.it\/fiere\/eima-international\/\" target=\"_blank\">Eima Digital Preview<\/a><\/h3>\n\n\n\n<p>A causa dell&#8217;emergenza coronavirus, Eima International si terr\u00e0 dal 3 al 7 febbraio 2021 come al solito a Bologna. Al suo posto, nelle date originali ovvero dall&#8217;11 al 15 novembre 2020 si terr\u00e0 un evento fieristico dal format tutto nuovo e perfetto per affrontare in completa sicurezza questo periodo: Eima Digital Preview. Questa fiera avr\u00e0 luogo su una piattaforma digitale appositamente creata che funge da punto di collegamento con la fiera che si terr\u00e0 a febbraio. I visitatori possono accedere all&#8217;evento online registrandosi gratuitamente, per scoprire tutte le aziende espositrici con i loro prodotti e contattarle per saperne di pi\u00f9 o prendere un appuntamento per una visita virtuale. Inoltre, ci saranno eventi online di formazione e informazione e molte altre attivit\u00e0. Eima vuole mostrare la sua capacit\u00e0 di innovazione nel panorama espositivo italiano, con soluzioni sicure, pratiche e efficaci attuate in tempi lampo.<\/p>\n\n\n\n<ul><li><strong>Data<\/strong>: dall&#8217;11\/11\/2020 al 15\/11\/2020<\/li><li><strong>Dove<\/strong>: evento online<\/li><li><strong>Orario<\/strong>: dettagli disponibili previa registrazione gratuita all&#8217;evento<\/li><li><strong>Biglietti<\/strong>: registrazione gratuita tramite sito web<\/li><li><strong style=\"font-size: 1.0625rem\">Altre info<\/strong><span style=\"font-size: 1.0625rem\">: <\/span><a rel=\"noreferrer noopener\" style=\"font-size: 1.0625rem\" href=\"https:\/\/www.eima.it\/it\/eima-digital-preview-2020.php\" target=\"_blank\">Eima Digital Preview<\/a><\/li><\/ul>\n","protected":false},"excerpt":{"rendered":"<p>Se stai cercando informazioni sulle fiere che avranno luogo in Italia dal 09\/11\/2020 al 15\/11\/2020, sei nel posto giusto! Siamo tornati anche oggi con l&#8217;appuntamento settimanale che ti aggiorna sugli<\/p>\n","protected":false},"author":31,"featured_media":14571,"comment_status":"closed","ping_status":"closed","sticky":false,"template":"","format":"standard","meta":[],"categories":[1,33],"tags":[5357,17238,7012],"yst_prominent_words":[18659,18656,17943,3384,18225,7217,18223,18224,283,1328,284,2836,2727,18226,18657,18655,2730,18678,18658,5101],"_links":{"self":[{"href":"https:\/\/www.eventi-fiere.it\/blog\/wp-json\/wp\/v2\/posts\/15377"}],"collection":[{"href":"https:\/\/www.eventi-fiere.it\/blog\/wp-json\/wp\/v2\/posts"}],"about":[{"href":"https:\/\/www.eventi-fiere.it\/blog\/wp-json\/wp\/v2\/types\/post"}],"author":[{"embeddable":true,"href":"https:\/\/www.eventi-fiere.it\/blog\/wp-json\/wp\/v2\/users\/31"}],"replies":[{"embeddable":true,"href":"https:\/\/www.eventi-fiere.it\/blog\/wp-json\/wp\/v2\/comments?post=15377"}],"version-history":[{"count":2,"href":"https:\/\/www.eventi-fiere.it\/blog\/wp-json\/wp\/v2\/posts\/15377\/revisions"}],"predecessor-version":[{"id":15379,"href":"https:\/\/www.eventi-fiere.it\/blog\/wp-json\/wp\/v2\/posts\/15377\/revisions\/15379"}],"wp:featuredmedia":[{"embeddable":true,"href":"https:\/\/www.eventi-fiere.it\/blog\/wp-json\/wp\/v2\/media\/14571"}],"wp:attachment":[{"href":"https:\/\/www.eventi-fiere.it\/blog\/wp-json\/wp\/v2\/media?parent=15377"}],"wp:term":[{"taxonomy":"category","embeddable":true,"href":"https:\/\/www.eventi-fiere.it\/blog\/wp-json\/wp\/v2\/categories?post=15377"},{"taxonomy":"post_tag","embeddable":true,"href":"https:\/\/www.eventi-fiere.it\/blog\/wp-json\/wp\/v2\/tags?post=15377"},{"taxonomy":"yst_prominent_words","embeddable":true,"href":"https:\/\/www.eventi-fiere.it\/blog\/wp-json\/wp\/v2\/yst_prominent_words?post=15377"}],"curies":[{"name":"wp","href":"https:\/\/api.w.org\/{rel}","templated":true}]}}