{"id":15364,"date":"2020-09-01T17:37:14","date_gmt":"2020-09-01T15:37:14","guid":{"rendered":"https:\/\/www.eventi-fiere.it\/blog\/?p=15364"},"modified":"2020-09-01T17:37:16","modified_gmt":"2020-09-01T15:37:16","slug":"calendario-fiere-in-italia-dal-12-10-2020-al-18-10-2020","status":"publish","type":"post","link":"https:\/\/www.eventi-fiere.it\/blog\/calendario-fiere-in-italia-dal-12-10-2020-al-18-10-2020\/","title":{"rendered":"Calendario Fiere in Italia dal 12\/10\/2020 al 18\/10\/2020"},"content":{"rendered":"\n<p>Eccoci di nuovo qui, con il nostro appuntamento settimanale per scoprire insieme tutti gli eventi fieristici e le fiere pi\u00f9 importanti in italia dal 12 al 18 ottobre 2020. Come ogni settimana, il blog di Eventi e Fiere ti fornisce tutte le informazioni fondamentali per partecipare come espositore, visitare o semplicemente saperne di pi\u00f9 su tutte le maggiori fiere italiane di rilevanza nazionale e internazionale di questo periodo.<\/p>\n\n\n\n<h2><span class=\"ez-toc-section\" id=\"MAIN_EVENTS\"><\/span>MAIN EVENTS<span class=\"ez-toc-section-end\"><\/span><\/h2><div id=\"ez-toc-container\" class=\"ez-toc-v2_0_27 ez-toc-wrap-right counter-hierarchy\">\n<div class=\"ez-toc-title-container\">\n<p class=\"ez-toc-title\">Contenuti<\/p>\n<span class=\"ez-toc-title-toggle\"><\/span><\/div>\n<nav><ul class=\"ez-toc-list ez-toc-list-level-1\"><li class=\"ez-toc-page-1 ez-toc-heading-level-2\"><a class=\"ez-toc-link ez-toc-heading-1\" href=\"https:\/\/www.eventi-fiere.it\/blog\/calendario-fiere-in-italia-dal-12-10-2020-al-18-10-2020\/#MAIN_EVENTS\" title=\"MAIN EVENTS\">MAIN EVENTS<\/a><ul class=\"ez-toc-list-level-3\"><li class=\"ez-toc-heading-level-3\"><a class=\"ez-toc-link ez-toc-heading-2\" href=\"https:\/\/www.eventi-fiere.it\/blog\/calendario-fiere-in-italia-dal-12-10-2020-al-18-10-2020\/#TTG_Travel_Experience\" title=\"TTG Travel Experience\">TTG Travel Experience<\/a><\/li><li class=\"ez-toc-page-1 ez-toc-heading-level-3\"><a class=\"ez-toc-link ez-toc-heading-3\" href=\"https:\/\/www.eventi-fiere.it\/blog\/calendario-fiere-in-italia-dal-12-10-2020-al-18-10-2020\/#SUN\" title=\"SUN\">SUN<\/a><\/li><li class=\"ez-toc-page-1 ez-toc-heading-level-3\"><a class=\"ez-toc-link ez-toc-heading-4\" href=\"https:\/\/www.eventi-fiere.it\/blog\/calendario-fiere-in-italia-dal-12-10-2020-al-18-10-2020\/#BIMU\" title=\"BIMU\">BIMU<\/a><\/li><li class=\"ez-toc-page-1 ez-toc-heading-level-3\"><a class=\"ez-toc-link ez-toc-heading-5\" href=\"https:\/\/www.eventi-fiere.it\/blog\/calendario-fiere-in-italia-dal-12-10-2020-al-18-10-2020\/#MIAC\" title=\"MIAC\">MIAC<\/a><\/li><li class=\"ez-toc-page-1 ez-toc-heading-level-3\"><a class=\"ez-toc-link ez-toc-heading-6\" href=\"https:\/\/www.eventi-fiere.it\/blog\/calendario-fiere-in-italia-dal-12-10-2020-al-18-10-2020\/#Saie\" title=\"Saie\">Saie<\/a><\/li><\/ul><\/li><li class=\"ez-toc-page-1 ez-toc-heading-level-2\"><a class=\"ez-toc-link ez-toc-heading-7\" href=\"https:\/\/www.eventi-fiere.it\/blog\/calendario-fiere-in-italia-dal-12-10-2020-al-18-10-2020\/#ALTRE_FIERE\" title=\"ALTRE FIERE\">ALTRE FIERE<\/a><ul class=\"ez-toc-list-level-3\"><li class=\"ez-toc-heading-level-3\"><a class=\"ez-toc-link ez-toc-heading-8\" href=\"https:\/\/www.eventi-fiere.it\/blog\/calendario-fiere-in-italia-dal-12-10-2020-al-18-10-2020\/#Salone_dellArte_e_del_Restauro_di_Firenze\" title=\"Salone dell&#8217;Arte e del Restauro di Firenze\">Salone dell&#8217;Arte e del Restauro di Firenze<\/a><\/li><li class=\"ez-toc-page-1 ez-toc-heading-level-3\"><a class=\"ez-toc-link ez-toc-heading-9\" href=\"https:\/\/www.eventi-fiere.it\/blog\/calendario-fiere-in-italia-dal-12-10-2020-al-18-10-2020\/#Abilmente_Autunno\" title=\"Abilmente Autunno\">Abilmente Autunno<\/a><\/li><\/ul><\/li><\/ul><\/nav><\/div>\n\n\n\n\n<h3><span class=\"ez-toc-section\" id=\"TTG_Travel_Experience\"><\/span><a href=\"https:\/\/www.eventi-fiere.it\/fiere\/ttg-travel-experience\/\" target=\"_blank\" rel=\"noreferrer noopener\">TTG Travel Experience<\/a><span class=\"ez-toc-section-end\"><\/span><\/h3>\n\n\n\n<p>Questa \u00e8 la maggiore fiera sul territorio nazionale per la promozione del turismo globale da e verso l\u2019Italia. Evento del tutto b2b, si svolge presso il Quartiere Fieristico di Rimini e coinvolge i maggiori operatori del turismo di tutto il mondo. Qui si riuniscono agenzie di viaggi e tour operator, compagnie aeree e di trasporti, enti turistici, aziende di servizi per il turismo e di tecnologia e innovazione relative a questo settore. TTG fa parte dell\u2019 Italian Marketplace for Travel and Hospitality, creato da Italian Exhibition Group S.p.A., per unire in un evento unico le tre pi\u00f9 importanti manifestazioni del settore turismo in italia: TTG Travel Experience, SIA Hospitality Design e SUN Beach&amp;Outdoor Style.<\/p>\n\n\n\n<ul><li><strong>Data<\/strong>: dal 14\/10\/2020 al 16\/10\/2020<\/li><li><strong>Dove<\/strong>: Quartiere Fieristico di Rimini<\/li><li><strong style=\"font-size: 1.0625rem\">Orario<\/strong><span style=\"font-size: 1.0625rem\">: <\/span>il 14 e 15 ottobre dalle 10:00 alle 18:00, il 16 ottobre dalle 10:00 alle 17:00<\/li><li><strong style=\"font-size: 1.0625rem\">Biglietti<\/strong><span style=\"font-size: 1.0625rem\">: <\/span>Gratuito tramite registrazione, ingresso riservato agli operatori del settore<\/li><li><strong>Altre info<\/strong>: <a href=\"https:\/\/www.ttgexpo.it\/\" target=\"_blank\" rel=\"noreferrer noopener\">TTG Travel Experience<\/a><\/li><\/ul>\n\n\n\n<h3><span class=\"ez-toc-section\" id=\"SUN\"><\/span><a href=\"https:\/\/www.eventi-fiere.it\/fiere\/sun\/\" target=\"_blank\" rel=\"noreferrer noopener\">SUN<\/a><span class=\"ez-toc-section-end\"><\/span><\/h3>\n\n\n\n<p>La fiera di riferimento a livello internazionale per il mondo dell&#8217;outdoor, dei campeggi, degli stabilimenti balneari in un salone completo di tutti i prodotti, i progetti e le novit\u00e0 per tutto ci\u00f2 che concerne il vivere all&#8217;aria aperta. SUN \u00e8 un punto di incontro fra progettisti, aziende produttrici e operatori del settore.<\/p>\n\n\n\n<ul><li><strong>Data<\/strong>: dal 14\/10\/2020 al 16\/10\/2020<\/li><li><strong>Dove<\/strong>: Quartiere Fieristico di Rimini<\/li><li><strong>Orario<\/strong>: il 14 e 15 ottobre dalle 10:00 alle 18:00, il 16 ottobre dalle 10:00 alle 17:00<\/li><li><strong>Biglietti<\/strong>: Gratuito tramite registrazione, ingresso riservato agli operatori del settore<\/li><li><strong>Altre info<\/strong>: <a href=\"https:\/\/www.sunexpo.it\/\" target=\"_blank\" rel=\"noreferrer noopener\">SUN<\/a><\/li><\/ul>\n\n\n\n<h3><span class=\"ez-toc-section\" id=\"BIMU\"><\/span><a href=\"https:\/\/www.eventi-fiere.it\/fiere\/bimu\/\" target=\"_blank\" rel=\"noreferrer noopener\">BIMU<\/a><span class=\"ez-toc-section-end\"><\/span><\/h3>\n\n\n\n<p>Questa fiera \u00e8 un punto di riferimento internazionale nel panorama delle macchine utensili, settore in cui l&#8217;Italia \u00e8 leader da decenni. Punto d&#8217;incontro per tutte quelle aziende produttrici o distributrici di macchine utensili, robot, sistemi di produzione e le relative tecnologie, Bimu \u00e8 il luogo d&#8217;incontro perfetto per creativit\u00e0, tecnologia e business.<\/p>\n\n\n\n<ul><li><strong>Data<\/strong>: dal 14\/10\/2020 al 17\/10\/2020<\/li><li><strong>Dove<\/strong>: Fieramilano Rho<\/li><li><strong>Orario<\/strong>: 09:00 &#8211; 17:00<\/li><li><strong>Biglietti<\/strong>: Gratis per gli operatori del settore, tramite registrazione al sito<\/li><li><strong>Altre info<\/strong>: <a href=\"http:\/\/www.bimu.it\/visita\/\" target=\"_blank\" rel=\"noreferrer noopener\">BIMU<\/a><\/li><\/ul>\n\n\n\n<h3><span class=\"ez-toc-section\" id=\"MIAC\"><\/span><a href=\"https:\/\/www.eventi-fiere.it\/fiere\/miac\/\" target=\"_blank\" rel=\"noreferrer noopener\">MIAC<\/a><span class=\"ez-toc-section-end\"><\/span><\/h3>\n\n\n\n<p>Questa \u00e8 la manifestazione ufficiale di Assocarta e di Confindustria Lucca. Nello specifico, Assocarta \u00e8 l\u2019Associazione di categoria che rappresenta le aziende che producono in Italia carta, cartoni e paste per carta. Questa fiera \u00e8 l&#8217;evento fondamentale a livello internazionale per le tecnologie e le attrezzature del settore cartario, ed \u00e8 punto di riferimento di alta qualit\u00e0 per tutto il settore grazie anche alla costante partecipazione delle aziende leader di settore. Presso Miac vengono messe in mostra le ultime novit\u00e0 del settore: macchine, impianti e soluzioni d\u2019avanguardia per gestire al meglio le varie fasi del ciclo produttivo e di trasformazione della carta e del cartone.<\/p>\n\n\n\n<ul><li><strong>Data<\/strong>: dal 14\/10\/2020 al 16\/10\/2020<\/li><li><strong>Dove<\/strong>: Lucca<\/li><li><strong>Orario<\/strong>: dalle 09:00 alle 18:00<\/li><li><strong>Biglietti<\/strong>: Ingresso gratuito, riservato agli operatori del settore<\/li><li><strong>Altre info<\/strong>: <a href=\"https:\/\/www.miac.info\/\" target=\"_blank\" rel=\"noreferrer noopener\">Miac<\/a><\/li><\/ul>\n\n\n\n<h3><span class=\"ez-toc-section\" id=\"Saie\"><\/span><a href=\"https:\/\/www.eventi-fiere.it\/fiere\/saie\/\" target=\"_blank\" rel=\"noreferrer noopener\">Saie<\/a><span class=\"ez-toc-section-end\"><\/span><\/h3>\n\n\n\n<p>Eccoci qui, con l&#8217;appuntamento fieristico annuale del settore edile: Saie. Questa fiera raccoglie espositori e visitatori da tutto il mondo e vanta una superficie espositiva vastissima. Funge inoltre da punto di riferimento per un pubblico specializzato, costituito in prevalenza da progettisti ed imprese di produzione, oltre che da rivenditori. Presso Saie potrai partecipare a convegni, eventi formativi e seminari tenuti dai principali attori del mercato edile e dei vari centri di ricerca e progettazione internazionali del settore.<\/p>\n\n\n\n<ul><li><strong>Data<\/strong>: dal 14 al 17 ottobre 2020<\/li><li><strong>Dove<\/strong>: Quartiere Fieristico Bologna Fiere<\/li><li><strong>Orario<\/strong>: dalle 10:00 alle 19:00<\/li><li><strong>Biglietti<\/strong>: ingresso gratuito per gli operatori del settore, previa registrazione<\/li><li><strong>Altre info<\/strong>: <a href=\"https:\/\/www.saiebologna.it\/it\/\" target=\"_blank\" rel=\"noreferrer noopener\">Saie<\/a><\/li><\/ul>\n\n\n\n<h2><span class=\"ez-toc-section\" id=\"ALTRE_FIERE\"><\/span>ALTRE FIERE<span class=\"ez-toc-section-end\"><\/span><\/h2>\n\n\n\n<h3><span class=\"ez-toc-section\" id=\"Salone_dellArte_e_del_Restauro_di_Firenze\"><\/span><a rel=\"noreferrer noopener\" href=\"https:\/\/www.eventi-fiere.it\/fiere\/salone-dellarte-e-del-restauro\/\" target=\"_blank\">Salone dell&#8217;Arte e del Restauro di Firenze<\/a><span class=\"ez-toc-section-end\"><\/span><\/h3>\n\n\n\n<p>Questa fiera \u00e8 una vetrina sulla cultura, sull&#8217;arte e in particolare sui musei, la loro gestione, i servizi e i prodotti da essi offerti. L&#8217;edizione di quest&#8217;anno \u00e8 totalmente online, per portare il mondo dell&#8217;arte nella contemporaneit\u00e0 e per far fronte in totale sicurezza alle sfide poste dall&#8217;emergenza Coronavirus.<\/p>\n\n\n\n<ul><li><strong>Data<\/strong>: dal 14\/10\/2020 al 16\/10\/2020<\/li><li><strong>Dove<\/strong>: evento online<\/li><li><strong>Orario<\/strong>: dalle ore 09:00 alle ore 18:00<\/li><li><strong>Biglietti<\/strong>: gratuito previa registrazione <\/li><li><strong>Altre info<\/strong>: <a href=\"https:\/\/www.salonerestaurofirenze.com\/restauro\/2020\/\" target=\"_blank\" rel=\"noreferrer noopener\">Salone dell&#8217;Arte e del Restauro di Firenze<\/a><\/li><\/ul>\n\n\n\n<h3><span class=\"ez-toc-section\" id=\"Abilmente_Autunno\"><\/span><a href=\"https:\/\/www.eventi-fiere.it\/fiere\/abilmente-autunno\/\" target=\"_blank\" rel=\"noreferrer noopener\">Abilmente Autunno<\/a><span class=\"ez-toc-section-end\"><\/span><\/h3>\n\n\n\n<p>Questa \u00e8 la fiera internazionale delle idee creative a Vicenza, in cui hobby e passioni fai-da-te prendono forma con progetti, aree demo, workshop, corsi, live show, e tanto altro. Presso Abilmente Autunno potrai sviluppare la tua creativit\u00e0 in vari ambiti: cucito, calligrafia, pittura, riciclo creativo, maglia, ricamo e uncinetto, decoro d\u2019interni, patchwork, e non solo! Qui troverai i corsi pi\u00f9 svariati e potrai addirittura imparare a gestire il tuo business creativo sul web tramite un corso dedicato.<\/p>\n\n\n\n<ul><li><strong>Data<\/strong>: dal 14 al 18 ottobre 2020<\/li><li><strong>Dove<\/strong>: Fiera di Vicenza<\/li><li><strong>Orario<\/strong>: dalle ore 09:00 alle ore 19:00<\/li><li><strong>Biglietti<\/strong>: i biglietti si possono acquistare online previa registrazione tramite il sito<\/li><li><strong>Altre info<\/strong>: <a href=\"https:\/\/www.abilmente.org\/it\/vicenza\" target=\"_blank\" rel=\"noreferrer noopener\">Abilmente Autunno<\/a><\/li><\/ul>\n","protected":false},"excerpt":{"rendered":"<p>Eccoci di nuovo qui, con il nostro appuntamento settimanale per scoprire insieme tutti gli eventi fieristici e le fiere pi\u00f9 importanti in italia dal 12 al 18 ottobre 2020. Come<\/p>\n","protected":false},"author":31,"featured_media":14571,"comment_status":"closed","ping_status":"closed","sticky":false,"template":"","format":"standard","meta":[],"categories":[1,33],"tags":[5357,17238,7012],"yst_prominent_words":[18520,18522,18517,18523,18525,18524,18528,18516,18515,18529,284,18518,18514,18521,18519,17720,18530,3664,18534,18509],"_links":{"self":[{"href":"https:\/\/www.eventi-fiere.it\/blog\/wp-json\/wp\/v2\/posts\/15364"}],"collection":[{"href":"https:\/\/www.eventi-fiere.it\/blog\/wp-json\/wp\/v2\/posts"}],"about":[{"href":"https:\/\/www.eventi-fiere.it\/blog\/wp-json\/wp\/v2\/types\/post"}],"author":[{"embeddable":true,"href":"https:\/\/www.eventi-fiere.it\/blog\/wp-json\/wp\/v2\/users\/31"}],"replies":[{"embeddable":true,"href":"https:\/\/www.eventi-fiere.it\/blog\/wp-json\/wp\/v2\/comments?post=15364"}],"version-history":[{"count":2,"href":"https:\/\/www.eventi-fiere.it\/blog\/wp-json\/wp\/v2\/posts\/15364\/revisions"}],"predecessor-version":[{"id":15366,"href":"https:\/\/www.eventi-fiere.it\/blog\/wp-json\/wp\/v2\/posts\/15364\/revisions\/15366"}],"wp:featuredmedia":[{"embeddable":true,"href":"https:\/\/www.eventi-fiere.it\/blog\/wp-json\/wp\/v2\/media\/14571"}],"wp:attachment":[{"href":"https:\/\/www.eventi-fiere.it\/blog\/wp-json\/wp\/v2\/media?parent=15364"}],"wp:term":[{"taxonomy":"category","embeddable":true,"href":"https:\/\/www.eventi-fiere.it\/blog\/wp-json\/wp\/v2\/categories?post=15364"},{"taxonomy":"post_tag","embeddable":true,"href":"https:\/\/www.eventi-fiere.it\/blog\/wp-json\/wp\/v2\/tags?post=15364"},{"taxonomy":"yst_prominent_words","embeddable":true,"href":"https:\/\/www.eventi-fiere.it\/blog\/wp-json\/wp\/v2\/yst_prominent_words?post=15364"}],"curies":[{"name":"wp","href":"https:\/\/api.w.org\/{rel}","templated":true}]}}