{"id":14299,"date":"2020-02-04T17:30:00","date_gmt":"2020-02-04T16:30:00","guid":{"rendered":"https:\/\/www.eventi-fiere.it\/blog\/?p=14299"},"modified":"2020-02-04T13:30:23","modified_gmt":"2020-02-04T12:30:23","slug":"calendario-fiere-in-italia-dal-16-03-2020-al-22-03-2020","status":"publish","type":"post","link":"https:\/\/www.eventi-fiere.it\/blog\/calendario-fiere-in-italia-dal-16-03-2020-al-22-03-2020\/","title":{"rendered":"CALENDARIO FIERE IN ITALIA DAL 16\/03\/2020 AL 22\/03\/2020"},"content":{"rendered":"\n<p>Mettetevi comodi e prendete appunti. Ecco di seguito il calendario con tutte le fiere in Italia dal 16\/03\/2020 al 22\/03\/2020.<\/p>\n\n\n\n<h2><span class=\"ez-toc-section\" id=\"Main_Events\"><\/span><strong>Main Events<\/strong><span class=\"ez-toc-section-end\"><\/span><\/h2><div id=\"ez-toc-container\" class=\"ez-toc-v2_0_27 ez-toc-wrap-right counter-hierarchy\">\n<div class=\"ez-toc-title-container\">\n<p class=\"ez-toc-title\">Contenuti<\/p>\n<span class=\"ez-toc-title-toggle\"><\/span><\/div>\n<nav><ul class=\"ez-toc-list ez-toc-list-level-1\"><li class=\"ez-toc-page-1 ez-toc-heading-level-2\"><a class=\"ez-toc-link ez-toc-heading-1\" href=\"https:\/\/www.eventi-fiere.it\/blog\/calendario-fiere-in-italia-dal-16-03-2020-al-22-03-2020\/#Main_Events\" title=\"Main Events\">Main Events<\/a><ul class=\"ez-toc-list-level-3\"><li class=\"ez-toc-heading-level-3\"><a class=\"ez-toc-link ez-toc-heading-2\" href=\"https:\/\/www.eventi-fiere.it\/blog\/calendario-fiere-in-italia-dal-16-03-2020-al-22-03-2020\/#BIE_BIOMASS_INNOVATION_EXPO\" title=\"BIE BIOMASS INNOVATION EXPO\">BIE BIOMASS INNOVATION EXPO<\/a><\/li><li class=\"ez-toc-page-1 ez-toc-heading-level-3\"><a class=\"ez-toc-link ez-toc-heading-3\" href=\"https:\/\/www.eventi-fiere.it\/blog\/calendario-fiere-in-italia-dal-16-03-2020-al-22-03-2020\/#MCE\" title=\"MCE\">MCE<\/a><\/li><li class=\"ez-toc-page-1 ez-toc-heading-level-3\"><a class=\"ez-toc-link ez-toc-heading-4\" href=\"https:\/\/www.eventi-fiere.it\/blog\/calendario-fiere-in-italia-dal-16-03-2020-al-22-03-2020\/#GREEN_LOGISTICS_EXPO\" title=\"GREEN LOGISTICS EXPO&nbsp;\">GREEN LOGISTICS EXPO&nbsp;<\/a><\/li><li class=\"ez-toc-page-1 ez-toc-heading-level-3\"><a class=\"ez-toc-link ez-toc-heading-5\" href=\"https:\/\/www.eventi-fiere.it\/blog\/calendario-fiere-in-italia-dal-16-03-2020-al-22-03-2020\/#MIA_PHOTO_FAIR\" title=\"MIA PHOTO FAIR\">MIA PHOTO FAIR<\/a><\/li><li class=\"ez-toc-page-1 ez-toc-heading-level-3\"><a class=\"ez-toc-link ez-toc-heading-6\" href=\"https:\/\/www.eventi-fiere.it\/blog\/calendario-fiere-in-italia-dal-16-03-2020-al-22-03-2020\/#COSMODONNA\" title=\"COSMODONNA\">COSMODONNA<\/a><\/li><li class=\"ez-toc-page-1 ez-toc-heading-level-3\"><a class=\"ez-toc-link ez-toc-heading-7\" href=\"https:\/\/www.eventi-fiere.it\/blog\/calendario-fiere-in-italia-dal-16-03-2020-al-22-03-2020\/#B_MOTOR_SHOW\" title=\"B MOTOR SHOW\">B MOTOR SHOW<\/a><\/li><li class=\"ez-toc-page-1 ez-toc-heading-level-3\"><a class=\"ez-toc-link ez-toc-heading-8\" href=\"https:\/\/www.eventi-fiere.it\/blog\/calendario-fiere-in-italia-dal-16-03-2020-al-22-03-2020\/#ANTIQUARIA\" title=\"ANTIQUARIA\">ANTIQUARIA<\/a><\/li><\/ul><\/li><li class=\"ez-toc-page-1 ez-toc-heading-level-2\"><a class=\"ez-toc-link ez-toc-heading-9\" href=\"https:\/\/www.eventi-fiere.it\/blog\/calendario-fiere-in-italia-dal-16-03-2020-al-22-03-2020\/#ALTRE_FIERE\" title=\"ALTRE FIERE\">ALTRE FIERE<\/a><ul class=\"ez-toc-list-level-3\"><li class=\"ez-toc-heading-level-3\"><a class=\"ez-toc-link ez-toc-heading-10\" href=\"https:\/\/www.eventi-fiere.it\/blog\/calendario-fiere-in-italia-dal-16-03-2020-al-22-03-2020\/#ABILMENTE_PRIMAVERA\" title=\"ABILMENTE PRIMAVERA\">ABILMENTE PRIMAVERA<\/a><\/li><li class=\"ez-toc-page-1 ez-toc-heading-level-3\"><a class=\"ez-toc-link ez-toc-heading-11\" href=\"https:\/\/www.eventi-fiere.it\/blog\/calendario-fiere-in-italia-dal-16-03-2020-al-22-03-2020\/#GARDACON\" title=\"GARDACON\">GARDACON<\/a><\/li><li class=\"ez-toc-page-1 ez-toc-heading-level-3\"><a class=\"ez-toc-link ez-toc-heading-12\" href=\"https:\/\/www.eventi-fiere.it\/blog\/calendario-fiere-in-italia-dal-16-03-2020-al-22-03-2020\/#GATE_GUSTO\" title=\"G.A.T.E. &amp; GUSTO\">G.A.T.E. &amp; GUSTO<\/a><\/li><\/ul><\/li><\/ul><\/nav><\/div>\n\n\n\n\n<h3><span class=\"ez-toc-section\" id=\"BIE_BIOMASS_INNOVATION_EXPO\"><\/span><a href=\"https:\/\/www.bie-expo.it\" target=\"_blank\" rel=\"noreferrer noopener\" aria-label=\"BIE BIOMASS INNOVATION EXPO (si apre in una nuova scheda)\">BIE BIOMASS INNOVATION EXPO<\/a><span class=\"ez-toc-section-end\"><\/span><\/h3>\n\n\n\n<p>E\u2019 l&#8217;evento dedicato alle biomasse legnose impiegate per la produzione del riscaldamento. Al centro della scena l\u2019<strong>innovazione tecnologica<\/strong> sul fronte della qualit\u00e0 dell\u2019aria, del rendimento termico, del risparmio e del design.<\/p>\n\n\n\n<ul><li>Date: dal 17\/03\/2020 al 20\/03\/2020<\/li><li>Dove: Fiera di Milano Rho, Milano<\/li><li>Orario: dalle 9:00 alle 18.30<\/li><li>Biglietti: acquisto online della tessera d\u2019ingresso o preregistrazione online con perfezionamento dell\u2019acquisto in Fiera<\/li><li>Altre info: <a href=\"https:\/\/www.bie-expo.it\" target=\"_blank\" rel=\"noreferrer noopener\" aria-label=\"Bie Biomass Innovation Expo 2020 (si apre in una nuova scheda)\">Bie Biomass Innovation Expo 2020<\/a><\/li><\/ul>\n\n\n\n<h3><span class=\"ez-toc-section\" id=\"MCE\"><\/span><a href=\"https:\/\/www.mcexpocomfort.it\" target=\"_blank\" rel=\"noreferrer noopener\" aria-label=\" (si apre in una nuova scheda)\">MCE<\/a><span class=\"ez-toc-section-end\"><\/span><\/h3>\n\n\n\n<p>E\u2019 l\u2019acronimo di <strong>Mostra Convegno Expocomfort\/Expobagno<\/strong>, dove vengono presentate tutte le pi\u00f9 avanzate tecnologie create per migliorare il comfort abitativo.&nbsp;<br><\/p>\n\n\n\n<ul><li>Date: dal 17\/03\/2020 al 20\/03\/2020<\/li><li>Dove: Fiera di Milano, Milano<\/li><li>Orario: dalle 9:00 alle 18.30<\/li><li>Biglietti: acquisto online della tessera d\u2019ingresso o preregistrazione online con perfezionamento dell\u2019acquisto in Fiera<\/li><li>Altre info:&nbsp;<a href=\"https:\/\/www.eventi-fiere.it\/fiere\/mce\/\" target=\"_blank\" rel=\"noreferrer noopener\" aria-label=\"MCE 2020 (si apre in una nuova scheda)\">MCE 2020<\/a><\/li><\/ul>\n\n\n\n<h3><span class=\"ez-toc-section\" id=\"GREEN_LOGISTICS_EXPO\"><\/span><a href=\"https:\/\/greenlogisticsexpo.it\/?gclid=CjwKCAiAob3vBRAUEiwAIbs5TsYcHzYGtm149bDQ_E1O_SVFh26PJf5_M_C-Rxtg2ZGKuyh4L6T14xoCZn4QAvD_BwE\" target=\"_blank\" rel=\"noreferrer noopener\" aria-label=\" (si apre in una nuova scheda)\">GREEN LOGISTICS EXPO&nbsp;<\/a><span class=\"ez-toc-section-end\"><\/span><\/h3>\n\n\n\n<p>Il Salone Internazionale della <strong>logistica sostenibile<\/strong> \u00e8 un evento internazionale di business, marketing, cultura, approfondimento, esposizione e confronto sui temi pi\u00f9 avanzati della catena logistica e sulle sue interazioni con la sostenibilit\u00e0 ambientale, economica e sociale.<\/p>\n\n\n\n<ul><li>Date: dal 18\/03\/2020 al 20\/03\/2020<\/li><li>Dove: Padova Fiere, Padova<\/li><li>Orario: Mercoled\u00ec e gioved\u00ec dalle 9:00 alle 18:00. Venerd\u00ec dalle 9:00 alle 16:00<\/li><li>Biglietti: ingresso libero<\/li><li>Altre info:&nbsp;<a href=\"https:\/\/greenlogisticsexpo.it\/?gclid=CjwKCAiAob3vBRAUEiwAIbs5TsYcHzYGtm149bDQ_E1O_SVFh26PJf5_M_C-Rxtg2ZGKuyh4L6T14xoCZn4QAvD_BwE\" target=\"_blank\" rel=\"noreferrer noopener\" aria-label=\" (si apre in una nuova scheda)\">Green Logistics Expo 2020<\/a><\/li><\/ul>\n\n\n\n<h3><span class=\"ez-toc-section\" id=\"MIA_PHOTO_FAIR\"><\/span><a href=\"http:\/\/www.miafair.it\/milano\/\" target=\"_blank\" rel=\"noreferrer noopener\" aria-label=\" (si apre in una nuova scheda)\">MIA PHOTO FAIR<\/a><span class=\"ez-toc-section-end\"><\/span><\/h3>\n\n\n\n<p>E\u2019 la prima e pi\u00f9 importante fiera d\u2019arte dedicata alla <strong>fotografia<\/strong> e all\u2019<strong>immagine <\/strong>in movimento in Italia. Ha l\u2019obiettivo di evidenziare il ruolo trasversale della fotografia tra le forme d\u2019arte espressive.<br><\/p>\n\n\n\n<ul><li>Date: dal 19\/03\/2020 al 22\/03\/2020<\/li><li>Dove: The Mall &#8211; Porta Nuova Varesine, Milano<\/li><li>Orario: il 19 Marzo dalle 11.00 alle 21.00. Dal 20 al 22 Marzo dalle 11:00 alle 20:00<\/li><li>Biglietti: acquistabili online<\/li><li>Altre info: <a href=\"https:\/\/www.eventi-fiere.it\/fiere\/mia-fair\/\" target=\"_blank\" rel=\"noreferrer noopener\" aria-label=\"Mia Photo Fair 2020 (si apre in una nuova scheda)\">Mia Photo Fair 2020<\/a><\/li><\/ul>\n\n\n\n<h3><span class=\"ez-toc-section\" id=\"COSMODONNA\"><\/span><a href=\"https:\/\/www.cosmodonna.it\" target=\"_blank\" rel=\"noreferrer noopener\" aria-label=\" (si apre in una nuova scheda)\">COSMODONNA<\/a><span class=\"ez-toc-section-end\"><\/span><\/h3>\n\n\n\n<p>Si tratta di una fiera dedicata al <strong>mondo femminile<\/strong>. Rappresenta un\u2019occasione esclusiva per conoscere le novit\u00e0 del settore femminile, partecipare a eventi e incontri, scoprire nuovi prodotti legati al mondo della cosmesi, abbigliamento, accessori, mondo mamma.<br><\/p>\n\n\n\n<ul><li>Date: dal 20\/03\/2020 al 23\/03\/2020<\/li><li>Dove: Fiera di Brescia, Brixia Forum<\/li><li>Orario: Venerd\u00ec 20, sabato 21, domenica 22 marzo dalle 09:30 alle 19:30. Luned\u00ec 23 marzo dalle 09:30 alle 18:00<\/li><li>Biglietti: acquistabili online o direttamente in cassa durante la fiera<\/li><li>Altre info: <a href=\"https:\/\/www.cosmodonna.it\" target=\"_blank\" rel=\"noreferrer noopener\" aria-label=\" (si apre in una nuova scheda)\">Cosmodonna 2020<\/a><\/li><\/ul>\n\n\n\n<h3><span class=\"ez-toc-section\" id=\"B_MOTOR_SHOW\"><\/span><a href=\"http:\/\/www.bmotorshow.it\" target=\"_blank\" rel=\"noreferrer noopener\" aria-label=\" (si apre in una nuova scheda)\">B MOTOR SHOW<\/a><span class=\"ez-toc-section-end\"><\/span><\/h3>\n\n\n\n<p>BMS20 \u00e8 la quarantesima kermesse motoristica che si svolge a Lariofiere. Propone le principali novit\u00e0 del <strong>settore automotive<\/strong> con importanti anteprime, e pone l\u2019attenzione sui nuovi sistemi propulsivi e sulla tecnologia che unisce e semplifica il rapporto tra mezzo e guidatore.<br><\/p>\n\n\n\n<ul><li>Date: dal 21\/03\/2020 al 22\/03\/2020<\/li><li>Dove: Lariofiere di Erba, Como<\/li><li>Orario: dalle 10:00 alle 20:00<\/li><li>Biglietti: Ingresso intero \u20ac 10,00. Ingresso ridotto \u20ac 8,00<\/li><li>Altre info: <a rel=\"noreferrer noopener\" aria-label=\"B Motor Show 2020 (si apre in una nuova scheda)\" href=\"http:\/\/www.bmotorshow.it\" target=\"_blank\">B Motor Show 2020<\/a><\/li><\/ul>\n\n\n\n<h3><span class=\"ez-toc-section\" id=\"ANTIQUARIA\"><\/span><a href=\"https:\/\/www.antiquariapadova.com\" target=\"_blank\" rel=\"noreferrer noopener\" aria-label=\"ANTIQUARIA (si apre in una nuova scheda)\">ANTIQUARIA<\/a><span class=\"ez-toc-section-end\"><\/span><\/h3>\n\n\n\n<p>Si tratta della mostra <strong>mercato d\u2019Arte e Antiquariato<\/strong>, appuntamento imperdibile per tutti i collezionisti e gli appassionati. L\u2019esposizione ad Antiquaria \u00e8 offerta da alcuni dei migliori collezionisti italiani ed ha risonanza sull\u2019intero territorio nazionale. L\u2019ampia vetrina espositiva comprende mobili, ma anche quadri, gioielli, arazzi, preziose porcellane, lampade stile Dec\u00f2 e Liberty, sculture, libri rari ed originali, oltre ad oggetti di vario genere.<br><\/p>\n\n\n\n<ul><li>Date: dal 21\/03\/2020 al 25\/03\/2020<\/li><li>Dove: Quartiere Fieristico di Padova, PAD. 1<\/li><li>Orario: sabato e domenica dalle 10:00 alle 20:00. Feriali dalle 15:00 alle 20:00<\/li><li>Biglietti: Biglietto intero: \u20ac 8,00. Biglietto ridotto: \u20ac 4,00<\/li><li>Altre info:&nbsp;<a href=\"https:\/\/www.antiquariapadova.com\" target=\"_blank\" rel=\"noreferrer noopener\" aria-label=\"Antiquaria 2020 (si apre in una nuova scheda)\">Antiquaria 2020<\/a><\/li><\/ul>\n\n\n\n<h2><span class=\"ez-toc-section\" id=\"ALTRE_FIERE\"><\/span>ALTRE FIERE<span class=\"ez-toc-section-end\"><\/span><\/h2>\n\n\n\n<h3><span class=\"ez-toc-section\" id=\"ABILMENTE_PRIMAVERA\"><\/span><a href=\"https:\/\/www.abilmente.org\/it\/vicenza\" target=\"_blank\" rel=\"noreferrer noopener\" aria-label=\" (si apre in una nuova scheda)\">ABILMENTE PRIMAVERA<\/a><span class=\"ez-toc-section-end\"><\/span><\/h3>\n\n\n\n<p>Appuntamento fisso nel calendario delle <strong>community creativ<\/strong>e italiane, si configura come l\u2019appuntamento pi\u00f9 completo e coinvolgente per gli amanti del <strong>fai-da-te<\/strong> in Italia.<br><\/p>\n\n\n\n<ul><li>Date: dal 19\/03\/2020 al 22\/03\/2020<\/li><li>Dove: Italian Exhibition Group &#8211; Quartiere Fieristico di Vicenza, Vicenza<\/li><li>Orario: dalle 9:30 alle 19:00<\/li><li>Biglietti: biglietto acquistabile in Fiera fino alle 18:00<\/li><li>Altre info: <a href=\"https:\/\/www.eventi-fiere.it\/fiere\/abilmente\/\" target=\"_blank\" rel=\"noreferrer noopener\" aria-label=\"Abilmente Primavera 2020 (si apre in una nuova scheda)\">Abilmente Primavera 2020<\/a><\/li><\/ul>\n\n\n\n<h3><span class=\"ez-toc-section\" id=\"GARDACON\"><\/span><a href=\"https:\/\/gardacon.it\" target=\"_blank\" rel=\"noreferrer noopener\" aria-label=\" (si apre in una nuova scheda)\">GARDACON<\/a><span class=\"ez-toc-section-end\"><\/span><\/h3>\n\n\n\n<p>E\u2019 la fiera del <strong>fumetto<\/strong>, del <strong>videogioco<\/strong>, dei social media e della <strong>cultura pop<\/strong>: numerose postazioni videogiochi, aree di retrogaming, spettacoli, gare di cosplay e aree interattive.<\/p>\n\n\n\n<ul><li>Date: dal 21\/03\/2020 al 22\/03\/2020<\/li><li>Dove: Centro Fiera del Garda<\/li><li>Orario: dalle 10:00 alle 19:00<\/li><li>Biglietti: Vendita online durante i giorni di fiera oppure direttamente alla cassa<\/li><li>Altre info: <a href=\"https:\/\/gardacon.it\" target=\"_blank\" rel=\"noreferrer noopener\" aria-label=\" (si apre in una nuova scheda)\">Gardacon 2020<\/a><\/li><\/ul>\n\n\n\n<h3><span class=\"ez-toc-section\" id=\"GATE_GUSTO\"><\/span><a href=\"https:\/\/www.fieragate.it\/it\/\" target=\"_blank\" rel=\"noreferrer noopener\" aria-label=\"G.A.T.E. &amp; GUSTO (si apre in una nuova scheda)\">G.A.T.E. &amp; GUSTO<\/a><span class=\"ez-toc-section-end\"><\/span><\/h3>\n\n\n\n<p>Fiera nazionale specializzata&nbsp;per il mondo della&nbsp;pizzeria, ristorazione, pasticceria e il settore alberghiero&nbsp;in tutte le forme di espressione. Espongono i produttori e i distributori&nbsp;di attrezzature e tecnologie, arredamenti, materie prime alimentari, che compongono l&#8217;intera filiera, provenienti da tutta Italia. Si svolgeranno&nbsp;concorsi, corsi e show cooking.<\/p>\n\n\n\n<ul><li>Date: dal 22\/03\/2020 al 24\/03\/2020<\/li><li>Dove: Ente Fiere di Foggia, Foggia<\/li><li>Orario: dalle 9:00 alle 19:00<\/li><li>Altre info: <a href=\"https:\/\/www.fieragate.it\/it\/\" target=\"_blank\" rel=\"noreferrer noopener\" aria-label=\"G.A.T.E. &amp; GUSTO 2020 (si apre in una nuova scheda)\">G.A.T.E. &amp; GUSTO 2020<\/a><\/li><\/ul>\n","protected":false},"excerpt":{"rendered":"<p>Mettetevi comodi e prendete appunti. Ecco di seguito il calendario con tutte le fiere in Italia dal 16\/03\/2020 al 22\/03\/2020. Main Events BIE BIOMASS INNOVATION EXPO E\u2019 l&#8217;evento dedicato alle<\/p>\n","protected":false},"author":79,"featured_media":0,"comment_status":"closed","ping_status":"closed","sticky":false,"template":"","format":"standard","meta":[],"categories":[129,1],"tags":[235,5357,17238],"yst_prominent_words":[17262,17257,17251,17250,17256,17252,17265,17260,17274,17276,17275,17267,17263,14060,17261,17268,17266,17259,17264,17258],"_links":{"self":[{"href":"https:\/\/www.eventi-fiere.it\/blog\/wp-json\/wp\/v2\/posts\/14299"}],"collection":[{"href":"https:\/\/www.eventi-fiere.it\/blog\/wp-json\/wp\/v2\/posts"}],"about":[{"href":"https:\/\/www.eventi-fiere.it\/blog\/wp-json\/wp\/v2\/types\/post"}],"author":[{"embeddable":true,"href":"https:\/\/www.eventi-fiere.it\/blog\/wp-json\/wp\/v2\/users\/79"}],"replies":[{"embeddable":true,"href":"https:\/\/www.eventi-fiere.it\/blog\/wp-json\/wp\/v2\/comments?post=14299"}],"version-history":[{"count":12,"href":"https:\/\/www.eventi-fiere.it\/blog\/wp-json\/wp\/v2\/posts\/14299\/revisions"}],"predecessor-version":[{"id":14868,"href":"https:\/\/www.eventi-fiere.it\/blog\/wp-json\/wp\/v2\/posts\/14299\/revisions\/14868"}],"wp:attachment":[{"href":"https:\/\/www.eventi-fiere.it\/blog\/wp-json\/wp\/v2\/media?parent=14299"}],"wp:term":[{"taxonomy":"category","embeddable":true,"href":"https:\/\/www.eventi-fiere.it\/blog\/wp-json\/wp\/v2\/categories?post=14299"},{"taxonomy":"post_tag","embeddable":true,"href":"https:\/\/www.eventi-fiere.it\/blog\/wp-json\/wp\/v2\/tags?post=14299"},{"taxonomy":"yst_prominent_words","embeddable":true,"href":"https:\/\/www.eventi-fiere.it\/blog\/wp-json\/wp\/v2\/yst_prominent_words?post=14299"}],"curies":[{"name":"wp","href":"https:\/\/api.w.org\/{rel}","templated":true}]}}