{"id":1396,"date":"2018-04-19T17:56:48","date_gmt":"2018-04-19T15:56:48","guid":{"rendered":"https:\/\/www.eventi-fiere.it\/blog\/?p=1396"},"modified":"2019-02-21T14:53:15","modified_gmt":"2019-02-21T13:53:15","slug":"comunicazione-marketing-workshop","status":"publish","type":"post","link":"https:\/\/www.eventi-fiere.it\/blog\/comunicazione-marketing-workshop\/","title":{"rendered":"Comunicazione marketing per un workshop: Public Speaking"},"content":{"rendered":"<p>Ben ritrovati sul nostro blog cari lettori! Oggi torniamo sul tema <strong>workshop,&nbsp;<\/strong>ma in chiave differente. Abbiamo gi\u00e0 parlato di come organizzarlo e si \u00e8 fatto il tempo di toccare con mano l&#8217;argomento <strong>comunicazione marketing.<\/strong><\/p>\n<p>In particolar modo, vorremmo darvi qualche piccolo (ma fondamentale suggerimento) per non far addormentare i vostri studenti. O, peggio ancora, vederli nascondere molto poco discretamente lo smartphone dietro le vostre dispense. S\u00ec, proprio quelle che vi siete cos\u00ec impegnati a fare e che vi hanno portato via tanto tempo.<\/p>\n<p><strong>Alzi la mano a chi non \u00e8 mai capitato (in tal caso: mentite!) di perdere la concentrazione dopo pochi minuti dall&#8217;inizio del workshop. E di cercare disperatamente un modo per ammazzare il tempo.<\/strong> Io, personalmente, i migliori acquisti online li ho fatti proprio quando avrei dovuto focalizzarmi sulla lezione. Per noia, non per altro.<\/p>\n<p>Questo non significa che il docente, il manager, il relatore o chi per lui, non abbia le competenze per pretendere di insegnare ad altri il suo sapere.<\/p>\n<p>Anzi, nessuno mette in dubbio che abbiano in testa i migliori contenuti e le migliori intenzioni. <strong>Certo \u00e8 che non tutti sono dotati di magistrali capacit\u00e0 oratorie e, quasi nessuno, ritiene cos\u00ec rilevante il <em>public speaking<\/em> da allenarlo.&nbsp;<\/strong>S\u00ec, il public speaking va allenato proprio come un qualsiasi altro muscolo. E un&#8217;<a href=\"https:\/\/www.eventi-fiere.it\/servizi\/agenzie-di-comunicazione\/\" target=\"_blank\" rel=\"noopener\"><strong>agenzia di comunicazione<\/strong> <\/a>che sappia istruirvi in tal senso \u00e8 la palestra migliore. Allenarsi da casa, si sa, non ha gli stessi effetti della sala pesi, no?!<\/p>\n<p>Prima di passare a darvi qualche regola di comunicazione marketing, public speaking e quanto altro mi verr\u00e0 in mente (per me scrivere \u00e8 un flusso, non ce la faccio a restare sui binari. Mi sembra sempre di parlare con un&#8217;amico davanti a un caff\u00e8!) una piccola premessa.&nbsp;<strong><span class=\"s1\">La paura di parlare in pubblico durante una lezione, un workshop o una presentazione aziendale di nuovi prodotti colpisce indistintamente manager, imprenditori, studenti e professori.&nbsp;<\/span><\/strong><span class=\"s1\">Perch\u00e9?! Scopriamolo!<\/span><\/p>\n<h2><span class=\"ez-toc-section\" id=\"Comunicazione_marketing_la_paura_di_parlare_in_pubblico\"><\/span>Comunicazione marketing: la paura di parlare in pubblico<span class=\"ez-toc-section-end\"><\/span><\/h2><div id=\"ez-toc-container\" class=\"ez-toc-v2_0_27 ez-toc-wrap-right counter-hierarchy\">\n<div class=\"ez-toc-title-container\">\n<p class=\"ez-toc-title\">Contenuti<\/p>\n<span class=\"ez-toc-title-toggle\"><\/span><\/div>\n<nav><ul class=\"ez-toc-list ez-toc-list-level-1\"><li class=\"ez-toc-page-1 ez-toc-heading-level-2\"><a class=\"ez-toc-link ez-toc-heading-1\" href=\"https:\/\/www.eventi-fiere.it\/blog\/comunicazione-marketing-workshop\/#Comunicazione_marketing_la_paura_di_parlare_in_pubblico\" title=\"Comunicazione marketing: la paura di parlare in pubblico\">Comunicazione marketing: la paura di parlare in pubblico<\/a><ul class=\"ez-toc-list-level-3\"><li class=\"ez-toc-heading-level-3\"><a class=\"ez-toc-link ez-toc-heading-2\" href=\"https:\/\/www.eventi-fiere.it\/blog\/comunicazione-marketing-workshop\/#Cosa_fare_quindi\" title=\"Cosa fare, quindi?!\">Cosa fare, quindi?!<\/a><\/li><li class=\"ez-toc-page-1 ez-toc-heading-level-3\"><a class=\"ez-toc-link ez-toc-heading-3\" href=\"https:\/\/www.eventi-fiere.it\/blog\/comunicazione-marketing-workshop\/#1_Occorre_prepararsi_in_modo_adeguato\" title=\"1) Occorre prepararsi in modo adeguato\">1) Occorre prepararsi in modo adeguato<\/a><\/li><li class=\"ez-toc-page-1 ez-toc-heading-level-3\"><a class=\"ez-toc-link ez-toc-heading-4\" href=\"https:\/\/www.eventi-fiere.it\/blog\/comunicazione-marketing-workshop\/#2_Osservare_le_reazioni_del_pubblico\" title=\"2) Osservare le reazioni del pubblico\">2) Osservare le reazioni del pubblico<\/a><\/li><li class=\"ez-toc-page-1 ez-toc-heading-level-3\"><a class=\"ez-toc-link ez-toc-heading-5\" href=\"https:\/\/www.eventi-fiere.it\/blog\/comunicazione-marketing-workshop\/#3_Raccontate_esperienze_passate\" title=\"3)&nbsp;Raccontate esperienze passate\">3)&nbsp;Raccontate esperienze passate<\/a><\/li><li class=\"ez-toc-page-1 ez-toc-heading-level-3\"><a class=\"ez-toc-link ez-toc-heading-6\" href=\"https:\/\/www.eventi-fiere.it\/blog\/comunicazione-marketing-workshop\/#4_Usate_supporti_visivi\" title=\"4) Usate supporti visivi\">4) Usate supporti visivi<\/a><\/li><\/ul><\/li><\/ul><\/nav><\/div>\n\n<p><strong>La paura di parlare in pubblico<\/strong>, come spieg\u00f2 un formatore aziendale a uno dei primi workshop a cui ho partecipato, <strong>\u00e8 insita in ognuno di noi.<\/strong><\/p>\n<p>All&#8217;epoca questa frase mi fece sorridere perch\u00e9, da ragazzina timida quale ero (e forse sono ancora!) mi sembrava che lui, cos\u00ec come altri professori, possedessero il dono della parola e sapessero usarla meravigliosamente. Ero giovane e ingenua allora, non avevo ancora imparato a usare il mio spirito critico per giudicare un workshop: ero l\u00ec per imparare e ogni informazione sembrava arricchirmi.<\/p>\n<p>Dopo anni di corsi ho forse un po&#8217; perso l&#8217;entusiasmo dei primi tempi e ho imparato a distinguere i relatori veramente bravi da quel che ahi ahi ahi, non ci siamo.<\/p>\n<p>Sia chiaro, non ne faccio una colpa a nessuno: come vi ho detto la paura di parlare in pubblico \u00e8 umana. Accidenti! S\u00ec \u00e8 soli, davanti a un numero elevato di persone. Un parte primitiva del nostro cervello (tale <strong>amigdala<\/strong>, ndr.) percepisce questa situazione come una di pericolo: <strong>vi fa sentire la preda insomma.<\/strong> E scaturisce in voi tutta una serie di reazioni che non fanno altro che mettere i bastoni tra le ruote al vostro discorso.<\/p>\n<p>Per\u00f2, <strong>se proprio devo fare un appunto, la colpa sta tutta nel non essersi applicati abbastanza a curare la comunicazione marketing per il workshop.<\/strong> Non si pu\u00f2 e non si deve far addormentare i propri studenti e visto che, salvo sporadiche eccezioni, nessuno ne \u00e8 poi cos\u00ec naturalmente capace, bisogna mettere in pratica una serie di strategie. <strong>Alla fine la comunicazione marketing \u00e8 questione di strategia, no?!<\/strong><\/p>\n<h3><span class=\"ez-toc-section\" id=\"Cosa_fare_quindi\"><\/span>Cosa fare, quindi?!<span class=\"ez-toc-section-end\"><\/span><\/h3>\n<p><strong>In realt\u00e0 di public speaking ci si potrebbe soffermare a parlare per ore.<\/strong> Ma oggi mi sono dilungata gi\u00e0 troppo e voglio darvi solo qualche consiglio. Con la promessa di approfondire singolarmente ogni aspetto, dedicandogli il tempo che merita.<\/p>\n<p>Ma non perdiamo altro tempo&#8230;<\/p>\n<h3><span class=\"ez-toc-section\" id=\"1_Occorre_prepararsi_in_modo_adeguato\"><\/span>1) Occorre prepararsi in modo adeguato<span class=\"ez-toc-section-end\"><\/span><\/h3>\n<p>Posto che non si pu\u00f2 per\u00f2 pretendere di imparare a pappagallo un discorso a memoria. Che finisce sempre dimenticandosi anche solo una parola e perdendo il filo dell&#8217;intero discorso. Davanti alla platea non si pu\u00f2 comunque improvvisare, questo non farebbe altro che aumentare la vostra ansia e presagire un finale catastrofico.<\/p>\n<p class=\"p1\"><span class=\"s1\"><strong>L\u2019importante \u00e8 avere in testa i concetti chiave<\/strong>, idee chiare da cui partire per elaborare un\u2019esposizione efficace. Le parole devono venire dal cuore, non dal cervello.<\/span><\/p>\n<h3><span class=\"ez-toc-section\" id=\"2_Osservare_le_reazioni_del_pubblico\"><\/span>2) Osservare le reazioni del pubblico<span class=\"ez-toc-section-end\"><\/span><\/h3>\n<p><strong>In base a queste, aggiustare il tiro.<\/strong> Cambiare il tono di voce, spostarsi nell&#8217;ambiente, fare una battuta o semplicemente far cadere una penna per catturare le attenzioni. Le strade sono tante, certo \u00e8 che se il vostro pubblico inizia a manifestare i primi segni di cedimento, <strong>voi dovrete fare qualcosa!&nbsp;<\/strong>E, cosa fondamentale, parlate con entusiasmo. Solo cos\u00ec riuscirete a trasmetterlo ai vostri ascoltatori.<\/p>\n<h3><span class=\"ez-toc-section\" id=\"3_Raccontate_esperienze_passate\"><\/span>3)&nbsp;<strong>Raccontate esperienze passate<\/strong><span class=\"ez-toc-section-end\"><\/span><\/h3>\n<p>Tutti noi siamo degli innati impiccioni ed \u00e8 provato che, anche in sede didattica, <strong>essere un po&#8217; auto referenziali e parlare di esperienze pregresse<\/strong> \u00e8 un ottimo modo per catturare orecchie e occhi dei propri interlocutori e riassestare la loro attenzione.<\/p>\n<h3><span class=\"ez-toc-section\" id=\"4_Usate_supporti_visivi\"><\/span>4) Usate supporti visivi<span class=\"ez-toc-section-end\"><\/span><\/h3>\n<p class=\"p1\"><span class=\"s1\"><strong>Momento Piero Angela:<\/strong> alle suggestioni dell\u2019occhio diamo un\u2019attenzione 25 volte maggiore rispetto a quelle dell\u2019orecchio, lo sapevate?<\/span><\/p>\n<p class=\"p1\"><span class=\"s1\">Quindi , se intendete davvero catturare l\u2019attenzione del vostro pubblico, <strong>vi suggerisco di puntare non solo sul valore delle parole, ma anche sulle emozioni trasmesse dalle immagini.<\/strong> Se decidete di proiettare un grafico, ad esempio, assicuratevi che sia abbastanza grande da essere visto bene da tutti i presenti, qualsiasi sia la loro postazione.<\/span><\/p>\n<p>Accidenti quanto ho scritto anche oggi! Per ora comunque \u00e8 tutto. <strong>Condividete questo articolo e a presto (che \u00e8 un consiglio e una minaccia!)<\/strong><\/p>\n<p>Buon lavoro a tutti!<\/p>\n","protected":false},"excerpt":{"rendered":"<p>Ben ritrovati sul nostro blog cari lettori! Oggi torniamo sul tema workshop,&nbsp;ma in chiave differente. Abbiamo gi\u00e0 parlato di come organizzarlo e si \u00e8 fatto il tempo di toccare con<\/p>\n","protected":false},"author":5,"featured_media":1038,"comment_status":"closed","ping_status":"closed","sticky":false,"template":"","format":"standard","meta":[],"categories":[93,13,155],"tags":[59,163],"yst_prominent_words":[531,603,602,622,621,619,511,598,606,611,608,609,610,612,600,599,601,607,595,597],"_links":{"self":[{"href":"https:\/\/www.eventi-fiere.it\/blog\/wp-json\/wp\/v2\/posts\/1396"}],"collection":[{"href":"https:\/\/www.eventi-fiere.it\/blog\/wp-json\/wp\/v2\/posts"}],"about":[{"href":"https:\/\/www.eventi-fiere.it\/blog\/wp-json\/wp\/v2\/types\/post"}],"author":[{"embeddable":true,"href":"https:\/\/www.eventi-fiere.it\/blog\/wp-json\/wp\/v2\/users\/5"}],"replies":[{"embeddable":true,"href":"https:\/\/www.eventi-fiere.it\/blog\/wp-json\/wp\/v2\/comments?post=1396"}],"version-history":[{"count":5,"href":"https:\/\/www.eventi-fiere.it\/blog\/wp-json\/wp\/v2\/posts\/1396\/revisions"}],"predecessor-version":[{"id":9223,"href":"https:\/\/www.eventi-fiere.it\/blog\/wp-json\/wp\/v2\/posts\/1396\/revisions\/9223"}],"wp:featuredmedia":[{"embeddable":true,"href":"https:\/\/www.eventi-fiere.it\/blog\/wp-json\/wp\/v2\/media\/1038"}],"wp:attachment":[{"href":"https:\/\/www.eventi-fiere.it\/blog\/wp-json\/wp\/v2\/media?parent=1396"}],"wp:term":[{"taxonomy":"category","embeddable":true,"href":"https:\/\/www.eventi-fiere.it\/blog\/wp-json\/wp\/v2\/categories?post=1396"},{"taxonomy":"post_tag","embeddable":true,"href":"https:\/\/www.eventi-fiere.it\/blog\/wp-json\/wp\/v2\/tags?post=1396"},{"taxonomy":"yst_prominent_words","embeddable":true,"href":"https:\/\/www.eventi-fiere.it\/blog\/wp-json\/wp\/v2\/yst_prominent_words?post=1396"}],"curies":[{"name":"wp","href":"https:\/\/api.w.org\/{rel}","templated":true}]}}