{"id":13113,"date":"2020-03-26T18:12:00","date_gmt":"2020-03-26T17:12:00","guid":{"rendered":"https:\/\/www.eventi-fiere.it\/blog\/?p=13113"},"modified":"2020-03-25T12:13:18","modified_gmt":"2020-03-25T11:13:18","slug":"mercanteinfiera-autunno-2020","status":"publish","type":"post","link":"https:\/\/www.eventi-fiere.it\/blog\/mercanteinfiera-autunno-2020\/","title":{"rendered":"Mercanteinfiera Autunno 2020"},"content":{"rendered":"\n<p>Anche quest&#8217;anno sta giungendo quel periodo dell&#8217;anno, quel periodo animato da uno degli eventi pi\u00f9 attesi: quello di <strong>Mercanteinfiera Autunno 2020<\/strong>! Si tratta di un evento unico, tra i pi\u00f9 importanti su scala europea in cui pi\u00f9 di mille operatori si riuniscono per dar vita ad una vera e propria citt\u00e0 antiquaria.<\/p>\n\n\n\n<h2><span class=\"ez-toc-section\" id=\"Cose_Mercanteinfiera_Autunno\"><\/span>Cos&#8217;\u00e8 Mercanteinfiera Autunno?<span class=\"ez-toc-section-end\"><\/span><\/h2><div id=\"ez-toc-container\" class=\"ez-toc-v2_0_27 ez-toc-wrap-right counter-hierarchy\">\n<div class=\"ez-toc-title-container\">\n<p class=\"ez-toc-title\">Contenuti<\/p>\n<span class=\"ez-toc-title-toggle\"><\/span><\/div>\n<nav><ul class=\"ez-toc-list ez-toc-list-level-1\"><li class=\"ez-toc-page-1 ez-toc-heading-level-2\"><a class=\"ez-toc-link ez-toc-heading-1\" href=\"https:\/\/www.eventi-fiere.it\/blog\/mercanteinfiera-autunno-2020\/#Cose_Mercanteinfiera_Autunno\" title=\"Cos&#8217;\u00e8 Mercanteinfiera Autunno?\">Cos&#8217;\u00e8 Mercanteinfiera Autunno?<\/a><\/li><li class=\"ez-toc-page-1 ez-toc-heading-level-2\"><a class=\"ez-toc-link ez-toc-heading-2\" href=\"https:\/\/www.eventi-fiere.it\/blog\/mercanteinfiera-autunno-2020\/#Perche_partecipare_la_proposta_unica_di_Mercanteinfiera_Autunno_2020\" title=\"Perch\u00e9 partecipare: la proposta unica di Mercanteinfiera Autunno 2020\">Perch\u00e9 partecipare: la proposta unica di Mercanteinfiera Autunno 2020<\/a><ul class=\"ez-toc-list-level-3\"><li class=\"ez-toc-heading-level-3\"><a class=\"ez-toc-link ez-toc-heading-3\" href=\"https:\/\/www.eventi-fiere.it\/blog\/mercanteinfiera-autunno-2020\/#Le_novita_delledizione_2020\" title=\"Le novit\u00e0 dell&#8217;edizione 2020\">Le novit\u00e0 dell&#8217;edizione 2020<\/a><\/li><li class=\"ez-toc-page-1 ez-toc-heading-level-3\"><a class=\"ez-toc-link ez-toc-heading-4\" href=\"https:\/\/www.eventi-fiere.it\/blog\/mercanteinfiera-autunno-2020\/#Proposte_uniche_da_sempre\" title=\"Proposte uniche da sempre\">Proposte uniche da sempre<\/a><\/li><\/ul><\/li><li class=\"ez-toc-page-1 ez-toc-heading-level-2\"><a class=\"ez-toc-link ez-toc-heading-5\" href=\"https:\/\/www.eventi-fiere.it\/blog\/mercanteinfiera-autunno-2020\/#A_chi_e_rivolta_Mercanteinfiera_Autunno_2020\" title=\"A chi \u00e8 rivolta Mercanteinfiera Autunno 2020?\">A chi \u00e8 rivolta Mercanteinfiera Autunno 2020?<\/a><\/li><li class=\"ez-toc-page-1 ez-toc-heading-level-2\"><a class=\"ez-toc-link ez-toc-heading-6\" href=\"https:\/\/www.eventi-fiere.it\/blog\/mercanteinfiera-autunno-2020\/#Informazioni_utili\" title=\"Informazioni utili\">Informazioni utili<\/a><\/li><\/ul><\/nav><\/div>\n\n\n\n\n<p>Mercanteinfiera Autunno 2020 \u00e8 uni dei due appuntamenti che si tengono alla Fiera di Parma. Possiamo infatti assistere sia all&#8217;<strong>edizione Autunno<\/strong> sia all&#8217;<strong>edizione Primavera<\/strong>. Si tratta di un evento straordinario che offre l&#8217;opportunit\u00e0 a pi\u00f9 di <strong>mille operatori provenienti dalle piazze antiquarie europee<\/strong> di esporre le proprie scoperte di modernit\u00e0, antiquariato e collezionismo.<\/p>\n\n\n\n<p>Nella citt\u00e0 di <strong>Parma<\/strong>, nel cuore dell&#8217;Emilia, ogni anno si riuniscono pi\u00f9 di decine di migliaia di visitatori a caccia di rarit\u00e0 eccezionali che possono spaziare tra settori differenti. Sar\u00e0 possibile osservare dipinti, arredi, ceramiche, tappezzeria, penne, orologi, libri, dischi in vinile, vetri, tessuti e ogni oggetto da collezionismo.<\/p>\n\n\n\n<p>Se stai leggendo in qualit\u00e0 di <strong><a aria-label=\" (si apre in una nuova scheda)\" rel=\"noreferrer noopener\" href=\"https:\/\/www.eventi-fiere.it\/fiere\/mercanteinfiera-autunno\/\" target=\"_blank\">visitatore<\/a><\/strong> ti sar\u00e0 possibile interfacciarti con pi\u00f9 di mille espositori internazionali e ammirare rarit\u00e0 di ogni genere che riflettano l&#8217;antichit\u00e0 o la modernit\u00e0. Non perdere quest&#8217;occasione! E se vuoi restare aggiornato sulle novit\u00e0 di <strong>Mercanteinfiera Autunno 2020<\/strong> rimani connesso con noi di <a aria-label=\"Eventi e Fiere (si apre in una nuova scheda)\" rel=\"noreferrer noopener\" href=\"https:\/\/www.eventi-fiere.it\/\" target=\"_blank\">Eventi e Fiere!<\/a><\/p>\n\n\n\n<h2><span class=\"ez-toc-section\" id=\"Perche_partecipare_la_proposta_unica_di_Mercanteinfiera_Autunno_2020\"><\/span>Perch\u00e9 partecipare: la proposta unica di Mercanteinfiera Autunno 2020<span class=\"ez-toc-section-end\"><\/span><\/h2>\n\n\n\n<p>Se hai in mente di creare una tua area espositiva devi essere al corrente delle grandi opportunit\u00e0 che puoi cogliere all&#8217;interno di Mercanteinfiera Autunno 2020. <strong>Acquisire nuovi contatti,<\/strong> <strong>incontrare aziende<\/strong> antiquarie italiane ed estere, collezionisti, <strong>consolidare<\/strong> la propria posizione sul mercato e <strong>condividere<\/strong> la grande passione per il collezionismo sono solo alcuni dei vantaggi di un espositore. <\/p>\n\n\n\n<h3><span class=\"ez-toc-section\" id=\"Le_novita_delledizione_2020\"><\/span>Le novit\u00e0 dell&#8217;edizione 2020<span class=\"ez-toc-section-end\"><\/span><\/h3>\n\n\n\n<p>Dopo l&#8217;edizione del <strong>Mercanteinfiera Online<\/strong>, promosso dagli organizzatori dopo l&#8217;allerta per il Covid-19, che ha visto posticipata a fine aprile 2020 l&#8217;edizione Primavera, le novit\u00e0 non mancheranno per la sezione autunnale.  AGGIUNGERE NOVITA&#8217; &#8212;&#8212;&#8212;&#8212;&#8212;<\/p>\n\n\n\n<h3><span class=\"ez-toc-section\" id=\"Proposte_uniche_da_sempre\"><\/span>Proposte uniche da sempre<span class=\"ez-toc-section-end\"><\/span><\/h3>\n\n\n\n<p>Mercanteinfiera Autunno \u00e8 un evento conosciuto a livello europeo. Tra le varie esposizioni annuali delle edizioni passate ricordiamo <strong>&#8220;La Fiat 1100 dei segreti di Hedna Hill&#8221;,<\/strong> dove fu esposta l&#8217;auto che l&#8217;enigmatica donna fece modificare appositamente a Torino. Di rilievo \u00e8 anche l&#8217;esposizione intitolata <strong>&#8220;La via delle perle di vetro da Venezia a Timbuctu XV-XX sec&#8221;<\/strong>. In quest&#8217;ultima si racconta la storia di Augusto Panini, collezionista di perle veneziane. Ma questi sono solo alcuni dei vari successi e delle incredibili mostre che Mercanteinfiera ci ha permesso di conoscere negli ultimi anni.<\/p>\n\n\n\n<h2><span class=\"ez-toc-section\" id=\"A_chi_e_rivolta_Mercanteinfiera_Autunno_2020\"><\/span>A chi \u00e8 rivolta Mercanteinfiera Autunno 2020?<span class=\"ez-toc-section-end\"><\/span><\/h2>\n\n\n\n<p>La fiera \u00e8 rivolta agli <strong>espositori<\/strong> e ai <strong>visitatori <\/strong>amanti dell&#8217;antiquariato, del modernariato, del collezionismo, del vintage. Chiunque volesse accrescere la propria esperienza in ambito espositivo e collezionistico non potr\u00e0 certamente mancare all&#8217;appuntamento internazionale dell&#8217;anno!<\/p>\n\n\n\n<h2><span class=\"ez-toc-section\" id=\"Informazioni_utili\"><\/span>Informazioni utili<span class=\"ez-toc-section-end\"><\/span><\/h2>\n\n\n\n<p>Mercanteinfiera Autunno 2020 si terr\u00e0 a <strong>Parma<\/strong> organizzata da Fiere di Parma S.p.A. <strong>dal 3 all&#8217;11 Ottobre<\/strong> e sar\u00e0 aperta tutti i giorni <strong>dalle 10.00 alle 19.00<\/strong>. <\/p>\n\n\n\n<p>Il biglietto intero ha un costo di <strong>10\u20ac<\/strong>, se acquistato online ha, invece, un costo di <strong>8\u20ac<\/strong>. Che aspetti a partecipare? Hai ancora qualche dubbio? Visita la pagina dedicata alla <a aria-label=\"fiera (si apre in una nuova scheda)\" href=\"https:\/\/www.eventi-fiere.it\/fiere\/mercanteinfiera-autunno\/\" target=\"_blank\" rel=\"noreferrer noopener\">fiera<\/a>!<\/p>\n\n\n\n<p>Se vuoi sapere di pi\u00f9 sui <a aria-label=\"servizi (si apre in una nuova scheda)\" href=\"https:\/\/www.eventi-fiere.it\/servizi\/\" target=\"_blank\" rel=\"noreferrer noopener\">servizi<\/a> che possiamo offrirti per l&#8217;esposizione o la partecipazione alla fiera, siamo qui pronti ad aiutarti! Non lasciarti scappare quest&#8217;occasione! <\/p>\n\n\n\n<p>Ti stai domandando come fare a <a aria-label=\"trasportare (si apre in una nuova scheda)\" rel=\"noreferrer noopener\" href=\"https:\/\/www.eventi-fiere.it\/macro-servizi\/trasporti-e-logistica\/\" target=\"_blank\">trasportare<\/a> i tuoi pezzi unici da esposizione? Non sai come gestire <a aria-label=\"l'allestimento (si apre in una nuova scheda)\" rel=\"noreferrer noopener\" href=\"https:\/\/www.eventi-fiere.it\/macro-servizi\/stand-e-allestimenti\/\" target=\"_blank\">l&#8217;allestimento<\/a> della tua mostra? Hai bisogno di uno <a aria-label=\"staff (si apre in una nuova scheda)\" rel=\"noreferrer noopener\" href=\"https:\/\/www.eventi-fiere.it\/servizi\/staff-per-eventi\/\" target=\"_blank\">staff<\/a> che ti aiuti durante l&#8217;evento? Affidati a <a href=\"https:\/\/www.eventi-fiere.it\/\" target=\"_blank\" rel=\"noreferrer noopener\" aria-label=\" (si apre in una nuova scheda)\">noi<\/a>! <\/p>\n\n\n\n<p>Ora sei pi\u00f9 che pronto per partecipare!<\/p>\n","protected":false},"excerpt":{"rendered":"<p>Anche quest&#8217;anno sta giungendo quel periodo dell&#8217;anno, quel periodo animato da uno degli eventi pi\u00f9 attesi: quello di Mercanteinfiera Autunno 2020! Si tratta di un evento unico, tra i pi\u00f9<\/p>\n","protected":false},"author":45,"featured_media":13124,"comment_status":"closed","ping_status":"closed","sticky":false,"template":"","format":"standard","meta":[],"categories":[129,14,33],"tags":[5357,12979],"yst_prominent_words":[8173,17900,16048,17899,8717,15154,251,280,283,11341,16047,17898,7083,286,11344,2836,8479,15056,521,16052],"_links":{"self":[{"href":"https:\/\/www.eventi-fiere.it\/blog\/wp-json\/wp\/v2\/posts\/13113"}],"collection":[{"href":"https:\/\/www.eventi-fiere.it\/blog\/wp-json\/wp\/v2\/posts"}],"about":[{"href":"https:\/\/www.eventi-fiere.it\/blog\/wp-json\/wp\/v2\/types\/post"}],"author":[{"embeddable":true,"href":"https:\/\/www.eventi-fiere.it\/blog\/wp-json\/wp\/v2\/users\/45"}],"replies":[{"embeddable":true,"href":"https:\/\/www.eventi-fiere.it\/blog\/wp-json\/wp\/v2\/comments?post=13113"}],"version-history":[{"count":14,"href":"https:\/\/www.eventi-fiere.it\/blog\/wp-json\/wp\/v2\/posts\/13113\/revisions"}],"predecessor-version":[{"id":14865,"href":"https:\/\/www.eventi-fiere.it\/blog\/wp-json\/wp\/v2\/posts\/13113\/revisions\/14865"}],"wp:featuredmedia":[{"embeddable":true,"href":"https:\/\/www.eventi-fiere.it\/blog\/wp-json\/wp\/v2\/media\/13124"}],"wp:attachment":[{"href":"https:\/\/www.eventi-fiere.it\/blog\/wp-json\/wp\/v2\/media?parent=13113"}],"wp:term":[{"taxonomy":"category","embeddable":true,"href":"https:\/\/www.eventi-fiere.it\/blog\/wp-json\/wp\/v2\/categories?post=13113"},{"taxonomy":"post_tag","embeddable":true,"href":"https:\/\/www.eventi-fiere.it\/blog\/wp-json\/wp\/v2\/tags?post=13113"},{"taxonomy":"yst_prominent_words","embeddable":true,"href":"https:\/\/www.eventi-fiere.it\/blog\/wp-json\/wp\/v2\/yst_prominent_words?post=13113"}],"curies":[{"name":"wp","href":"https:\/\/api.w.org\/{rel}","templated":true}]}}