{"id":12712,"date":"2019-08-27T18:03:31","date_gmt":"2019-08-27T16:03:31","guid":{"rendered":"https:\/\/www.eventi-fiere.it\/blog\/?p=12712"},"modified":"2019-09-29T14:51:27","modified_gmt":"2019-09-29T12:51:27","slug":"calendario-fiere-in-italia-dal-07-10-2019-al-13-10-2019-orari-e-prezzi-dei-biglietti","status":"publish","type":"post","link":"https:\/\/www.eventi-fiere.it\/blog\/calendario-fiere-in-italia-dal-07-10-2019-al-13-10-2019-orari-e-prezzi-dei-biglietti\/","title":{"rendered":"Calendario Fiere in Italia dal 07\/10\/2019 al 13\/10\/2019: orari e prezzi dei biglietti"},"content":{"rendered":"\n<p>Eccoci all&#8217;appuntamento con le<strong> fiere italiane dal 07\/10\/19 al 13\/10\/19<\/strong> in Italia.&nbsp;Qui troverete tutte le informazioni fondamentali per le <strong>Fiere Italiane.<\/strong><\/p>\n\n\n\n<h2 id=\"mce_64\"><span class=\"ez-toc-section\" id=\"MAIN_EVENTS\"><\/span>MAIN EVENTS<span class=\"ez-toc-section-end\"><\/span><\/h2><div id=\"ez-toc-container\" class=\"ez-toc-v2_0_27 ez-toc-wrap-right counter-hierarchy\">\n<div class=\"ez-toc-title-container\">\n<p class=\"ez-toc-title\">Contenuti<\/p>\n<span class=\"ez-toc-title-toggle\"><\/span><\/div>\n<nav><ul class=\"ez-toc-list ez-toc-list-level-1\"><li class=\"ez-toc-page-1 ez-toc-heading-level-2\"><a class=\"ez-toc-link ez-toc-heading-1\" href=\"https:\/\/www.eventi-fiere.it\/blog\/calendario-fiere-in-italia-dal-07-10-2019-al-13-10-2019-orari-e-prezzi-dei-biglietti\/#MAIN_EVENTS\" title=\"MAIN EVENTS\">MAIN EVENTS<\/a><\/li><li class=\"ez-toc-page-1 ez-toc-heading-level-2\"><a class=\"ez-toc-link ez-toc-heading-2\" href=\"https:\/\/www.eventi-fiere.it\/blog\/calendario-fiere-in-italia-dal-07-10-2019-al-13-10-2019-orari-e-prezzi-dei-biglietti\/#Miac\" title=\"Miac\">Miac<\/a><\/li><li class=\"ez-toc-page-1 ez-toc-heading-level-2\"><a class=\"ez-toc-link ez-toc-heading-3\" href=\"https:\/\/www.eventi-fiere.it\/blog\/calendario-fiere-in-italia-dal-07-10-2019-al-13-10-2019-orari-e-prezzi-dei-biglietti\/#Milano_Golosa\" title=\"Milano Golosa\">Milano Golosa<\/a><\/li><li class=\"ez-toc-page-1 ez-toc-heading-level-2\"><a class=\"ez-toc-link ez-toc-heading-4\" href=\"https:\/\/www.eventi-fiere.it\/blog\/calendario-fiere-in-italia-dal-07-10-2019-al-13-10-2019-orari-e-prezzi-dei-biglietti\/#Agrilevante\" title=\"Agrilevante\">Agrilevante<\/a><\/li><li class=\"ez-toc-page-1 ez-toc-heading-level-2\"><a class=\"ez-toc-link ez-toc-heading-5\" href=\"https:\/\/www.eventi-fiere.it\/blog\/calendario-fiere-in-italia-dal-07-10-2019-al-13-10-2019-orari-e-prezzi-dei-biglietti\/#ALTRI_EVENTI\" title=\"ALTRI EVENTI\">ALTRI EVENTI<\/a><\/li><li class=\"ez-toc-page-1 ez-toc-heading-level-2\"><a class=\"ez-toc-link ez-toc-heading-6\" href=\"https:\/\/www.eventi-fiere.it\/blog\/calendario-fiere-in-italia-dal-07-10-2019-al-13-10-2019-orari-e-prezzi-dei-biglietti\/#SIA_Guest\" title=\"SIA Guest\">SIA Guest<\/a><\/li><li class=\"ez-toc-page-1 ez-toc-heading-level-2\"><a class=\"ez-toc-link ez-toc-heading-7\" href=\"https:\/\/www.eventi-fiere.it\/blog\/calendario-fiere-in-italia-dal-07-10-2019-al-13-10-2019-orari-e-prezzi-dei-biglietti\/#SUN_Beach_Outdoor_style\" title=\"SUN Beach&amp;Outdoor style \">SUN Beach&amp;Outdoor style <\/a><\/li><li class=\"ez-toc-page-1 ez-toc-heading-level-2\"><a class=\"ez-toc-link ez-toc-heading-8\" href=\"https:\/\/www.eventi-fiere.it\/blog\/calendario-fiere-in-italia-dal-07-10-2019-al-13-10-2019-orari-e-prezzi-dei-biglietti\/#TTG_Travel_Experience\" title=\"TTG Travel Experience \">TTG Travel Experience <\/a><\/li><li class=\"ez-toc-page-1 ez-toc-heading-level-2\"><a class=\"ez-toc-link ez-toc-heading-9\" href=\"https:\/\/www.eventi-fiere.it\/blog\/calendario-fiere-in-italia-dal-07-10-2019-al-13-10-2019-orari-e-prezzi-dei-biglietti\/#Alta_Quota\" title=\"Alta Quota\">Alta Quota<\/a><\/li><li class=\"ez-toc-page-1 ez-toc-heading-level-2\"><a class=\"ez-toc-link ez-toc-heading-10\" href=\"https:\/\/www.eventi-fiere.it\/blog\/calendario-fiere-in-italia-dal-07-10-2019-al-13-10-2019-orari-e-prezzi-dei-biglietti\/#Padova_Sposi\" title=\"Padova Sposi\">Padova Sposi<\/a><\/li><li class=\"ez-toc-page-1 ez-toc-heading-level-2\"><a class=\"ez-toc-link ez-toc-heading-11\" href=\"https:\/\/www.eventi-fiere.it\/blog\/calendario-fiere-in-italia-dal-07-10-2019-al-13-10-2019-orari-e-prezzi-dei-biglietti\/#ArtVerona\" title=\"ArtVerona\">ArtVerona<\/a><\/li><\/ul><\/nav><\/div>\n\n\n\n\n<h2><span class=\"ez-toc-section\" id=\"Miac\"><\/span>Miac<span class=\"ez-toc-section-end\"><\/span><\/h2>\n\n\n\n<ul><li><strong>Quando:\u00a0<\/strong>dal 9 al 11 ottobre 2019<\/li><li><strong>Dove: <\/strong> Lucca Fiere<\/li><li><strong>Tipologia<\/strong>: B2B<\/li><li><strong>Frequenza<\/strong>: annuale <\/li><li><strong>Orari: <\/strong>9 e 10 ottobre 9:00 &#8211; 18:00, 11 ottobre 9:00 &#8211; 15:30 <\/li><li><strong>Prezzi: <\/strong>ingresso gratuito<\/li><li><strong><a href=\"https:\/\/www.miac.info\/\" target=\"_blank\" rel=\"noreferrer noopener\" aria-label=\" (si apre in una nuova scheda)\">Sito web<\/a><\/strong><\/li><li><strong><a href=\"https:\/\/www.eventi-fiere.it\/fiere\/miac\/\">Altre info su Miac<\/a><\/strong><\/li><\/ul>\n\n\n\n<p>Andare al MIAC significa visionare le nuove tecnologie e attrezzature del <strong>settore cartario<\/strong>, le varie fasi della produzione e trasformazione della carta e del cartone. <\/p>\n\n\n\n<h2><span class=\"ez-toc-section\" id=\"Milano_Golosa\"><\/span>Milano Golosa<span class=\"ez-toc-section-end\"><\/span><\/h2>\n\n\n\n<ul><li><strong>Quando:&nbsp;<\/strong>dal 12 al 14 ottobre 2019<\/li><li><strong>Dove: <\/strong>Palazzo del Ghiaccio &#8211; Milano<\/li><li><strong>Tipologia<\/strong>: B2B<\/li><li><strong>Frequenza<\/strong>: annuale<\/li><li><strong>Orari: <\/strong>sabato 12:00 &#8211; 20:00,  domenica 10:00 &#8211; 20:00, luned\u00ec 10:00 &#8211; 17:00<\/li><li><strong>Prezzi: <\/strong>adulti 12\u20ac, bambini 6-12 anni 5\u20ac (gratuito per bambini minori di 6 anni)<\/li><li><strong><a rel=\"noreferrer noopener\" aria-label=\"Sito web (si apre in una nuova scheda)\" href=\"https:\/\/www.milanogolosa.it\/\" target=\"_blank\">Sito web<\/a><\/strong><\/li><\/ul>\n\n\n\n<p><strong>Enogastronomia<\/strong>, degustazioni, lezioni e cooking show sono le attivit\u00e0 principali di cui si occupa la manifestazione Milano Golosa. Una festa informale e raccolta che rende omaggio alla rafinatezza del gusto, al cibo di qualit\u00e0 e alla biodiversit\u00e0. <\/p>\n\n\n\n<h2><span class=\"ez-toc-section\" id=\"Agrilevante\"><\/span>Agrilevante<span class=\"ez-toc-section-end\"><\/span><\/h2>\n\n\n\n<ul><li><strong>Quando:&nbsp;<\/strong>dal 10 al 13 ottobre 2019<\/li><li><strong>Dove: <\/strong> Fiera del Levante &#8211; Bari<\/li><li><strong>Tipologia<\/strong>: B2C<\/li><li><strong>Frequenza<\/strong>: annuale<\/li><li><strong>Orari: <\/strong>dalle 9:00 alle 19:00<\/li><li><strong>Prezzi:<\/strong> ingresso gratuito, previa registrazione presso i punti di accesso<\/li><li> <strong><a href=\"https:\/\/www.agrilevante.eu\/it\/index.php\" target=\"_blank\" rel=\"noreferrer noopener\" aria-label=\" (si apre in una nuova scheda)\">Sito web<\/a><\/strong> <strong><a href=\"https:\/\/www.miac.info\/\"><\/a><\/strong><\/li><\/ul>\n\n\n\n<p>Agirilevante \u00e8 la pi\u00f9 importante tra le Esposizioni Internazionali dedicate alle macchine, impianti e tecnologie per la <strong>filiera agricola.<\/strong><\/p>\n\n\n\n<h2><span class=\"ez-toc-section\" id=\"ALTRI_EVENTI\"><\/span>ALTRI EVENTI<span class=\"ez-toc-section-end\"><\/span><\/h2>\n\n\n\n<h2><span class=\"ez-toc-section\" id=\"SIA_Guest\"><\/span>SIA Guest<span class=\"ez-toc-section-end\"><\/span><\/h2>\n\n\n\n<ul><li><strong>Quando:&nbsp;<\/strong>dal 9 all&#8217;11 ottobre 2019<\/li><li><strong>Dove: <\/strong> Fiera Rimini<\/li><li><strong>Tipologia<\/strong>: B2B<\/li><li><strong>Frequenza<\/strong>: annuale<\/li><li><strong>Orari: <\/strong>mercoled\u00ec dalle 10:00 &#8211; 18:00, gioved\u00ec 10:00 &#8211; 18:00, venerd\u00ec 10:00 &#8211; 17:00<\/li><li><strong>Prezzi: <\/strong>gratuito ad invito<\/li><li><strong><a rel=\"noreferrer noopener\" aria-label=\"Sito web  (si apre in una nuova scheda)\" href=\"https:\/\/www.siaexpo.it\/\" target=\"_blank\">Sito web<\/a><\/strong><a rel=\"noreferrer noopener\" aria-label=\"Sito web  (si apre in una nuova scheda)\" href=\"https:\/\/www.siaexpo.it\/\" target=\"_blank\"> <\/a><\/li><li><strong><a href=\"https:\/\/www.eventi-fiere.it\/fiere\/sia-guest\/\" target=\"_blank\" rel=\"noreferrer noopener\" aria-label=\"Altre info su SIA Guest (si apre in una nuova scheda)\">Altre info su SIA Guest<\/a><\/strong><\/li><\/ul>\n\n\n\n<p>SIA rappresenta la&nbsp;vetrina pi\u00f9 particolareggiata per il <strong>settore dell\u2019ospitalit\u00e0<\/strong>: interior design e oggettistica, servizi forniture e accessori per hotel, prodotti cosmetici, arredo e progettazione outdoor.<\/p>\n\n\n\n<h2><span class=\"ez-toc-section\" id=\"SUN_Beach_Outdoor_style\"><\/span>SUN <strong>Beach&amp;Outdoor style<\/strong> <span class=\"ez-toc-section-end\"><\/span><\/h2>\n\n\n\n<ul><li><strong>Quando:&nbsp;<\/strong>dal 9 all&#8217;11 ottobre 2019<\/li><li><strong>Dove: <\/strong> Fiera Rimini<\/li><li><strong>Tipologia<\/strong>: B2B<\/li><li><strong>Frequenza<\/strong>: annuale<\/li><li><strong>Orari: <\/strong>mercoled\u00ec dalle 10:00 &#8211; 18:00, gioved\u00ec 10:00 &#8211; 18:00, venerd\u00ec 10:00 &#8211; 17:00<\/li><li><strong>Prezzi: <\/strong>gratuito ad invito<\/li><li><strong><a rel=\"noreferrer noopener\" aria-label=\"Sito web (si apre in una nuova scheda)\" href=\"https:\/\/www.sunexpo.it\/\" target=\"_blank\">Sito web<\/a><\/strong><\/li><li><strong><a href=\"https:\/\/www.eventi-fiere.it\/fiere\/sun\/\" target=\"_blank\" rel=\"noreferrer noopener\" aria-label=\"Altre info su SUN (si apre in una nuova scheda)\">Altre info su SUN<\/a><\/strong><\/li><\/ul>\n\n\n\n<p>SUN \u00e8 il salone di riferimento che raduna due macro settori: quello <strong>balneare<\/strong> e quello del <strong>campeggio<\/strong>.<\/p>\n\n\n\n<h2><span class=\"ez-toc-section\" id=\"TTG_Travel_Experience\"><\/span>TTG <strong>Travel Experience<\/strong> <span class=\"ez-toc-section-end\"><\/span><\/h2>\n\n\n\n<ul><li><strong>Quando:&nbsp;<\/strong>dal 9 all&#8217;11 ottobre 2019<\/li><li><strong>Dove: <\/strong> Fiera Rimini<\/li><li><strong>Tipologia<\/strong>: B2B<\/li><li><strong>Frequenza<\/strong>: annuale<\/li><li><strong>Orari: <\/strong>mercoled\u00ec dalle 10:00 &#8211; 18:00, gioved\u00ec 10:00 &#8211; 18:00, venerd\u00ec 10:00 &#8211; 17:00<\/li><li><strong>Prezzi: <\/strong>gratuito ad invito<\/li><li><strong><a href=\"https:\/\/www.ttgexpo.it\/\" target=\"_blank\" rel=\"noreferrer noopener\" aria-label=\"Sito web (si apre in una nuova scheda)\">Sito web<\/a><a href=\"https:\/\/www.ttgexpo.it\/\">\ufeff<\/a><\/strong><\/li><\/ul>\n\n\n\n<p>TTG Travel Experience \u00e8 la manifestazione per la promozione del <strong>turismo<\/strong> mondiale in Italia e per la commercializzazione dell\u2019offerta turistica italiana nel mondo.<\/p>\n\n\n\n<h2><span class=\"ez-toc-section\" id=\"Alta_Quota\"><\/span>Alta Quota<span class=\"ez-toc-section-end\"><\/span><\/h2>\n\n\n\n<ul><li><strong>Quando:&nbsp;<\/strong>dall&#8217;11 al 13 ottobre 2019<\/li><li><strong>Dove: <\/strong> Fiera Bergamo<\/li><li><strong>Tipologia<\/strong>: B2C<\/li><li><strong>Frequenza<\/strong>: Annuale<\/li><li><strong>Orari: <\/strong>Venerd\u00ec dalle 15:00 alle 22:00; sabato e domenica dalle 10:00 alle 20:00.<\/li><li><strong>Prezzi: <\/strong>gratuito<\/li><li> <strong><a href=\"https:\/\/www.alta-quota.it\/\" target=\"_blank\" rel=\"noreferrer noopener\" aria-label=\" (si apre in una nuova scheda)\">Sito web<\/a><\/strong> <\/li><\/ul>\n\n\n\n<p><strong>Alta Quota<\/strong> \u00e8 una manifestazione fieristica che si occupa di promuovere tutte le novit\u00e0 del <strong>turismo di montagna<\/strong>  e degli <strong>sport outdoor<\/strong>.<\/p>\n\n\n\n<h2><span class=\"ez-toc-section\" id=\"Padova_Sposi\"><\/span>Padova Sposi<span class=\"ez-toc-section-end\"><\/span><\/h2>\n\n\n\n<ul><li><strong>Quando:&nbsp;<\/strong>dal 12 ottobre 2019  al 13 ottobre 2019. <\/li><li><strong>Dove: <\/strong> Fiera di Padova <\/li><li><strong>Tipologia<\/strong>: B2C<\/li><li><strong>Frequenza<\/strong>: Annuale<\/li><li><strong>Orario: <\/strong>sabato e domenica dalle ore 10:00 alle ore 19:00<\/li><li><strong>Prezzi:<\/strong> Ingresso gratuito<\/li><li><a rel=\"noreferrer noopener\" aria-label=\" Sito web  (si apre in una nuova scheda)\" href=\"https:\/\/www.sposipersempre.it\/fiere-sposi\/fiere-sposi-veneto\/padova-sposi-autunno.html\" target=\"_blank\"> <\/a><strong><a rel=\"noreferrer noopener\" aria-label=\" Sito web  (si apre in una nuova scheda)\" href=\"https:\/\/www.sposipersempre.it\/fiere-sposi\/fiere-sposi-veneto\/padova-sposi-autunno.html\" target=\"_blank\">Sito web<\/a><\/strong><\/li><\/ul>\n\n\n\n<p><strong>Padova Sposi<\/strong> \u00e8 una fiera dedicata alla promozione delle attivit\u00e0 legate al<strong> mondo dei matrimoni<\/strong>. <\/p>\n\n\n\n<h2><span class=\"ez-toc-section\" id=\"ArtVerona\"><\/span>ArtVerona<span class=\"ez-toc-section-end\"><\/span><\/h2>\n\n\n\n<ul><li><strong>Quando: <\/strong>Dall&#8217;11 al 14 ottobre 2019 <\/li><li><strong>Dove: <\/strong> Verona Fiere<\/li><li><strong>Tipologia<\/strong>: B2B 2<\/li><li><strong>Frequenza<\/strong>: annuale <\/li><li><strong>Orario: <\/strong>non disponibile al momento<\/li><li><strong>Prezzi: <\/strong>intero giornaliero 15 \u20ac; Ridotto giornaliero 10\u20ac.<\/li><li><strong><a rel=\"noreferrer noopener\" aria-label=\"Sito Web  (si apre in una nuova scheda)\" href=\"https:\/\/www.artverona.it\/manifestazione\/\" target=\"_blank\">Sito Web <\/a><\/strong><\/li><\/ul>\n\n\n\n<p><strong>ArtVerona<\/strong>: manifestazione fieristica che si occupa di promuovere eventi nell&#8217;ambito<strong> dell&#8217;arte contemporanea.<\/strong> Strutturata in due padiglioni, <strong>ArtVerona<\/strong> promuove attivit\u00e0 artistiche dal periodo di riferimento del <strong>dopoguerra<\/strong> fino ai <strong>giorni nostri.<\/strong><\/p>\n","protected":false},"excerpt":{"rendered":"<p>Eccoci all&#8217;appuntamento con le fiere italiane dal 07\/10\/19 al 13\/10\/19 in Italia.&nbsp;Qui troverete tutte le informazioni fondamentali per le Fiere Italiane. MAIN EVENTS Miac Quando:\u00a0dal 9 al 11 ottobre 2019<\/p>\n","protected":false},"author":68,"featured_media":1352,"comment_status":"closed","ping_status":"closed","sticky":false,"template":"","format":"standard","meta":[],"categories":[1],"tags":[],"yst_prominent_words":[15593,15587,15596,15590,15481,15594,15588,15597,15582,310,15595,15589,15599,15592,15598,15591,15424,15600,3671,411],"_links":{"self":[{"href":"https:\/\/www.eventi-fiere.it\/blog\/wp-json\/wp\/v2\/posts\/12712"}],"collection":[{"href":"https:\/\/www.eventi-fiere.it\/blog\/wp-json\/wp\/v2\/posts"}],"about":[{"href":"https:\/\/www.eventi-fiere.it\/blog\/wp-json\/wp\/v2\/types\/post"}],"author":[{"embeddable":true,"href":"https:\/\/www.eventi-fiere.it\/blog\/wp-json\/wp\/v2\/users\/68"}],"replies":[{"embeddable":true,"href":"https:\/\/www.eventi-fiere.it\/blog\/wp-json\/wp\/v2\/comments?post=12712"}],"version-history":[{"count":14,"href":"https:\/\/www.eventi-fiere.it\/blog\/wp-json\/wp\/v2\/posts\/12712\/revisions"}],"predecessor-version":[{"id":13269,"href":"https:\/\/www.eventi-fiere.it\/blog\/wp-json\/wp\/v2\/posts\/12712\/revisions\/13269"}],"wp:featuredmedia":[{"embeddable":true,"href":"https:\/\/www.eventi-fiere.it\/blog\/wp-json\/wp\/v2\/media\/1352"}],"wp:attachment":[{"href":"https:\/\/www.eventi-fiere.it\/blog\/wp-json\/wp\/v2\/media?parent=12712"}],"wp:term":[{"taxonomy":"category","embeddable":true,"href":"https:\/\/www.eventi-fiere.it\/blog\/wp-json\/wp\/v2\/categories?post=12712"},{"taxonomy":"post_tag","embeddable":true,"href":"https:\/\/www.eventi-fiere.it\/blog\/wp-json\/wp\/v2\/tags?post=12712"},{"taxonomy":"yst_prominent_words","embeddable":true,"href":"https:\/\/www.eventi-fiere.it\/blog\/wp-json\/wp\/v2\/yst_prominent_words?post=12712"}],"curies":[{"name":"wp","href":"https:\/\/api.w.org\/{rel}","templated":true}]}}