{"id":1182,"date":"2018-03-25T10:19:27","date_gmt":"2018-03-25T08:19:27","guid":{"rendered":"https:\/\/www.eventi-fiere.it\/blog\/?p=1182"},"modified":"2018-06-14T18:11:04","modified_gmt":"2018-06-14T16:11:04","slug":"andare-in-fiera-noleggio-auto-con-conducente","status":"publish","type":"post","link":"https:\/\/www.eventi-fiere.it\/blog\/andare-in-fiera-noleggio-auto-con-conducente\/","title":{"rendered":"Come andare in fiera: utilizza il noleggio auto con conducente"},"content":{"rendered":"<p>Un noleggio auto con conducente, perch\u00e9 me lo consigli oh mastro? Perch\u00e9 <strong>Bologna \u00e8 un punto di riferimento per quanto riguarda le fiere<\/strong>, che spaziano dall\u2019architettura al design, dalla bellezza all\u2019alimentazione, dal\u2019\u2019agricoltura ai motori. Diverse migliaia di persone in quei giorni si riversano nella citt\u00e0, <strong>rendendola frizzante e stimolante ma anche caotica e parecchio trafficata<\/strong>.<\/p>\n<p>Per chi viene da fuori pu\u00f2 essere in effetti non molto semplice capire come muoversi in queste situazioni, sia arrivando singolarmente sia organizzandosi in gruppo.<\/p>\n<h2>Quale suggerimento ci proponi oh mastro?<\/h2>\n<p>Sia per l\u2019uno che per l\u2019altro scenario vi \u00e8 <strong>una soluzione molto comoda e agevole<\/strong>: noleggio auto con conducente fino a 4 persone, con navette e bus per i gruppi pi\u00f9 nutriti. Ci avevate pensato, s\u00ec o no?<\/p>\n<p>Secondo me la maggior parte di voi s\u00ec, ma si sar\u00e0 subito scoraggiato per <strong>il discorso del prezzo<\/strong>. L\u2019idea materializzata sar\u00e0: gi\u00e0 spendo per il biglietto aereo, per l\u2019albergo, per il biglietto d\u2019ingresso, il cibo, devo anche aggiungerci questo costo aggiuntivo?<\/p>\n<p>Verissimo ma <strong>ti farei riflettere su queste osservazioni<\/strong> che ti metto sul piatto:<\/p>\n<p><strong>Comodit\u00e0:<\/strong> \u00e8 un principio che ha sempre pi\u00f9 valore nella nostra societ\u00e0. Avrai gi\u00e0 molto a cui pensare, come muoverti all\u2019interno della fiera, chi contattare, come contattare; alla fine si va per fare business! Mettersi anche a valutare quale autobus di linea prendere, con bagli e stanchezza accumulata, ma <strong>ne vale davvero la pena<\/strong>? Utilizza <strong>un noleggio auto con conducente, elimina questo stress inutile!<\/strong><\/p>\n<p><strong>Tempo<\/strong>: come ti accennavo all\u2019inizio dell\u2019articolo, la citt\u00e0 in quei giorni si riempie, quindi traffico, strade ingolfate, zero parcheggio. Con un noleggio auto con conducente oppure noleggio di autobus non cancellerai il caos ma almeno potrai <strong>sfruttare quel tempo per impiegarlo in altre attivit\u00e0 pi\u00f9 importanti<\/strong>. Senza contare che questi veicoli hanno la <strong>possibilit\u00e0 di percorrere le zone a traffico limitato (ZTL)<\/strong>.<\/p>\n<p><strong>Prezzo<\/strong>: ma <strong>sei davvero sicuro che costi cos\u00ec tanto?<\/strong> Ti invito caldamente a richiedere qualche preventivo, secondo me ne rimarrai sorpreso! E poi diciamolo tranquillamente: <strong>non sar\u00e0 sicuramente il prezzo di un noleggio auto con conducente a cambiarti la vita<\/strong> in termini economici, ma certamente annullerai ansie e nervosismo!<\/p>\n<h2>Hai ora un po\u2019 pi\u00f9 di informazioni su come affrontare il trasporto nel tessuto urbano bolognese? S\u00ec? Bene!<\/h2>\n<p>A proposito, ne approfitto per darti un ulteriore consiglio: con il noleggio auto con conducente <strong>puoi sfruttare l\u2019occasione per poter visitare le altre attrattive del centro felsineo.<\/strong> Qui puoi trovare vari spunti interessanti di cosa guardare e dove recarti:<\/p>\n<p><a href=\"https:\/\/www.eventi-fiere.it\/blog\/migliori-ristoranti-a-bologna\/\" target=\"_blank\" rel=\"noopener\">I migliori ristoranti a Bologna<\/a><\/p>\n<p><a href=\"https:\/\/www.eventi-fiere.it\/blog\/stasera-a-bologna\/\" target=\"_blank\" rel=\"noopener\">Cosa fare a Bologna<\/a><\/p>\n<p><a href=\"https:\/\/www.eventi-fiere.it\/blog\/cosa-vedere-a-bologna-durante-un-viaggio-lavoro\/\" target=\"_blank\" rel=\"noopener\">Cosa vedere a Bologna<\/a><\/p>\n<p><a href=\"https:\/\/www.eventi-fiere.it\/blog\/stasera-a-bologna\/\" target=\"_blank\" rel=\"noopener\">La sera a Bologna<\/a><\/p>\n<p>Come avrai visto dai nostri suggerimenti sopra, la nostra metropoli <strong>ha veramente tanto da offrire e far conoscere<\/strong>, dal cibo e vino alle chiese, dalla zona universitaria alle prestigiose piazze. Alla fine Bologna la dotta, la grassa, la rossa mica per nulla!<\/p>\n<p>Condividi questo articolo e alla prossima!<\/p>\n","protected":false},"excerpt":{"rendered":"<p>Un noleggio auto con conducente, perch\u00e9 me lo consigli oh mastro? Perch\u00e9 Bologna \u00e8 un punto di riferimento per quanto riguarda le fiere, che spaziano dall\u2019architettura al design, dalla bellezza<\/p>\n","protected":false},"author":8,"featured_media":1192,"comment_status":"closed","ping_status":"closed","sticky":false,"template":"","format":"standard","meta":[],"categories":[44,1,113],"tags":[],"yst_prominent_words":[713,710,721,639,715,719,718,714,720,522,717,712,711,709,716,723,595,722],"_links":{"self":[{"href":"https:\/\/www.eventi-fiere.it\/blog\/wp-json\/wp\/v2\/posts\/1182"}],"collection":[{"href":"https:\/\/www.eventi-fiere.it\/blog\/wp-json\/wp\/v2\/posts"}],"about":[{"href":"https:\/\/www.eventi-fiere.it\/blog\/wp-json\/wp\/v2\/types\/post"}],"author":[{"embeddable":true,"href":"https:\/\/www.eventi-fiere.it\/blog\/wp-json\/wp\/v2\/users\/8"}],"replies":[{"embeddable":true,"href":"https:\/\/www.eventi-fiere.it\/blog\/wp-json\/wp\/v2\/comments?post=1182"}],"version-history":[{"count":21,"href":"https:\/\/www.eventi-fiere.it\/blog\/wp-json\/wp\/v2\/posts\/1182\/revisions"}],"predecessor-version":[{"id":1214,"href":"https:\/\/www.eventi-fiere.it\/blog\/wp-json\/wp\/v2\/posts\/1182\/revisions\/1214"}],"wp:featuredmedia":[{"embeddable":true,"href":"https:\/\/www.eventi-fiere.it\/blog\/wp-json\/wp\/v2\/media\/1192"}],"wp:attachment":[{"href":"https:\/\/www.eventi-fiere.it\/blog\/wp-json\/wp\/v2\/media?parent=1182"}],"wp:term":[{"taxonomy":"category","embeddable":true,"href":"https:\/\/www.eventi-fiere.it\/blog\/wp-json\/wp\/v2\/categories?post=1182"},{"taxonomy":"post_tag","embeddable":true,"href":"https:\/\/www.eventi-fiere.it\/blog\/wp-json\/wp\/v2\/tags?post=1182"},{"taxonomy":"yst_prominent_words","embeddable":true,"href":"https:\/\/www.eventi-fiere.it\/blog\/wp-json\/wp\/v2\/yst_prominent_words?post=1182"}],"curies":[{"name":"wp","href":"https:\/\/api.w.org\/{rel}","templated":true}]}}