{"id":1180,"date":"2019-03-08T17:31:22","date_gmt":"2019-03-08T16:31:22","guid":{"rendered":"https:\/\/www.eventi-fiere.it\/blog\/?p=1180"},"modified":"2020-01-28T12:28:40","modified_gmt":"2020-01-28T11:28:40","slug":"come-pubblicizzare-il-tuo-evento-sui-social","status":"publish","type":"post","link":"https:\/\/www.eventi-fiere.it\/blog\/come-pubblicizzare-il-tuo-evento-sui-social\/","title":{"rendered":"Come pubblicizzare il tuo evento sui social"},"content":{"rendered":"<p><strong>Social media marketing.\u00a0<\/strong>Se ne sente parlare sempre di pi\u00f9, ma siamo sicuri di sapere cosa sia e perch\u00e9 pu\u00f2 essere prezioso per promuovere un evento?<\/p>\n<p>Fare social media marketing significa promuovere o vendere un evento utilizzando le pi\u00f9 famose piattaforme social esistenti. <strong>Facebook, Instagram, Google+, YouTube<\/strong>&#8230;per citare alcune tra le pi\u00f9 note.\u00a0 Queste ovviamente possono essere utilizzate singolarmente o combinate tra loro per aumentarne il potenziale.<\/p>\n<p>Per una riuscita ancora pi\u00f9 ottimale, <strong>la promozione dell&#8217;evento deve essere continua e va curata prima, durante e dopo l&#8217;evento. Ma vediamo pi\u00f9 in dettaglio come.<\/strong><\/p>\n<h2><span class=\"ez-toc-section\" id=\"Social_Media_Marketing_prima_dellevento\"><\/span>Social Media Marketing prima dell&#8217;evento<span class=\"ez-toc-section-end\"><\/span><\/h2><div id=\"ez-toc-container\" class=\"ez-toc-v2_0_27 ez-toc-wrap-right counter-hierarchy\">\n<div class=\"ez-toc-title-container\">\n<p class=\"ez-toc-title\">Contenuti<\/p>\n<span class=\"ez-toc-title-toggle\"><\/span><\/div>\n<nav><ul class=\"ez-toc-list ez-toc-list-level-1\"><li class=\"ez-toc-page-1 ez-toc-heading-level-2\"><a class=\"ez-toc-link ez-toc-heading-1\" href=\"https:\/\/www.eventi-fiere.it\/blog\/come-pubblicizzare-il-tuo-evento-sui-social\/#Social_Media_Marketing_prima_dellevento\" title=\"Social Media Marketing prima dell&#8217;evento\">Social Media Marketing prima dell&#8217;evento<\/a><ul class=\"ez-toc-list-level-3\"><li class=\"ez-toc-heading-level-3\"><a class=\"ez-toc-link ez-toc-heading-2\" href=\"https:\/\/www.eventi-fiere.it\/blog\/come-pubblicizzare-il-tuo-evento-sui-social\/#Ma_adesso_basta%E2%80%A6\" title=\"Ma adesso basta&#8230;\">Ma adesso basta&#8230;<\/a><\/li><\/ul><\/li><li class=\"ez-toc-page-1 ez-toc-heading-level-2\"><a class=\"ez-toc-link ez-toc-heading-3\" href=\"https:\/\/www.eventi-fiere.it\/blog\/come-pubblicizzare-il-tuo-evento-sui-social\/#Social_media_marketing_durante_e_post_evento\" title=\"Social media marketing durante e post evento\">Social media marketing durante e post evento<\/a><\/li><\/ul><\/nav><\/div>\n\n<p><strong>Che tipo di evento state organizzando? Cosa volete ottenere?<\/strong> Una volta <strong>fissati gli obiettivi<\/strong>, si \u00e8 gi\u00e0 a buon punto.<\/p>\n<p>Successivamente occorre identificare il proprio target di riferimento. Per sapere esattamente a chi rivolgersi e con quale linguaggio, su quale social media e quando durante la giornata. <strong>Per questo \u00e8 importante conoscere il proprio target e le sue abitudini, per operare nei modi e nei tempi in cui le possibilit\u00e0 di raggiungerlo siano pi\u00f9 elevate.\u00a0<\/strong><\/p>\n<p>Fondamentale \u00e8 anche capire cosa desiderano e come si muovono i potenziali futuri partecipanti all&#8217;evento, per poter operare con il solo fine di soddisfarli.<\/p>\n<p>A questo punto \u00e8 importante capire una cosa: <strong>i social media non sono tutti uguali e non utilizzano tutti lo stesso linguaggio.<\/strong> Quelli che prediligerete saranno quelli nei quali il vostro target naviga, si muove e vive. Nell&#8217;accezione pi\u00f9 moderna del termine, inteso come <strong>vivere un spazio sociale virtuale.<\/strong> Che, nel bene o nel male, \u00e8 un ambito della vita quotidiana che oggigiorno si rivela tutt&#8217;altro che trascurabile.<\/p>\n<p class=\"p1\"><span class=\"s1\">Inoltre, ogni social usa modalit\u00e0 di comunicazione diverse, di conseguenza il vostro modo di comunicare dovr\u00e0 adattarsi allo specifico canale.<\/span><\/p>\n<p>Per aumentare la propria visibilit\u00e0, \u00e8 indispensabile <strong>creare delle campagne a pagamento.<\/strong> In questo modo, <strong>la cifra che deciderete di investire sar\u00e0 impiegata per raggiungere esattamente il segmento di target che vi interessa.<\/strong><\/p>\n<h3><span class=\"ez-toc-section\" id=\"Ma_adesso_basta%E2%80%A6\"><\/span>Ma adesso basta&#8230;<span class=\"ez-toc-section-end\"><\/span><\/h3>\n<p>Noi del mondo degli eventi e delle fiere quando si tratta di Social Media Marketing ci facciamo sempre prendere un po&#8217; troppo la mano. Quel che \u00e8 importante in questo momento \u00e8 capire <strong>quali strategie mettere in atto per un evento di successo.<\/strong> Che comunque non sarebbe stato possibile senza questo (ok s\u00ec, un po&#8217; lungo) preambolo.<\/p>\n<p>Partendo circa un mese prima dell&#8217;evento, iniziate a <strong>creare contenuti di valore\u00a0<\/strong>che contribuiscano a suscitare interesse e curiosit\u00e0 in coloro a cui vi rivolgete. Man mano che si avvicina la data, siate sempre pi\u00f9 attivi e presenti. <strong>Organizzate un contest<\/strong> se vi \u00e8 possibile, <strong>lanciate l&#8217;hashtag ufficiale dell&#8217;evento.<\/strong> S\u00ec, quello che sar\u00e0 utilizzato per distinguere ogni post, foto, video che vi riguarda. Cercate incessantemente di creare un&#8217;atmosfera in cui i partecipanti si sentano coinvolti.<\/p>\n<h2><span class=\"ez-toc-section\" id=\"Social_media_marketing_durante_e_post_evento\"><\/span>Social media marketing durante e post evento<span class=\"ez-toc-section-end\"><\/span><\/h2>\n<p>Cosa implica?! Beh, innanzitutto \u00e8 importante <strong>eleggere uno o pi\u00f9 collaboratori<\/strong> che durante l&#8217;intero evento mantengano viva la &#8220;vita social&#8221; e, tramite l&#8217;uso degli hashtag, lo commentino e continuino a farlo conoscere al pubblico di riferimento. Continuando a invitare chi ancora non vi avesse preso parte per non farsi perdere, ad esempio, l&#8217;ultimo discorso del presidente.<\/p>\n<p>E <strong>post evento<\/strong>?! Lo so che vi state chiedendo cos&#8217;altro potrete fare. <strong>Pochi, ma ultimi fondamentali passi.<\/strong> Pubblicate un post di ringraziamento e le foto, quelle in alta definizione, per riassumere come si \u00e8 svolto l&#8217;open day o il meeting aziendale in pochi scatti di valore.<\/p>\n<p>Ultima cosa, <strong>non sparite!<\/strong> Non esiste errore peggiore che interrompere la comunicazione con il proprio target, che nel frattempo avr\u00e0 sviluppato fiducia nei vostri confronti e l&#8217;interesse a continuare a seguirvi.<\/p>\n<p>S\u00ec, lo so. <strong>Tra il dire e il fare c&#8217;\u00e8 di mezzo il mare. E in questo caso la consapevolezza che occorrono certe competenze tecniche che voi potreste non avere.<\/strong> Ma non spaventatevi, affidarsi ad un\u00a0<a href=\"https:\/\/www.eventi-fiere.it\/servizi\/agenzie-di-web-marketing\/\" target=\"_blank\" rel=\"noopener noreferrer\"><strong>consulente in web marketing<\/strong><\/a>\u00a0vi spianer\u00e0 la strada.<\/p>\n<p>Quindi cosa state aspettando?<\/p>\n<p><strong>Condividete questo articolo<\/strong> e correte subito a cercarla!<\/p>\n<p>A presto e buona organizzazione a tutti voi.<\/p>\n","protected":false},"excerpt":{"rendered":"<p>Social media marketing.\u00a0Se ne sente parlare sempre di pi\u00f9, ma siamo sicuri di sapere cosa sia e perch\u00e9 pu\u00f2 essere prezioso per promuovere un evento? Fare social media marketing significa<\/p>\n","protected":false},"author":5,"featured_media":10308,"comment_status":"closed","ping_status":"closed","sticky":false,"template":"","format":"standard","meta":[],"categories":[81,13,132],"tags":[59,215,2099],"yst_prominent_words":[535,557,505,495,280,425,3257,511,534,4151,9984,841,5586,572,5603,689,533,532,4145,556],"_links":{"self":[{"href":"https:\/\/www.eventi-fiere.it\/blog\/wp-json\/wp\/v2\/posts\/1180"}],"collection":[{"href":"https:\/\/www.eventi-fiere.it\/blog\/wp-json\/wp\/v2\/posts"}],"about":[{"href":"https:\/\/www.eventi-fiere.it\/blog\/wp-json\/wp\/v2\/types\/post"}],"author":[{"embeddable":true,"href":"https:\/\/www.eventi-fiere.it\/blog\/wp-json\/wp\/v2\/users\/5"}],"replies":[{"embeddable":true,"href":"https:\/\/www.eventi-fiere.it\/blog\/wp-json\/wp\/v2\/comments?post=1180"}],"version-history":[{"count":9,"href":"https:\/\/www.eventi-fiere.it\/blog\/wp-json\/wp\/v2\/posts\/1180\/revisions"}],"predecessor-version":[{"id":14647,"href":"https:\/\/www.eventi-fiere.it\/blog\/wp-json\/wp\/v2\/posts\/1180\/revisions\/14647"}],"wp:featuredmedia":[{"embeddable":true,"href":"https:\/\/www.eventi-fiere.it\/blog\/wp-json\/wp\/v2\/media\/10308"}],"wp:attachment":[{"href":"https:\/\/www.eventi-fiere.it\/blog\/wp-json\/wp\/v2\/media?parent=1180"}],"wp:term":[{"taxonomy":"category","embeddable":true,"href":"https:\/\/www.eventi-fiere.it\/blog\/wp-json\/wp\/v2\/categories?post=1180"},{"taxonomy":"post_tag","embeddable":true,"href":"https:\/\/www.eventi-fiere.it\/blog\/wp-json\/wp\/v2\/tags?post=1180"},{"taxonomy":"yst_prominent_words","embeddable":true,"href":"https:\/\/www.eventi-fiere.it\/blog\/wp-json\/wp\/v2\/yst_prominent_words?post=1180"}],"curies":[{"name":"wp","href":"https:\/\/api.w.org\/{rel}","templated":true}]}}