{"id":10880,"date":"2019-08-06T17:32:17","date_gmt":"2019-08-06T15:32:17","guid":{"rendered":"https:\/\/www.eventi-fiere.it\/blog\/?p=10880"},"modified":"2019-08-08T09:46:31","modified_gmt":"2019-08-08T07:46:31","slug":"calendario-fiere-in-italia-dal-16-09-2019-al-22-09-2019","status":"publish","type":"post","link":"https:\/\/www.eventi-fiere.it\/blog\/calendario-fiere-in-italia-dal-16-09-2019-al-22-09-2019\/","title":{"rendered":"Calendario Fiere in Italia dal 16\/09\/2019 al 22\/09\/2019"},"content":{"rendered":"\n<p>Eccoci arrivati all&#8217;appuntamento delle<strong> fiere che si svolgeranno in Italia dal 16\/09\/2019 al 22\/09\/2019<\/strong>. Di seguito ti forniremo una lista completa con tutti i dettagli di ognuna delle fiere.<\/p>\n\n\n\n<h2><span class=\"ez-toc-section\" id=\"Main_Events\"><\/span>Main Events <span class=\"ez-toc-section-end\"><\/span><\/h2><div id=\"ez-toc-container\" class=\"ez-toc-v2_0_27 ez-toc-wrap-right counter-hierarchy\">\n<div class=\"ez-toc-title-container\">\n<p class=\"ez-toc-title\">Contenuti<\/p>\n<span class=\"ez-toc-title-toggle\"><\/span><\/div>\n<nav><ul class=\"ez-toc-list ez-toc-list-level-1\"><li class=\"ez-toc-page-1 ez-toc-heading-level-2\"><a class=\"ez-toc-link ez-toc-heading-1\" href=\"https:\/\/www.eventi-fiere.it\/blog\/calendario-fiere-in-italia-dal-16-09-2019-al-22-09-2019\/#Main_Events\" title=\"Main Events \">Main Events <\/a><ul class=\"ez-toc-list-level-3\"><li class=\"ez-toc-heading-level-3\"><a class=\"ez-toc-link ez-toc-heading-2\" href=\"https:\/\/www.eventi-fiere.it\/blog\/calendario-fiere-in-italia-dal-16-09-2019-al-22-09-2019\/#Flomart_2019\" title=\"Flomart 2019\">Flomart 2019<\/a><\/li><li class=\"ez-toc-page-1 ez-toc-heading-level-3\"><a class=\"ez-toc-link ez-toc-heading-3\" href=\"https:\/\/www.eventi-fiere.it\/blog\/calendario-fiere-in-italia-dal-16-09-2019-al-22-09-2019\/#MIPAP\" title=\"MIPAP\">MIPAP<\/a><\/li><li class=\"ez-toc-page-1 ez-toc-heading-level-3\"><a class=\"ez-toc-link ez-toc-heading-4\" href=\"https:\/\/www.eventi-fiere.it\/blog\/calendario-fiere-in-italia-dal-16-09-2019-al-22-09-2019\/#Salone_Nautico_Internazionale\" title=\"Salone Nautico Internazionale\">Salone Nautico Internazionale<\/a><\/li><li class=\"ez-toc-page-1 ez-toc-heading-level-3\"><a class=\"ez-toc-link ez-toc-heading-5\" href=\"https:\/\/www.eventi-fiere.it\/blog\/calendario-fiere-in-italia-dal-16-09-2019-al-22-09-2019\/#Super_14\" title=\"Super 14\">Super 14<\/a><\/li><\/ul><\/li><li class=\"ez-toc-page-1 ez-toc-heading-level-2\"><a class=\"ez-toc-link ez-toc-heading-6\" href=\"https:\/\/www.eventi-fiere.it\/blog\/calendario-fiere-in-italia-dal-16-09-2019-al-22-09-2019\/#Altre_Fiere\" title=\"Altre Fiere\">Altre Fiere<\/a><ul class=\"ez-toc-list-level-3\"><li class=\"ez-toc-heading-level-3\"><a class=\"ez-toc-link ez-toc-heading-7\" href=\"https:\/\/www.eventi-fiere.it\/blog\/calendario-fiere-in-italia-dal-16-09-2019-al-22-09-2019\/#RemTechExpo\" title=\"RemTechExpo\">RemTechExpo<\/a><\/li><li class=\"ez-toc-page-1 ez-toc-heading-level-3\"><a class=\"ez-toc-link ez-toc-heading-8\" href=\"https:\/\/www.eventi-fiere.it\/blog\/calendario-fiere-in-italia-dal-16-09-2019-al-22-09-2019\/#Modena_Motor_Gallery\" title=\"Modena Motor Gallery\">Modena Motor Gallery<\/a><\/li><li class=\"ez-toc-page-1 ez-toc-heading-level-3\"><a class=\"ez-toc-link ez-toc-heading-9\" href=\"https:\/\/www.eventi-fiere.it\/blog\/calendario-fiere-in-italia-dal-16-09-2019-al-22-09-2019\/#Il_Salone_del_Camper\" title=\"Il Salone del Camper\">Il Salone del Camper<\/a><\/li><li class=\"ez-toc-page-1 ez-toc-heading-level-3\"><a class=\"ez-toc-link ez-toc-heading-10\" href=\"https:\/\/www.eventi-fiere.it\/blog\/calendario-fiere-in-italia-dal-16-09-2019-al-22-09-2019\/#Coiltech\" title=\"Coiltech\">Coiltech<\/a><\/li><\/ul><\/li><\/ul><\/nav><\/div>\n\n\n\n\n<h3><span class=\"ez-toc-section\" id=\"Flomart_2019\"><\/span><a href=\"https:\/\/flormart.it\/it-IT\/visit#orari\" target=\"_blank\" rel=\"noreferrer noopener\" aria-label=\" (si apre in una nuova scheda)\">Flomart 2019<\/a><span class=\"ez-toc-section-end\"><\/span><\/h3>\n\n\n\n<p>Flomart il salone del verde \u00e8 giunto alle sua 70^ edizione. \u00c8 la fiera internazionale del Florovivaismo, che propone eventi innovativi per orientare il comparto alla biodiversit\u00e0. I temi principali affrontati sono vivaismo e floricoltura, tecnologie  e prodotti tecnici, green innovazione e architettura e progettazione sostenibile. <\/p>\n\n\n\n<ul><li>Data: 26-27-28\/09\/2019<\/li><li>Dove: Via N. Tommaso 59, Padova <\/li><li>Orario: 9:00 &#8211; 18:00<\/li><li>Altre info: <a aria-label=\"Flomart 2019 (si apre in una nuova scheda)\" href=\"https:\/\/flormart.it\/it-IT\/visit#orari\" target=\"_blank\" rel=\"noreferrer noopener\">Flomart 2019<\/a><\/li><\/ul>\n\n\n\n<h3><span class=\"ez-toc-section\" id=\"MIPAP\"><\/span><a href=\"http:\/\/www.theonemilano.com\/it\/\" target=\"_blank\" rel=\"noreferrer noopener\" aria-label=\" (si apre in una nuova scheda)\">MIPAP<\/a><span class=\"ez-toc-section-end\"><\/span><\/h3>\n\n\n\n<p>Mipap, il salone pr\u00eat-\u00e0-porter il salone organizzato da Fiera Milano, \u00e8 una delle prime fiere delle moda di Milano, nata nel 1980. Prevede una scelta espositiva di marchi affermati ed emergenti per donna con una forte componente Made in Italy.<\/p>\n\n\n\n<ul><li>Data: dal 20\/09\/2019 al 23\/09\/2019<\/li><li>Dove: Fiera Milano City, Viale Lodovico Scarampo<\/li><li>Orario: 20-21-22\/09\/2019 dalle 9:30 alle 18:30, 23\/09\/2019 dalle 9:30 alle 17:30<\/li><li><\/li><li>Altre info: <a aria-label=\"Mipap 2019 (si apre in una nuova scheda)\" href=\"http:\/\/www.theonemilano.com\/it\/\" target=\"_blank\" rel=\"noreferrer noopener\">Mipap 2019<\/a><\/li><\/ul>\n\n\n\n<h3><span class=\"ez-toc-section\" id=\"Salone_Nautico_Internazionale\"><\/span><a aria-label=\" (si apre in una nuova scheda)\" href=\"https:\/\/www.eventi-fiere.it\/fiere\/salone-nautico-internazionale\/\" target=\"_blank\" rel=\"noreferrer noopener\">Salone Nautico Internazionale<\/a><span class=\"ez-toc-section-end\"><\/span><\/h3>\n\n\n\n<p>Il pi\u00f9 grande salone del Mediterraneo, accoglie tutti gli appassionati offrendo un&#8217;offerta molto ampia. Il salone si divide in quattro aree tematiche: componentistica e accessori, salone della vela, un salone del mondo dei fuori bordo e un salone con la Yatch e Superyacht area. Inoltre offre sei giorni di &#8220;Sea Experience&#8221; durante i quali puoi provare in mare aperto le ultime novit\u00e0 o farti coinvolgere dai corsi organizzati di canottaggio, nuoto, canoa e windsurf.<\/p>\n\n\n\n<ul><li>Data: dal 19\/09\/2019 al 24\/09\/2019<\/li><li>Dove: Piazzale Kennedy 1, Genova<\/li><li>Orario: dalle 10:00 alle 18:30<\/li><li>Biglietti: \u20ac15,00 biglietto intero<\/li><li>Altre info: <a aria-label=\" (si apre in una nuova scheda)\" rel=\"noreferrer noopener\" href=\"https:\/\/www.eventi-fiere.it\/fiere\/salone-nautico-internazionale\/\" target=\"_blank\">Salone Internazionale Nautico 2019<\/a><\/li><\/ul>\n\n\n\n<h3><span class=\"ez-toc-section\" id=\"Super_14\"><\/span><a href=\"http:\/\/www.pittimmagine.com\/corporate\/fairs\/super.html\" target=\"_blank\" rel=\"noreferrer noopener\" aria-label=\" (si apre in una nuova scheda)\">Super 14<\/a><span class=\"ez-toc-section-end\"><\/span><\/h3>\n\n\n\n<p>Super 14 \u00e8 il progetto creato da Pitti Immagine dedicato agli accessori  pr\u00eat-\u00e0-porter donna, che lavora sui nuovi mondi degli accessori, promuovendo i giovani fashion designer italiani, i nuovi talenti esteri.<\/p>\n\n\n\n<ul><li>Data: dal 20\/09\/2019 al 23\/09\/2019<\/li><li>Dove: Padiglione Visconti, Via Tortona 58, Milano<\/li><li>Orario: tutti i giorni dalle 9:30 alle 18:30, 23\/09 dalle 9:30 alle 17:30<\/li><li>Altre info: <a aria-label=\"Super 2019 (si apre in una nuova scheda)\" href=\"http:\/\/www.pittimmagine.com\/corporate\/fairs\/super.html\" target=\"_blank\" rel=\"noreferrer noopener\">Super 2019<\/a><\/li><\/ul>\n\n\n\n<h2><span class=\"ez-toc-section\" id=\"Altre_Fiere\"><\/span>Altre Fiere<span class=\"ez-toc-section-end\"><\/span><\/h2>\n\n\n\n<h3><span class=\"ez-toc-section\" id=\"RemTechExpo\"><\/span><a href=\"https:\/\/www.eventi-fiere.it\/fiere\/remtech-expo\/\" target=\"_blank\" rel=\"noreferrer noopener\" aria-label=\" (si apre in una nuova scheda)\">RemTechExpo<\/a><span class=\"ez-toc-section-end\"><\/span><\/h3>\n\n\n\n<p>RemTechExpo \u00e8 l&#8217;unico evento internazionale incentrato sulle tutela dell&#8217;ambiente, dei siti contaminati, e si occupa della sicurezza, manutenzione, riqualificazione, rigenerazione del territorio e cambiamenti climatici.<\/p>\n\n\n\n<ul><li>Data: dal 18\/09\/2019 al 20\/09\/2019 <\/li><li>Dove: Via della Fiera 11, Ferrara<\/li><li>Orario: dalle 9:00 alle 18:30<\/li><li>Biglietti: gratuito con pre-registrazione, \u20ac15,00 biglietto intero<\/li><li>Altre info: <a aria-label=\"RemTeckExpo 2019 (si apre in una nuova scheda)\" href=\"https:\/\/www.eventi-fiere.it\/fiere\/remtech-expo\/\" target=\"_blank\" rel=\"noreferrer noopener\">RemTeckExpo 2019<\/a><\/li><\/ul>\n\n\n\n<h3><span class=\"ez-toc-section\" id=\"Modena_Motor_Gallery\"><\/span><a href=\"http:\/\/www.motorgallery.it\/1\/\" target=\"_blank\" rel=\"noreferrer noopener\" aria-label=\" (si apre in una nuova scheda)\">Modena Motor Gallery<\/a><span class=\"ez-toc-section-end\"><\/span><\/h3>\n\n\n\n<p>La settima edizione di Motor Gallery, la mostra-scambio di auto e moto d&#8217;epoca che ogni anno riunisce un sempre pi\u00f9 elevato numero di visitatori.<\/p>\n\n\n\n<ul><li>Data: dal 21\/09\/2019 al 22\/09\/2019<\/li><li>Dove: ModenaFiere, Viale Virgilio 70\/90, 41123 Modena<\/li><li>Orario: dalle 9:00 alle 18:00<\/li><li>Biglietti: intero \u20ac10,00 &#8211; ridotto \u20ac8,00 <\/li><li>Altre info: <a aria-label=\" (si apre in una nuova scheda)\" href=\"http:\/\/www.motorgallery.it\/1\/\" target=\"_blank\" rel=\"noreferrer noopener\">MotorGallery 2019<\/a><\/li><\/ul>\n\n\n\n<h3><span class=\"ez-toc-section\" id=\"Il_Salone_del_Camper\"><\/span><a aria-label=\"Il Salone del Camper (si apre in una nuova scheda)\" href=\"https:\/\/www.eventi-fiere.it\/fiere\/il-salone-del-camper\/\" target=\"_blank\" rel=\"noreferrer noopener\">Il Salone del Camper<\/a><span class=\"ez-toc-section-end\"><\/span><\/h3>\n\n\n\n<p>L&#8217;unica fiera dedicata al caravanning alla quale partecipano i principali produttori di veicoli ricreazionali.<\/p>\n\n\n\n<ul><li>Data: dal 14\/09\/2019 al 22\/09\/2019 <\/li><li>Dove: Viale delle Esposizioni 393\/A, Parma<\/li><li>Orario: dalle 9:30 alle 18:00<\/li><li>Biglietti: \u20ac8,00 feriali, \u20ac10,00 festivi<\/li><li>Altre info: <a aria-label=\"Il Salone del Camper  (si apre in una nuova scheda)\" href=\"https:\/\/www.eventi-fiere.it\/fiere\/il-salone-del-camper\/\" target=\"_blank\" rel=\"noreferrer noopener\">Il Salone del Camper 2019<\/a><\/li><\/ul>\n\n\n\n<h3><span class=\"ez-toc-section\" id=\"Coiltech\"><\/span><a href=\"https:\/\/www.eventi-fiere.it\/fiere\/coiltech\/\" target=\"_blank\" rel=\"noreferrer noopener\" aria-label=\" (si apre in una nuova scheda)\">Coiltech<\/a><span class=\"ez-toc-section-end\"><\/span><\/h3>\n\n\n\n<p>Colitech \u00e8 un&#8217;azienda specializzata nei materiali e nei macchinari per la produzione dei motori elettrici, di generatori, di trasformatori di potenza e distribuzione che si tiene a Pordenone. Riservata a tecnici e ad aziende consentendo agli operatori del settore di ammirare una vasta esposizione di novit\u00e0 e articoli in grado di soddisfare le proprie esigenze.<\/p>\n\n\n\n<ul><li>Data: dal 25\/09\/2019 al 26\/09\/2019<\/li><li>Dove: Pordenone Fiere S.p.A., viale Treviso 1, Pordenone PN<\/li><li>Orario: dalle 9:00 alle 18:00<\/li><li>Biglietti: gratuito<\/li><li>Altre info: <a aria-label=\" (si apre in una nuova scheda)\" href=\"https:\/\/www.eventi-fiere.it\/fiere\/coiltech\/\" target=\"_blank\" rel=\"noreferrer noopener\">Coiltech 2019<\/a><\/li><\/ul>\n","protected":false},"excerpt":{"rendered":"<p>Eccoci arrivati all&#8217;appuntamento delle fiere che si svolgeranno in Italia dal 16\/09\/2019 al 22\/09\/2019. Di seguito ti forniremo una lista completa con tutti i dettagli di ognuna delle fiere. Main<\/p>\n","protected":false},"author":50,"featured_media":1352,"comment_status":"closed","ping_status":"closed","sticky":false,"template":"","format":"standard","meta":[],"categories":[129,33],"tags":[1068,235,5357],"yst_prominent_words":[14145,14144,14150,8696,11701,14036,14026,2404,8746,1519,14148,14149,465,14017,14147,14060,12710,2597,2463,14068],"_links":{"self":[{"href":"https:\/\/www.eventi-fiere.it\/blog\/wp-json\/wp\/v2\/posts\/10880"}],"collection":[{"href":"https:\/\/www.eventi-fiere.it\/blog\/wp-json\/wp\/v2\/posts"}],"about":[{"href":"https:\/\/www.eventi-fiere.it\/blog\/wp-json\/wp\/v2\/types\/post"}],"author":[{"embeddable":true,"href":"https:\/\/www.eventi-fiere.it\/blog\/wp-json\/wp\/v2\/users\/50"}],"replies":[{"embeddable":true,"href":"https:\/\/www.eventi-fiere.it\/blog\/wp-json\/wp\/v2\/comments?post=10880"}],"version-history":[{"count":7,"href":"https:\/\/www.eventi-fiere.it\/blog\/wp-json\/wp\/v2\/posts\/10880\/revisions"}],"predecessor-version":[{"id":11089,"href":"https:\/\/www.eventi-fiere.it\/blog\/wp-json\/wp\/v2\/posts\/10880\/revisions\/11089"}],"wp:featuredmedia":[{"embeddable":true,"href":"https:\/\/www.eventi-fiere.it\/blog\/wp-json\/wp\/v2\/media\/1352"}],"wp:attachment":[{"href":"https:\/\/www.eventi-fiere.it\/blog\/wp-json\/wp\/v2\/media?parent=10880"}],"wp:term":[{"taxonomy":"category","embeddable":true,"href":"https:\/\/www.eventi-fiere.it\/blog\/wp-json\/wp\/v2\/categories?post=10880"},{"taxonomy":"post_tag","embeddable":true,"href":"https:\/\/www.eventi-fiere.it\/blog\/wp-json\/wp\/v2\/tags?post=10880"},{"taxonomy":"yst_prominent_words","embeddable":true,"href":"https:\/\/www.eventi-fiere.it\/blog\/wp-json\/wp\/v2\/yst_prominent_words?post=10880"}],"curies":[{"name":"wp","href":"https:\/\/api.w.org\/{rel}","templated":true}]}}